{"id":161719,"date":"2014-11-03T03:41:01","date_gmt":"2014-11-03T03:41:01","guid":{"rendered":"http:\/\/diariodominicano.ddns.net\/?p=161719"},"modified":"2014-11-03T03:41:01","modified_gmt":"2014-11-03T03:41:01","slug":"cesar-medina-revela-presidente-medina-llamo-a-dominguez-brito-por-coincidir-con-grupos","status":"publish","type":"post","link":"https:\/\/diariodominicano.com\/?p=161719","title":{"rendered":"C\u00e9sar Medina revela presidente Medina llam\u00f3 a Dom\u00ednguez Brito por coincidir con grupos"},"content":{"rendered":"<p><body><\/p>\n<p><img decoding=\"async\" src=\"img3\/Embajador Cesar Medina.jpg\" \/>  <\/p>\n<\/p>\n<p><strong><span class=\"text1noticias\">En un art\u00edculo titulado El juego de Dom\u00ednguez Brito, el comunicador afirma que \u00aba nadie enga\u00f1a el procurador general\u00bb, y dice que est\u00e1 claro que el jefe del Ministerio P\u00fablico en persona mueve los hilos para llevar a la c\u00e1rcel a los seguidores de Leonel, y si lo dejan, al propio Leonel.<\/span><\/strong><\/p>\n<\/p>\n<p><span class=\"text1noticias\">SANTO DOMINGO, RD, 2 de Octubre de 2014.- El periodista y reci\u00e9n designado embajador dominicano en Panam\u00e1, Cesar Medina, revel\u00f3 que el presidente Danilo Medina llam\u00f3 a cap\u00edtulo al Procurador General de la Rep\u00fablica, Francisco Dom\u00ednguez Brito, por coincidir con los grupos vocingleros que al principio de la administraci\u00f3n hab\u00edan tomado la calle contra el gobierno y el PLD\u00bb, advirti\u00e9ndole que se  trataba de una conspiraci\u00f3n que buscaba desestabilizar el orden p\u00fablico.<\/span><\/p>\n<\/p>\n<p><span class=\"text1noticias\">En un art\u00edculo titulado El juego de Dom\u00ednguez Brito, el comunicador afirma que \u00aba nadie enga\u00f1a el procurador general\u00bb, y dice que est\u00e1 claro que el jefe del Ministerio P\u00fablico en persona mueve los hilos para llevar a la c\u00e1rcel a los seguidores de Leonel, y si lo dejan, al propio Leonel.<\/span><\/p>\n<\/p>\n<p><span class=\"text1noticias\">\u00abHab\u00edan pasado apenas algunas semanas de la instalaci\u00f3n del nuevo gobierno cuando el flamante procurador general de la Rep\u00fablica produjo unas declaraciones avenidas a las acusaciones que ya empezaban a formul\u00e1rsele al saliente presidente Leonel Fern\u00e1ndez sobre el d\u00e9ficit fiscal del a\u00f1o precedente\u00bb apunta el periodista y diplom\u00e1tico.<\/span><\/p>\n<\/p>\n<p><span class=\"text1noticias\">Y agrega que \u00aba partir de entonces comenz\u00f3 el ruido callejero con la concentraci\u00f3n de peque\u00f1os grupos alrededor del parque La Lira de la Abraham Lincoln pidiendo que Fern\u00e1ndez fuera procesado, y en cada ocasi\u00f3n Dom\u00ednguez Brito mostraba inclinaci\u00f3n por ese populismo que conspiraba contra el presidente de su propio partido\u00bb.<\/span><\/p>\n<\/p>\n<p><span class=\"text1noticias\">\u00abPoco despu\u00e9s se filtr\u00f3 que el presidente Danilo Medina lo hab\u00eda llamado a cap\u00edtulo para reprocharle su coincidencia con los grupos de vocingleros que hab\u00edan tomado la calle contra el gobierno y el PLD y advertirle que \u00e9l ten\u00eda detalles de que se trataba de una conspiraci\u00f3n que buscaba desestabilizar el orden p\u00fablico\u00bb, se\u00f1ala Medina.<\/span><\/p>\n<\/p>\n<p><span class=\"text1noticias\">Luego de preguntarse si todo es tan inocente, Medina sostiene que a nadie enga\u00f1a el procurador general, a quien atribuye mover los hilos para llevar a la c\u00e1rcel a los seguidores de Leonel Fern\u00e1ndez, y  si lo dejan, al propio ex presidente de la Rep\u00fablica.<\/span><\/p>\n<\/p>\n<p><span class=\"text1noticias\">Asegura que en todo momento Dom\u00ednguez Brito se ha mostrado opuesto al archivo definitivo del expediente irregular instrumentado contra el exministro de Obras P\u00fablicas, V\u00edctor D\u00edaz R\u00faa, acusado de corrupci\u00f3n por dos entidades que actuaron fuera de los procedimientos de ley, seg\u00fan determin\u00f3 la justicia en diversas instancias.<\/span><\/p>\n<\/p>\n<p><span class=\"text1noticias\">\u00abEn ese caso el procurador actu\u00f3 como jefe del ministerio p\u00fablico a trav\u00e9s de la fiscal Yeni Berenice Reynoso, pero en el caso del senador F\u00e9lix Bautista ha dado la cara a trav\u00e9s de su alter ego, la encargada de la oficina contra la corrupci\u00f3n administrativa\u00bb, expresa Medina.<\/span><\/p>\n<\/p>\n<p><span class=\"text1noticias\">Y concluye su art\u00edculo con la siguiente observaci\u00f3n: \u00abEs la forma que ha identificado primero para mantenerse en el cargo? \u00bfy c\u00f3mo lo quitan ahora??, y luego para intentar ser candidato a la Presidencia de la Rep\u00fablica&#8230;\u00bf&#8230; Pero por cu\u00e1l partido?\u00bb.<\/span><\/p>\n<\/p>\n<\/p>\n<\/p>\n<\/p>\n<h6> 2014-11-03 03:41:01 <\/h6>\n<p><!--\n<link rel=\"stylesheet\" href=\"css\/bootstrap.min.css\">\n\n\n<ul class=\"pagination\">\n\t    \n\t\n\n<li >\n\t<a href='?page_no=14196'>Previous<\/a>\n\t<\/li>\n\n\n       \n    \n\n<li><a href='?page_no=1'>1<\/a><\/li>\n\n\n\n<li><a href='?page_no=2'>2<\/a><\/li>\n\n\n\n<li><a>...<\/a><\/li>\n\n\n\n<li><a href='?page_no=14195'>14195<\/a><\/li>\n\n\n\n<li><a href='?page_no=14196'>14196<\/a><\/li>\n\n\n\n<li class='active'><a>14197<\/a><\/li>\n\n\n\n<li><a href='?page_no=14198'>14198<\/a><\/li>\n\n\n\n<li><a href='?page_no=14199'>14199<\/a><\/li>\n\n\n\n<li><a>...<\/a><\/li>\n\n\n\n<li><a href='?page_no=36999'>36999<\/a><\/li>\n\n\n\n<li><a href='?page_no=37000'>37000<\/a><\/li>\n\n    \n\t\n\n<li >\n\t<a href='?page_no=14198'>Next<\/a>\n\t<\/li>\n\n\n    \n\n<li><a href='?page_no=37000'>Last &rsaquo;&rsaquo;<\/a><\/li>\n\n<\/ul>\n\n\n--><br \/>\n<\/body><\/p>\n","protected":false},"excerpt":{"rendered":"<p>En un art\u00edculo titulado El juego de Dom\u00ednguez Brito, el comunicador afirma que \u00aba nadie enga\u00f1a el procurador general\u00bb, y dice que est\u00e1 claro que el jefe del Ministerio P\u00fablico en persona mueve los hilos para llevar a la c\u00e1rcel a los seguidores de Leonel, y si lo dejan, al propio Leonel. SANTO DOMINGO, RD, [&hellip;]<\/p>\n","protected":false},"author":3,"featured_media":0,"comment_status":"open","ping_status":"open","sticky":false,"template":"","format":"standard","meta":{"footnotes":""},"categories":[22],"tags":[],"class_list":["post-161719","post","type-post","status-publish","format-standard","hentry","category-politica"],"_links":{"self":[{"href":"https:\/\/diariodominicano.com\/index.php?rest_route=\/wp\/v2\/posts\/161719","targetHints":{"allow":["GET"]}}],"collection":[{"href":"https:\/\/diariodominicano.com\/index.php?rest_route=\/wp\/v2\/posts"}],"about":[{"href":"https:\/\/diariodominicano.com\/index.php?rest_route=\/wp\/v2\/types\/post"}],"author":[{"embeddable":true,"href":"https:\/\/diariodominicano.com\/index.php?rest_route=\/wp\/v2\/users\/3"}],"replies":[{"embeddable":true,"href":"https:\/\/diariodominicano.com\/index.php?rest_route=%2Fwp%2Fv2%2Fcomments&post=161719"}],"version-history":[{"count":0,"href":"https:\/\/diariodominicano.com\/index.php?rest_route=\/wp\/v2\/posts\/161719\/revisions"}],"wp:attachment":[{"href":"https:\/\/diariodominicano.com\/index.php?rest_route=%2Fwp%2Fv2%2Fmedia&parent=161719"}],"wp:term":[{"taxonomy":"category","embeddable":true,"href":"https:\/\/diariodominicano.com\/index.php?rest_route=%2Fwp%2Fv2%2Fcategories&post=161719"},{"taxonomy":"post_tag","embeddable":true,"href":"https:\/\/diariodominicano.com\/index.php?rest_route=%2Fwp%2Fv2%2Ftags&post=161719"}],"curies":[{"name":"wp","href":"https:\/\/api.w.org\/{rel}","templated":true}]}}