{"id":161717,"date":"2014-11-03T12:09:54","date_gmt":"2014-11-03T12:09:54","guid":{"rendered":"http:\/\/diariodominicano.ddns.net\/?p=161717"},"modified":"2014-11-03T12:09:54","modified_gmt":"2014-11-03T12:09:54","slug":"conep-pide-respaldar-acciones-del-ministerio-publico-y-la-justicia","status":"publish","type":"post","link":"https:\/\/diariodominicano.com\/?p=161717","title":{"rendered":"Conep pide respaldar acciones del ministerio p\u00fablico y la justicia"},"content":{"rendered":"<p><body><\/p>\n<p><strong><span class=\"text1noticias\">El Conep hace la solicitud  en  un comunicado de car\u00e1cter p\u00fablico dado a conocer el domingo.<\/span><\/strong><\/p>\n<\/p>\n<p><span class=\"text1noticias\">SANTO DOMINGO, RD, 3 de Noviembre de 2014.- El Consejo Nacional de la Empresa Privada (Conep) solicit\u00f3  a todos los sectores de la vida nacional respaldar las acciones del Ministerio P\u00fablico y del sistema judicial para investigar y juzgar, conforme al debido proceso, los actos se\u00f1alados de corrupci\u00f3n y a no entorpecer las labores de esas entidades.<\/span><\/p>\n<\/p>\n<p><span class=\"text1noticias\">La petici\u00f3n del Conep est\u00e1 contenida en un comunicado dado a conocer el domingo por el Comit\u00e9 Ejecutivo del gremio empresarial, que llam\u00f3 a respaldar las acciones de la Procuradur\u00eda General de la Rep\u00fablica y considera  que: \u00abEl Ministerio P\u00fablico no debe ser obstaculizado en el desempe\u00f1o de sus funciones por nadie y mucho menos por los imputados o sectores pol\u00edticos vinculados a los mismos\u00bb.<\/span><\/p>\n<\/p>\n<p><span class=\"text1noticias\">El CONEP considera  debe ser un compromiso de toda la sociedad dominicana exigir el buen manejo de los recursos del erario y la investigaci\u00f3n de todas las denuncias de actos de corrupci\u00f3n y que los mismos sean juzgados responsablemente y conforme a la ley, para contribuir a erradicar lo que denomin\u00f3 el c\u00e1ncer de la corrupci\u00f3n, que seg\u00fan estimaron \u00abes una de las preocupaciones esenciales de nuestra poblaci\u00f3n y dejar atr\u00e1s as\u00ed la impunidad que tanto da\u00f1o ha hecho a nuestra sociedad\u00bb.<\/span><\/p>\n<\/p>\n<p><span class=\"text1noticias\">El Conep, como organizaci\u00f3n c\u00fapula,  incorpora a las principales organizaciones empresariales sectoriales y a las empresas de mayor incidencia en la econom\u00eda de la Rep\u00fablica Dominicana.<\/span><\/p>\n<\/p>\n<p><span class=\"text1noticias\">Su  principal prop\u00f3sito es liderar el fortalecimiento del sistema de libre empresa, participando  como agente de cambio y transformaci\u00f3n, en la consolidaci\u00f3n de la democracia y sus instituciones, para promover el desarrollo econ\u00f3mico y social de la naci\u00f3n.<\/span><\/p>\n<\/p>\n<p><span class=\"text1noticias\"> <\/span><\/p>\n<\/p>\n<\/p>\n<h6> 2014-11-03 12:09:54 <\/h6>\n<p><!--\n<link rel=\"stylesheet\" href=\"css\/bootstrap.min.css\">\n\n\n<ul class=\"pagination\">\n\t    \n\t\n\n<li >\n\t<a href='?page_no=14194'>Previous<\/a>\n\t<\/li>\n\n\n       \n    \n\n<li><a href='?page_no=1'>1<\/a><\/li>\n\n\n\n<li><a href='?page_no=2'>2<\/a><\/li>\n\n\n\n<li><a>...<\/a><\/li>\n\n\n\n<li><a href='?page_no=14193'>14193<\/a><\/li>\n\n\n\n<li><a href='?page_no=14194'>14194<\/a><\/li>\n\n\n\n<li class='active'><a>14195<\/a><\/li>\n\n\n\n<li><a href='?page_no=14196'>14196<\/a><\/li>\n\n\n\n<li><a href='?page_no=14197'>14197<\/a><\/li>\n\n\n\n<li><a>...<\/a><\/li>\n\n\n\n<li><a href='?page_no=36999'>36999<\/a><\/li>\n\n\n\n<li><a href='?page_no=37000'>37000<\/a><\/li>\n\n    \n\t\n\n<li >\n\t<a href='?page_no=14196'>Next<\/a>\n\t<\/li>\n\n\n    \n\n<li><a href='?page_no=37000'>Last &rsaquo;&rsaquo;<\/a><\/li>\n\n<\/ul>\n\n\n--><br \/>\n<\/body><\/p>\n","protected":false},"excerpt":{"rendered":"<p>El Conep hace la solicitud en un comunicado de car\u00e1cter p\u00fablico dado a conocer el domingo. SANTO DOMINGO, RD, 3 de Noviembre de 2014.- El Consejo Nacional de la Empresa Privada (Conep) solicit\u00f3 a todos los sectores de la vida nacional respaldar las acciones del Ministerio P\u00fablico y del sistema judicial para investigar y juzgar, [&hellip;]<\/p>\n","protected":false},"author":3,"featured_media":0,"comment_status":"open","ping_status":"open","sticky":false,"template":"","format":"standard","meta":{"footnotes":""},"categories":[22],"tags":[],"class_list":["post-161717","post","type-post","status-publish","format-standard","hentry","category-politica"],"_links":{"self":[{"href":"https:\/\/diariodominicano.com\/index.php?rest_route=\/wp\/v2\/posts\/161717","targetHints":{"allow":["GET"]}}],"collection":[{"href":"https:\/\/diariodominicano.com\/index.php?rest_route=\/wp\/v2\/posts"}],"about":[{"href":"https:\/\/diariodominicano.com\/index.php?rest_route=\/wp\/v2\/types\/post"}],"author":[{"embeddable":true,"href":"https:\/\/diariodominicano.com\/index.php?rest_route=\/wp\/v2\/users\/3"}],"replies":[{"embeddable":true,"href":"https:\/\/diariodominicano.com\/index.php?rest_route=%2Fwp%2Fv2%2Fcomments&post=161717"}],"version-history":[{"count":0,"href":"https:\/\/diariodominicano.com\/index.php?rest_route=\/wp\/v2\/posts\/161717\/revisions"}],"wp:attachment":[{"href":"https:\/\/diariodominicano.com\/index.php?rest_route=%2Fwp%2Fv2%2Fmedia&parent=161717"}],"wp:term":[{"taxonomy":"category","embeddable":true,"href":"https:\/\/diariodominicano.com\/index.php?rest_route=%2Fwp%2Fv2%2Fcategories&post=161717"},{"taxonomy":"post_tag","embeddable":true,"href":"https:\/\/diariodominicano.com\/index.php?rest_route=%2Fwp%2Fv2%2Ftags&post=161717"}],"curies":[{"name":"wp","href":"https:\/\/api.w.org\/{rel}","templated":true}]}}