{"id":161716,"date":"2014-11-03T13:05:52","date_gmt":"2014-11-03T13:05:52","guid":{"rendered":"http:\/\/diariodominicano.ddns.net\/?p=161716"},"modified":"2014-11-03T13:05:52","modified_gmt":"2014-11-03T13:05:52","slug":"montas-dice-que-ejemplo-de-bosch-y-danilo-lo-mueven-a-buscar-la-presidencia-para-2016","status":"publish","type":"post","link":"https:\/\/diariodominicano.com\/?p=161716","title":{"rendered":"Mont\u00e1s dice que ejemplo de Bosch y Danilo lo mueven a buscar la Presidencia para 2016"},"content":{"rendered":"<p><body><\/p>\n<p><img decoding=\"async\" src=\"img3\/temin0004.jpg\" \/>  <\/p>\n<\/p>\n<p><span class=\"text1noticias\">SAN JUAN DE LA MAGUANA, 2 de Noviembre de 2014.- El Partido de la Liberaci\u00f3n Dominicana (PLD) tiene que seguir siendo el mayor abanderado de la lucha contra la corrupci\u00f3n porque su fundador, el profesor Juan Bosch, educ\u00f3 a la militancia en la lucha por la libertad, contra la desigualdad y contra la pobreza ejerciendo la pol\u00edtica con honestidad y decencia, afirm\u00f3 aqu\u00ed este domingo el ingeniero Tem\u00edstocles Mont\u00e1s.<\/span><\/p>\n<\/p>\n<p><span class=\"text1noticias\">Al encabezar actos de recordaci\u00f3n del profesor Bosch durante el 13 aniversario de su fallecimiento en la provincia San Juan, Mont\u00e1s reiter\u00f3 que la militancia del PLD tiene que seguir su ejemplo eligiendo gobiernos encabezados por dirigentes que como Danilo Medina, \u00abrepresentan el pensamiento y la honestidad del verdadero padre de la democracia dominicana\u00bb.<\/span><\/p>\n<\/p>\n<p><span class=\"text1noticias\">\u00abJuan Bosch fue un verdadero patriota y un luchador por la libertad y la justicia social. Un luchador contra la pobreza y la desigualdad social en la Rep\u00fablica Dominicana\u00bb, afirm\u00f3 Mont\u00e1s, quien record\u00f3 que \u00abese legado de lucha contra la pobreza y la desigualdad tiene que seguir siendo levantado por la militancia del PLD en todos los  escenarios y todas las batallas pol\u00edticas\u00bb.<\/span><\/p>\n<\/p>\n<p><span class=\"text1noticias\">Mont\u00e1s manifest\u00f3 que fue Bosch y no otro l\u00edder quien ense\u00f1\u00f3 a los militantes del PLD que la pol\u00edtica tiene que ser una actividad decente, por lo que se consagr\u00f3 en un \u00abgran luchador contra la corrupci\u00f3n\u00bb.<\/span><\/p>\n<p><span class=\"text1noticias\">\u00abEl PLD no puede, bajo ninguna circunstancia, arriar la bandera de la lucha contra la corrupci\u00f3n, dijo Mont\u00e1s en una nota enviada por su equipo de prensa.<\/span><\/p>\n<\/p>\n<p><span class=\"text1noticias\">Mont\u00e1s encabez\u00f3 encuentros masivos el domingo en Sabana Alta, Villa Liberaci\u00f3n y Corbando Sur, en el municipio de San Juan de la Maguana, luego de que el s\u00e1bado se reuniera con cientos de seguidores de su proyecto presidencial en Moca.<\/span><\/p>\n<\/p>\n<p><span class=\"text1noticias\">En el acto estuvieron presentes los se\u00f1ores Nicol\u00e1s Valdez, quien es el coordinador provincial; Carlos Julio Nolasco, alcalde de Sabana Alta; Danny Mart\u00ednez, coordinador en Sabana Alta; Felipe Galv\u00e1n, alcalde de Bohech\u00edo.<\/span><\/p>\n<\/p>\n<p><span class=\"text1noticias\">Otros que manifestaron su apoyo a la candidatura de Mont\u00e1s fueron Dominga de los Santos, de San Juan de la Maguana; Mariano Delgado, de Los Fr\u00edos; Sim\u00f3n Luciano,  del Yaque; entre otros.<\/span><\/p>\n<p><span class=\"text1noticias\">\u00abHoy se est\u00e1n dando situaciones que preocupan al partido. Juan Bosch, adem\u00e1s de luchar por la igualdad social, siempre nos ense\u00f1\u00f3 que si nosotros quer\u00edamos ganar la confianza de la gente, tenemos que ser siempre dirigentes honestos\u00bb, proclam\u00f3 Mont\u00e1s arrancando el aplauso de cientos de sus seguidores.<\/span><\/p>\n<\/p>\n<p><span class=\"text1noticias\">Mont\u00e1s llam\u00f3 a la militancia del PLD a no olvidar que \u00abla mejor manera de honrar la memoria de Juan Bosch es no olvidar que todos tenemos que ser honestos\u00bb.<\/span><\/p>\n<\/p>\n<p><span class=\"text1noticias\">El aspirante presidencial dijo que los pueblos avanzan \u00abmirando hacia el futuro, nunca hacia atr\u00e1s\u00bb, por lo que en las primarias del \u00abPLD seleccionemos un candidato nuevo, no un representante del pasado\u00bb.<\/span><\/p>\n<p><span class=\"text1noticias\">\u00abMe he ganado el derecho de ser el pr\u00f3ximo presidente de la Rep\u00fablica y se que las bases del PLD nos va a respaldar, porque tenemos que tener claro que es con nosotros que se van a enfrentar a disputar la candidatura presidencial por el PLD\u00bb, proclam\u00f3 Mont\u00e1s.<\/span><\/p>\n<\/p>\n<p><span class=\"text1noticias\">Anunci\u00f3 que el d domingo 7 de diciembre se celebrar\u00e1 un acto nacional de respaldo a sus aspiraciones en el que se propone llenar el Palacio de los Deportes de miembros del PLD que respaldan sus aspiraciones presidenciales.<\/span><\/p>\n<\/p>\n<p><span class=\"text1noticias\">\u00abSomos el \u00fanico proyecto presidencial del PLD que tiene ra\u00edces en todo el pa\u00eds. Esto no lo para nadie, compa\u00f1eros y compa\u00f1eras\u00bb, expres\u00f3 Mont\u00e1s visiblemente contento ante los v\u00edtores de cientos de sanjuaneros que lo acompa\u00f1aban.<\/span><\/p>\n<\/p>\n<p><span class=\"text1noticias\">Mont\u00e1s se ocup\u00f3 de recordar el 13 aniversario del fallecimiento de Bosch, ocurrido el 1\u00b0 de noviembre de 2001 en Santo Domingo,  celebrando actos masivos en Moca, el s\u00e1bado y el domingo en San Juan, donde levant\u00f3 bien en alto la bandera de la honestidad enarbolada por el l\u00edder democr\u00e1tico m\u00e1s importante del siglo XX.<\/span><\/p>\n<\/p>\n<p><span class=\"text1noticias\">\u00abEl gobierno de Danilo Medina se parece mucho al que inici\u00f3 el profesor Bosch en 1963\u00bb, afirm\u00f3 Mont\u00e1s, tras agregar que cuando se preguntaba a los empresarios cu\u00e1l era el principal obst\u00e1culo para hacer negocios, siempre se dec\u00eda que era la corrupci\u00f3n. \u00abYa no. Danilo est\u00e1 haciendo un gobierno decente, honesto\u00bb, apunt\u00f3 Mont\u00e1s.<\/span><\/p>\n<\/p>\n<p><span class=\"text1noticias\">Llam\u00f3 a las bases del PLD a tener bien claro que de cara a las elecciones de 2016  \u00abtenemos que seguir potenciando ese tipo de gobierno. Para eso no podemos volver hacia atr\u00e1s. Lo que pas\u00f3, pas\u00f3; lo importante es que sigamos avanzando\u00bb.<\/span><\/p>\n<\/p>\n<p><span class=\"text1noticias\">\u00abSi queremos seguir trillando el camino que nos ha abierto el compa\u00f1ero Danilo Medina con un gobierno decente, honesto y en contacto permanente con la poblaci\u00f3n, no podemos volver atr\u00e1s. Digamos adi\u00f3s al pasado y vamos a mantener abiertas las puertas al futuro, sin miedo, porque el futuro siempre ser\u00e1 mejor que el pasado\u00bb, puntualiz\u00f3 Mont\u00e1s.<\/span><\/p>\n<\/p>\n<\/p>\n<\/p>\n<h6> 2014-11-03 13:05:52 <\/h6>\n<p><!--\n<link rel=\"stylesheet\" href=\"css\/bootstrap.min.css\">\n\n\n<ul class=\"pagination\">\n\t    \n\t\n\n<li >\n\t<a href='?page_no=14193'>Previous<\/a>\n\t<\/li>\n\n\n       \n    \n\n<li><a href='?page_no=1'>1<\/a><\/li>\n\n\n\n<li><a href='?page_no=2'>2<\/a><\/li>\n\n\n\n<li><a>...<\/a><\/li>\n\n\n\n<li><a href='?page_no=14192'>14192<\/a><\/li>\n\n\n\n<li><a href='?page_no=14193'>14193<\/a><\/li>\n\n\n\n<li class='active'><a>14194<\/a><\/li>\n\n\n\n<li><a href='?page_no=14195'>14195<\/a><\/li>\n\n\n\n<li><a href='?page_no=14196'>14196<\/a><\/li>\n\n\n\n<li><a>...<\/a><\/li>\n\n\n\n<li><a href='?page_no=36999'>36999<\/a><\/li>\n\n\n\n<li><a href='?page_no=37000'>37000<\/a><\/li>\n\n    \n\t\n\n<li >\n\t<a href='?page_no=14195'>Next<\/a>\n\t<\/li>\n\n\n    \n\n<li><a href='?page_no=37000'>Last &rsaquo;&rsaquo;<\/a><\/li>\n\n<\/ul>\n\n\n--><br \/>\n<\/body><\/p>\n","protected":false},"excerpt":{"rendered":"<p>SAN JUAN DE LA MAGUANA, 2 de Noviembre de 2014.- El Partido de la Liberaci\u00f3n Dominicana (PLD) tiene que seguir siendo el mayor abanderado de la lucha contra la corrupci\u00f3n porque su fundador, el profesor Juan Bosch, educ\u00f3 a la militancia en la lucha por la libertad, contra la desigualdad y contra la pobreza ejerciendo [&hellip;]<\/p>\n","protected":false},"author":3,"featured_media":0,"comment_status":"open","ping_status":"open","sticky":false,"template":"","format":"standard","meta":{"footnotes":""},"categories":[22],"tags":[],"class_list":["post-161716","post","type-post","status-publish","format-standard","hentry","category-politica"],"_links":{"self":[{"href":"https:\/\/diariodominicano.com\/index.php?rest_route=\/wp\/v2\/posts\/161716","targetHints":{"allow":["GET"]}}],"collection":[{"href":"https:\/\/diariodominicano.com\/index.php?rest_route=\/wp\/v2\/posts"}],"about":[{"href":"https:\/\/diariodominicano.com\/index.php?rest_route=\/wp\/v2\/types\/post"}],"author":[{"embeddable":true,"href":"https:\/\/diariodominicano.com\/index.php?rest_route=\/wp\/v2\/users\/3"}],"replies":[{"embeddable":true,"href":"https:\/\/diariodominicano.com\/index.php?rest_route=%2Fwp%2Fv2%2Fcomments&post=161716"}],"version-history":[{"count":0,"href":"https:\/\/diariodominicano.com\/index.php?rest_route=\/wp\/v2\/posts\/161716\/revisions"}],"wp:attachment":[{"href":"https:\/\/diariodominicano.com\/index.php?rest_route=%2Fwp%2Fv2%2Fmedia&parent=161716"}],"wp:term":[{"taxonomy":"category","embeddable":true,"href":"https:\/\/diariodominicano.com\/index.php?rest_route=%2Fwp%2Fv2%2Fcategories&post=161716"},{"taxonomy":"post_tag","embeddable":true,"href":"https:\/\/diariodominicano.com\/index.php?rest_route=%2Fwp%2Fv2%2Ftags&post=161716"}],"curies":[{"name":"wp","href":"https:\/\/api.w.org\/{rel}","templated":true}]}}