{"id":161715,"date":"2014-11-03T13:53:23","date_gmt":"2014-11-03T13:53:23","guid":{"rendered":"http:\/\/diariodominicano.ddns.net\/?p=161715"},"modified":"2014-11-03T13:53:23","modified_gmt":"2014-11-03T13:53:23","slug":"fredoco-intensifica-programa-de-entrega-de-actas-de-nacimiento","status":"publish","type":"post","link":"https:\/\/diariodominicano.com\/?p=161715","title":{"rendered":"FREDOCO intensifica programa de entrega de actas de nacimiento"},"content":{"rendered":"<p><body><\/p>\n<p><img decoding=\"async\" src=\"img3\/actas 3.jpg\" \/>  <\/p>\n<p>Santo Domingo RD 3 noviembre.- La Fundaci\u00f3n de Defensa y Orientaci\u00f3n Comunitaria -FREDOCO-, aceler\u00f3 su programa de entrega de actas de nacimiento \u00abDando nombres y apellidos a Dominicanos Indocumentados\u00bb.<\/p>\n<\/p>\n<p>Este fin de semana, en la Escuela Rep\u00fablica de Costa Rica, en el sector Los R\u00edos del Distrito Nacional, m\u00e1s de cuarenta ni\u00f1os y adultos recibieron el documento de identidad, que los certifica como aut\u00e9nticos dominicanos.<\/p>\n<\/p>\n<p>El acto de entrega fue encabezado por el presidente de -FREDOCO-, Luis Acosta Moreta -Luis EL GALLO-, quien lament\u00f3 que la clase pol\u00edtica dominicana no le preste la debida atenci\u00f3n al problema de los indocumentados, se\u00f1alando que le est\u00e1n dando m\u00e1s prioridad a los nacionales haitianos.<\/p>\n<\/p>\n<p>Durante la actividad, Luis ?EL GALLO- pidi\u00f3 a las autoridades supremas del gobierno que declaren un plan de emergencia para documentar a los dominicanos y luego  continuar con el plan de documentaci\u00f3n a los extranjeros, en su mayor\u00eda haitianos, quienes hacen el proceso gratis, mientras los dominicanos tienen que pagar.<\/p>\n<\/p>\n<p>El presidente de la Fundaci\u00f3n de Defensa y Orientaci\u00f3n Comunitaria ?FREDOCO-, Luis Acosta Moreta, sostuvo que el que no tiene acta de nacimiento ni siquiera puede demostrar que es dominicano.<\/p>\n<\/p>\n<p>\u00abEstamos realizando una actividad que para nosotros es de gran importancia, ya que los m\u00e1s afectados por la falta de actas de nacimiento son los hijos de los pobres que al no tener el documento los sacan de las escuelas y no pueden beneficiarse de los programas sociales del Estado\u00bb, precis\u00f3 Luis El Gallo.<\/p>\n<\/p>\n<p>Acosta Moreta agreg\u00f3 que el mismo Estado que le est\u00e1 dando privilegios a los haitianos y otros extranjeros con la regulaci\u00f3n  de su situaci\u00f3n migratoria, poco se ocupa e de los dominicanos que no tienen documentos de identidad.<\/p>\n<\/p>\n<p>Las actas fueron entregadas por el presidente de la Fundaci\u00f3n de Defensa y Orientaci\u00f3n Comunitaria ?FREDOCO- y Director General de la ?DGDC- Luis Acosta Moreta, quien estuvo acompa\u00f1ado por la dirigente comunitaria y encargada de esa entidad en el Distrito Nacional,  Damaris P\u00e9rez, el gestor de actas del Departamento de Educaci\u00f3n, Ram\u00f3n David Hern\u00e1ndez, el presidente de la Junta de Vecinos de la Yuca de Los R\u00edos, Avelino Dilon\u00e9,  y el profesor Luis Burgos, entre otras personalidades.<\/p>\n<\/p>\n<p>Ademas de las actas de nacimiento Luis -EL GALLO- distribuy\u00f3 entre los presentes varios ejemplares del Manual de Comportamiento C\u00edvico y Prevenci\u00f3n de Enfermedades, el cual recoge un amplio contenido de consultas sobre educaci\u00f3n c\u00edvica, as\u00ed como la forma de evitar enfermedades <\/p>\n<\/p>\n<h6> 2014-11-03 13:53:23 <\/h6>\n<p><!--\n<link rel=\"stylesheet\" href=\"css\/bootstrap.min.css\">\n\n\n<ul class=\"pagination\">\n\t    \n\t\n\n<li >\n\t<a href='?page_no=14192'>Previous<\/a>\n\t<\/li>\n\n\n       \n    \n\n<li><a href='?page_no=1'>1<\/a><\/li>\n\n\n\n<li><a href='?page_no=2'>2<\/a><\/li>\n\n\n\n<li><a>...<\/a><\/li>\n\n\n\n<li><a href='?page_no=14191'>14191<\/a><\/li>\n\n\n\n<li><a href='?page_no=14192'>14192<\/a><\/li>\n\n\n\n<li class='active'><a>14193<\/a><\/li>\n\n\n\n<li><a href='?page_no=14194'>14194<\/a><\/li>\n\n\n\n<li><a href='?page_no=14195'>14195<\/a><\/li>\n\n\n\n<li><a>...<\/a><\/li>\n\n\n\n<li><a href='?page_no=36999'>36999<\/a><\/li>\n\n\n\n<li><a href='?page_no=37000'>37000<\/a><\/li>\n\n    \n\t\n\n<li >\n\t<a href='?page_no=14194'>Next<\/a>\n\t<\/li>\n\n\n    \n\n<li><a href='?page_no=37000'>Last &rsaquo;&rsaquo;<\/a><\/li>\n\n<\/ul>\n\n\n--><br \/>\n<\/body><\/p>\n","protected":false},"excerpt":{"rendered":"<p>Santo Domingo RD 3 noviembre.- La Fundaci\u00f3n de Defensa y Orientaci\u00f3n Comunitaria -FREDOCO-, aceler\u00f3 su programa de entrega de actas de nacimiento \u00abDando nombres y apellidos a Dominicanos Indocumentados\u00bb. Este fin de semana, en la Escuela Rep\u00fablica de Costa Rica, en el sector Los R\u00edos del Distrito Nacional, m\u00e1s de cuarenta ni\u00f1os y adultos recibieron [&hellip;]<\/p>\n","protected":false},"author":3,"featured_media":0,"comment_status":"open","ping_status":"open","sticky":false,"template":"","format":"standard","meta":{"footnotes":""},"categories":[22],"tags":[],"class_list":["post-161715","post","type-post","status-publish","format-standard","hentry","category-politica"],"_links":{"self":[{"href":"https:\/\/diariodominicano.com\/index.php?rest_route=\/wp\/v2\/posts\/161715","targetHints":{"allow":["GET"]}}],"collection":[{"href":"https:\/\/diariodominicano.com\/index.php?rest_route=\/wp\/v2\/posts"}],"about":[{"href":"https:\/\/diariodominicano.com\/index.php?rest_route=\/wp\/v2\/types\/post"}],"author":[{"embeddable":true,"href":"https:\/\/diariodominicano.com\/index.php?rest_route=\/wp\/v2\/users\/3"}],"replies":[{"embeddable":true,"href":"https:\/\/diariodominicano.com\/index.php?rest_route=%2Fwp%2Fv2%2Fcomments&post=161715"}],"version-history":[{"count":0,"href":"https:\/\/diariodominicano.com\/index.php?rest_route=\/wp\/v2\/posts\/161715\/revisions"}],"wp:attachment":[{"href":"https:\/\/diariodominicano.com\/index.php?rest_route=%2Fwp%2Fv2%2Fmedia&parent=161715"}],"wp:term":[{"taxonomy":"category","embeddable":true,"href":"https:\/\/diariodominicano.com\/index.php?rest_route=%2Fwp%2Fv2%2Fcategories&post=161715"},{"taxonomy":"post_tag","embeddable":true,"href":"https:\/\/diariodominicano.com\/index.php?rest_route=%2Fwp%2Fv2%2Ftags&post=161715"}],"curies":[{"name":"wp","href":"https:\/\/api.w.org\/{rel}","templated":true}]}}