{"id":161714,"date":"2014-11-03T14:09:02","date_gmt":"2014-11-03T14:09:02","guid":{"rendered":"http:\/\/diariodominicano.ddns.net\/?p=161714"},"modified":"2014-11-03T14:09:02","modified_gmt":"2014-11-03T14:09:02","slug":"gilberto-serulle-dispuesto-buscar-reeleccion-como-alcalde","status":"publish","type":"post","link":"https:\/\/diariodominicano.com\/?p=161714","title":{"rendered":"Gilberto Serulle dispuesto buscar reelecci\u00f3n como alcalde"},"content":{"rendered":"<p><body><\/p>\n<p><img decoding=\"async\" src=\"img3\/seru 3.jpg\" \/><br \/><img decoding=\"async\" src=\"img3\/serulle 3.jpg\" \/>  <\/p>\n<p>Santiago RD 3 noviembre.-  El doctor Gilberto Serulle est\u00e1 decidido a buscar la reelecci\u00f3n a la alcald\u00eda municipal y cientos de dirigentes y militantes del Partido Revolucionario Dominicano (PRD) de la circunscripci\u00f3n n\u00famero 3 le expresaron respaldo en un acto.<\/p>\n<\/p>\n<p>En una actividad organizada por los concejales Aridio Rosa y Soraida Cabrera, celebrada en el local del PRD de la Villa Ol\u00edmpica, en la avenida Salvador Estrella Sadhal\u00e1, se precisaron las razones por las cuales Serulle debe seguir al frente del gobierno local.<\/p>\n<\/p>\n<p>El licenciado Ulises Rodr\u00edguez, presidente del comit\u00e9 provincial del PRD, calific\u00f3 de gigantesca la  obra que ha realizado al frente de la Alcald\u00eda el doctor Serulle. Fue secundado por Rosa y Cabrera, quienes anunciaron la campa\u00f1a por la reelecci\u00f3n.<\/p>\n<\/p>\n<p>Mientras que Serulle, tras enumerar las obras que ha ejecutado en cuatro a\u00f1os, exhort\u00f3 a los  dirigentes del PRD a unificarse con otras fuerzas para retener el poder municipal en la contienda del 2016.<\/p>\n<h6> 2014-11-03 14:09:02 <\/h6>\n<p><!--\n<link rel=\"stylesheet\" href=\"css\/bootstrap.min.css\">\n\n\n<ul class=\"pagination\">\n\t    \n\t\n\n<li >\n\t<a href='?page_no=14191'>Previous<\/a>\n\t<\/li>\n\n\n       \n    \n\n<li><a href='?page_no=1'>1<\/a><\/li>\n\n\n\n<li><a href='?page_no=2'>2<\/a><\/li>\n\n\n\n<li><a>...<\/a><\/li>\n\n\n\n<li><a href='?page_no=14190'>14190<\/a><\/li>\n\n\n\n<li><a href='?page_no=14191'>14191<\/a><\/li>\n\n\n\n<li class='active'><a>14192<\/a><\/li>\n\n\n\n<li><a href='?page_no=14193'>14193<\/a><\/li>\n\n\n\n<li><a href='?page_no=14194'>14194<\/a><\/li>\n\n\n\n<li><a>...<\/a><\/li>\n\n\n\n<li><a href='?page_no=36999'>36999<\/a><\/li>\n\n\n\n<li><a href='?page_no=37000'>37000<\/a><\/li>\n\n    \n\t\n\n<li >\n\t<a href='?page_no=14193'>Next<\/a>\n\t<\/li>\n\n\n    \n\n<li><a href='?page_no=37000'>Last &rsaquo;&rsaquo;<\/a><\/li>\n\n<\/ul>\n\n\n--><br \/>\n<\/body><\/p>\n","protected":false},"excerpt":{"rendered":"<p>Santiago RD 3 noviembre.- El doctor Gilberto Serulle est\u00e1 decidido a buscar la reelecci\u00f3n a la alcald\u00eda municipal y cientos de dirigentes y militantes del Partido Revolucionario Dominicano (PRD) de la circunscripci\u00f3n n\u00famero 3 le expresaron respaldo en un acto. En una actividad organizada por los concejales Aridio Rosa y Soraida Cabrera, celebrada en el [&hellip;]<\/p>\n","protected":false},"author":3,"featured_media":0,"comment_status":"open","ping_status":"open","sticky":false,"template":"","format":"standard","meta":{"footnotes":""},"categories":[22],"tags":[],"class_list":["post-161714","post","type-post","status-publish","format-standard","hentry","category-politica"],"_links":{"self":[{"href":"https:\/\/diariodominicano.com\/index.php?rest_route=\/wp\/v2\/posts\/161714","targetHints":{"allow":["GET"]}}],"collection":[{"href":"https:\/\/diariodominicano.com\/index.php?rest_route=\/wp\/v2\/posts"}],"about":[{"href":"https:\/\/diariodominicano.com\/index.php?rest_route=\/wp\/v2\/types\/post"}],"author":[{"embeddable":true,"href":"https:\/\/diariodominicano.com\/index.php?rest_route=\/wp\/v2\/users\/3"}],"replies":[{"embeddable":true,"href":"https:\/\/diariodominicano.com\/index.php?rest_route=%2Fwp%2Fv2%2Fcomments&post=161714"}],"version-history":[{"count":0,"href":"https:\/\/diariodominicano.com\/index.php?rest_route=\/wp\/v2\/posts\/161714\/revisions"}],"wp:attachment":[{"href":"https:\/\/diariodominicano.com\/index.php?rest_route=%2Fwp%2Fv2%2Fmedia&parent=161714"}],"wp:term":[{"taxonomy":"category","embeddable":true,"href":"https:\/\/diariodominicano.com\/index.php?rest_route=%2Fwp%2Fv2%2Fcategories&post=161714"},{"taxonomy":"post_tag","embeddable":true,"href":"https:\/\/diariodominicano.com\/index.php?rest_route=%2Fwp%2Fv2%2Ftags&post=161714"}],"curies":[{"name":"wp","href":"https:\/\/api.w.org\/{rel}","templated":true}]}}