{"id":161713,"date":"2014-11-03T17:05:52","date_gmt":"2014-11-03T17:05:52","guid":{"rendered":"http:\/\/diariodominicano.ddns.net\/?p=161713"},"modified":"2014-11-03T17:05:52","modified_gmt":"2014-11-03T17:05:52","slug":"presidente-del-partido-de-la-esperanza-nacional-pen-llama-a-defender-soberania-nacional","status":"publish","type":"post","link":"https:\/\/diariodominicano.com\/?p=161713","title":{"rendered":"Presidente del Partido de la Esperanza Nacional (PEN) llama a defender soberania nacional"},"content":{"rendered":"<p><body><\/p>\n<p><img decoding=\"async\" src=\"img3\/bla 2.jpg\" \/><br \/><img decoding=\"async\" src=\"img3\/blas 1.jpg\" \/>  <\/p>\n<p>Santo Domingo, R.D 3 noviembre.- El presidente del Partido de la Esperanza Nacional (PEN), licenciado Blas Peralta, llam\u00f3 hoy a defender la soberan\u00eda en este momento, al considerar que este no es un asunto de ning\u00fan partido en particular, sino de todos los dominicanos.<\/p>\n<\/p>\n<p>\u00abHa llegado la hora de empantalonarse en cuanto a esto, porque este no es un problema del PLD, no es un problema del PRD, no es un problema del PRM, no es un problema del Partido de la Esperanza Nacional, sino un problema de todos los dominicanos luchar porque nuestra soberan\u00eda no sea pisoteada\u00bb, dijo.<\/p>\n<\/p>\n<p>Indic\u00f3 que lleg\u00f3 la hora de luchar porque quieren fundir las dos rep\u00fablicas, y los dominicanos tenemos que defender nuestra patria para no defraudar a aquellos hombres y mujeres que como Duarte, Mar\u00eda Trinidad S\u00e1nchez, Luperon, S\u00e1nchez, entre otros, lucharon por una independencia que nosotros debemos honrar a fuego y sangre.<\/p>\n<\/p>\n<p>Blas Peralta dijo que del PEN llegar al gobierno va a trabajar y a luchar para que ninguna potencia extranjera quiera imponerle nada a este pa\u00eds, como est\u00e1 sucediendo en este momento, donde la Corte Interamericana de Derechos Humanos ha condenado y quiere presionar para que la Rep\u00fablica Dominicana modifique la Constituci\u00f3n, y que todos aquellos extranjeros ilegales en territorio dominicano sean declarados ciudadanos dominicanos.<\/p>\n<\/p>\n<p>Fue categ\u00f3rico al afirmar que: \u00abEsta Constituci\u00f3n es nuestra, y somos nosotros, los dominicanos, quienes sabemos a qu\u00e9 hora y en qu\u00e9 momento debemos modificarla, y no que potencia ni organismo internacional alguno nos lo imponga\u00bb.<\/p>\n<\/p>\n<p>Delincuencia en el pa\u00eds<\/p>\n<\/p>\n<p>Hablando sobre la delincuencia, Blas Peralta se\u00f1al\u00f3 que si el pa\u00eds adolece de este mal, los principales responsables han sido los gobiernos, de quienes dijo no se han preocupado por dar participaci\u00f3n a la juventud, principalmente.<\/p>\n<p>En ese tenor expuso que se debe dar oportunidad a las personas que se capaciten en diversas a\u00e9reas t\u00e9cnicas, como mec\u00e1nica, desabolladura, pintura, electricidad, alba\u00f1iler\u00eda, etc., y dotarles de un empleo sano y digno.<\/p>\n<\/p>\n<p>Aulas escolares<\/p>\n<\/p>\n<p>\u00abNosotros felicitamos a todo gobierno que est\u00e9 construyendo cientos de aulas, lo \u00fanico que castigamos es que no est\u00e1n preparando profesores con capacidad y tampoco les est\u00e1n pagando un buen sueldo, para que aquellos profesores sean capacitados y lleven a las escuelas el pan de la ense\u00f1anza, que es lo que garantiza el futuro de un pa\u00eds\u00bb, coment\u00f3.<\/p>\n<\/p>\n<p>El presidente del Partido de la Esperanza Nacional hizo las declaraciones en momento en que inauguraba locales de esa organizaci\u00f3n pol\u00edtica en Pedernales, Barahona, Jimani, Neyba, El\u00edas Pina, San Juan, Azua, entre otras provincias de la Regi\u00f3n Sur del pa\u00eds.<\/p>\n<\/p>\n<h6> 2014-11-03 17:05:52 <\/h6>\n<p><!--\n<link rel=\"stylesheet\" href=\"css\/bootstrap.min.css\">\n\n\n<ul class=\"pagination\">\n\t    \n\t\n\n<li >\n\t<a href='?page_no=14190'>Previous<\/a>\n\t<\/li>\n\n\n       \n    \n\n<li><a href='?page_no=1'>1<\/a><\/li>\n\n\n\n<li><a href='?page_no=2'>2<\/a><\/li>\n\n\n\n<li><a>...<\/a><\/li>\n\n\n\n<li><a href='?page_no=14189'>14189<\/a><\/li>\n\n\n\n<li><a href='?page_no=14190'>14190<\/a><\/li>\n\n\n\n<li class='active'><a>14191<\/a><\/li>\n\n\n\n<li><a href='?page_no=14192'>14192<\/a><\/li>\n\n\n\n<li><a href='?page_no=14193'>14193<\/a><\/li>\n\n\n\n<li><a>...<\/a><\/li>\n\n\n\n<li><a href='?page_no=36999'>36999<\/a><\/li>\n\n\n\n<li><a href='?page_no=37000'>37000<\/a><\/li>\n\n    \n\t\n\n<li >\n\t<a href='?page_no=14192'>Next<\/a>\n\t<\/li>\n\n\n    \n\n<li><a href='?page_no=37000'>Last &rsaquo;&rsaquo;<\/a><\/li>\n\n<\/ul>\n\n\n--><br \/>\n<\/body><\/p>\n","protected":false},"excerpt":{"rendered":"<p>Santo Domingo, R.D 3 noviembre.- El presidente del Partido de la Esperanza Nacional (PEN), licenciado Blas Peralta, llam\u00f3 hoy a defender la soberan\u00eda en este momento, al considerar que este no es un asunto de ning\u00fan partido en particular, sino de todos los dominicanos. \u00abHa llegado la hora de empantalonarse en cuanto a esto, porque [&hellip;]<\/p>\n","protected":false},"author":3,"featured_media":0,"comment_status":"open","ping_status":"open","sticky":false,"template":"","format":"standard","meta":{"footnotes":""},"categories":[22],"tags":[],"class_list":["post-161713","post","type-post","status-publish","format-standard","hentry","category-politica"],"_links":{"self":[{"href":"https:\/\/diariodominicano.com\/index.php?rest_route=\/wp\/v2\/posts\/161713","targetHints":{"allow":["GET"]}}],"collection":[{"href":"https:\/\/diariodominicano.com\/index.php?rest_route=\/wp\/v2\/posts"}],"about":[{"href":"https:\/\/diariodominicano.com\/index.php?rest_route=\/wp\/v2\/types\/post"}],"author":[{"embeddable":true,"href":"https:\/\/diariodominicano.com\/index.php?rest_route=\/wp\/v2\/users\/3"}],"replies":[{"embeddable":true,"href":"https:\/\/diariodominicano.com\/index.php?rest_route=%2Fwp%2Fv2%2Fcomments&post=161713"}],"version-history":[{"count":0,"href":"https:\/\/diariodominicano.com\/index.php?rest_route=\/wp\/v2\/posts\/161713\/revisions"}],"wp:attachment":[{"href":"https:\/\/diariodominicano.com\/index.php?rest_route=%2Fwp%2Fv2%2Fmedia&parent=161713"}],"wp:term":[{"taxonomy":"category","embeddable":true,"href":"https:\/\/diariodominicano.com\/index.php?rest_route=%2Fwp%2Fv2%2Fcategories&post=161713"},{"taxonomy":"post_tag","embeddable":true,"href":"https:\/\/diariodominicano.com\/index.php?rest_route=%2Fwp%2Fv2%2Ftags&post=161713"}],"curies":[{"name":"wp","href":"https:\/\/api.w.org\/{rel}","templated":true}]}}