{"id":161710,"date":"2014-11-03T17:51:12","date_gmt":"2014-11-03T17:51:12","guid":{"rendered":"http:\/\/diariodominicano.ddns.net\/?p=161710"},"modified":"2014-11-03T17:51:12","modified_gmt":"2014-11-03T17:51:12","slug":"afirma-en-la-unidad-de-las-fuerzas-del-pld-esta-la-clave-de-sus-exitos-politicos","status":"publish","type":"post","link":"https:\/\/diariodominicano.com\/?p=161710","title":{"rendered":"&#13;Afirma en   la unidad de las fuerzas del PLD est\u00e1 la clave de sus \u00e9xitos pol\u00edticos"},"content":{"rendered":"<p><body><\/p>\n<p><img decoding=\"async\" src=\"img3\/emenesterio.jpg\" \/>  <\/p>\n<p><span class=\"text1noticias\"> <\/span><\/p>\n<p><span class=\"text1noticias\">Santo Domingo, RD, 3 de noviembre.- Roberto Salcedo, miembro del Comit\u00e9 Central del Partido de la Liberaci\u00f3n Dominicana y Alcalde del Distrito Nacional afirm\u00f3  que predomina en el partido morado la armon\u00eda y el respeto a la dirigencia partidaria y entre sus miembros, minimizando as\u00ed niveles de confrontaciones que se han ventilado de manera p\u00fablica<\/span><\/p>\n<p><span class=\"text1noticias\"> <\/span><\/p>\n<p><span class=\"text1noticias\">\u00abDentro de cualquier nivel de convulsi\u00f3n que pudiera percibirse a lo interno del PLD, nuestros dos l\u00edderes salvan cualquier irregularidad, el hecho de que los dos l\u00edderes est\u00e9n unificado y de acuerdo, es una garant\u00eda importante para el partido\u00bb, declar\u00f3 Salcedo a sus entrevistadores en el programa el Despertador, donde se le pregunt\u00f3 sobre algunas situaciones no acostumbradas en el seno de esa organizaci\u00f3n pol\u00edtica.<\/span><\/p>\n<p><span class=\"text1noticias\"> <\/span><\/p>\n<p><span class=\"text1noticias\">Roberto Salcedo destaca como un hecho muy significativo es el mantenimiento del nivel de armon\u00eda existe entre el presidente de la Rep\u00fablica, Danilo Medina y el presidente Leonel Fern\u00e1ndez quienes, apunta,  se re\u00fanen con cierta regularidad y \u00abconversan de temas muy diversos\u00bb, explica<\/span><\/p>\n<p><span class=\"text1noticias\"> <\/span><\/p>\n<p><span class=\"text1noticias\">El alcalde y dirigente fue rese\u00f1ado en nota period\u00edstica por la Secretar\u00eda de Comunicaciones peledeista en la que se e precisa  que  mientras ese liderazgo importante dentro del PLD se  mantenga con ese nivel de armon\u00eda,  habr\u00e1 Partido de la Liberaci\u00f3n Dominicana por mucho  tiempo.<\/span><\/p>\n<p><span class=\"text1noticias\"> <\/span><\/p>\n<p><span class=\"text1noticias\">En otro orden Salcedo expres\u00f3 que algo de vital importancia para el  PLD  como organizaci\u00f3n pol\u00edtica, es accionar con los niveles de transparencia que precisa la Rep\u00fablica Dominicana a lo que por tradici\u00f3n el pueblo lo ha vinculado<\/span><\/p>\n<p><span class=\"text1noticias\"> <\/span><\/p>\n<p><span class=\"text1noticias\">\u00abCreo que los esfuerzos que se hagan en pos de la transparencia son favorables  para el PLD, como partido gobernante, pero tambi\u00e9n  para todo el sistema democr\u00e1tico del pa\u00eds\u00bb, adujo.<\/span><\/p>\n<p><span class=\"text1noticias\"> <\/span><\/p>\n<p><span class=\"text1noticias\">Roberto Salcedo insisti\u00f3 en que pese a que hay preocupaci\u00f3n dirigentes de ese Partido,  al final se tendr\u00e1 que apostar por la unidad y cohesi\u00f3n caracter\u00edstica del partido.<\/span><\/p>\n<p><span class=\"text1noticias\"> <\/span><\/p>\n<p><span class=\"text1noticias\">\u00abPues para m\u00ed dentro de cualquier nivel de convulsi\u00f3n que pudiera percibirse a lo interno del PLD, el que los dos l\u00edderes salvan cualquier irregularidad\u00bb, concluy\u00f3<\/span><\/p>\n<h6> 2014-11-03 17:51:12 <\/h6>\n<p><!--\n<link rel=\"stylesheet\" href=\"css\/bootstrap.min.css\">\n\n\n<ul class=\"pagination\">\n\t    \n\t\n\n<li >\n\t<a href='?page_no=14188'>Previous<\/a>\n\t<\/li>\n\n\n       \n    \n\n<li><a href='?page_no=1'>1<\/a><\/li>\n\n\n\n<li><a href='?page_no=2'>2<\/a><\/li>\n\n\n\n<li><a>...<\/a><\/li>\n\n\n\n<li><a href='?page_no=14187'>14187<\/a><\/li>\n\n\n\n<li><a href='?page_no=14188'>14188<\/a><\/li>\n\n\n\n<li class='active'><a>14189<\/a><\/li>\n\n\n\n<li><a href='?page_no=14190'>14190<\/a><\/li>\n\n\n\n<li><a href='?page_no=14191'>14191<\/a><\/li>\n\n\n\n<li><a>...<\/a><\/li>\n\n\n\n<li><a href='?page_no=36999'>36999<\/a><\/li>\n\n\n\n<li><a href='?page_no=37000'>37000<\/a><\/li>\n\n    \n\t\n\n<li >\n\t<a href='?page_no=14190'>Next<\/a>\n\t<\/li>\n\n\n    \n\n<li><a href='?page_no=37000'>Last &rsaquo;&rsaquo;<\/a><\/li>\n\n<\/ul>\n\n\n--><br \/>\n<\/body><\/p>\n","protected":false},"excerpt":{"rendered":"<p>Santo Domingo, RD, 3 de noviembre.- Roberto Salcedo, miembro del Comit\u00e9 Central del Partido de la Liberaci\u00f3n Dominicana y Alcalde del Distrito Nacional afirm\u00f3 que predomina en el partido morado la armon\u00eda y el respeto a la dirigencia partidaria y entre sus miembros, minimizando as\u00ed niveles de confrontaciones que se han ventilado de manera p\u00fablica [&hellip;]<\/p>\n","protected":false},"author":3,"featured_media":0,"comment_status":"open","ping_status":"open","sticky":false,"template":"","format":"standard","meta":{"footnotes":""},"categories":[22],"tags":[],"class_list":["post-161710","post","type-post","status-publish","format-standard","hentry","category-politica"],"_links":{"self":[{"href":"https:\/\/diariodominicano.com\/index.php?rest_route=\/wp\/v2\/posts\/161710","targetHints":{"allow":["GET"]}}],"collection":[{"href":"https:\/\/diariodominicano.com\/index.php?rest_route=\/wp\/v2\/posts"}],"about":[{"href":"https:\/\/diariodominicano.com\/index.php?rest_route=\/wp\/v2\/types\/post"}],"author":[{"embeddable":true,"href":"https:\/\/diariodominicano.com\/index.php?rest_route=\/wp\/v2\/users\/3"}],"replies":[{"embeddable":true,"href":"https:\/\/diariodominicano.com\/index.php?rest_route=%2Fwp%2Fv2%2Fcomments&post=161710"}],"version-history":[{"count":0,"href":"https:\/\/diariodominicano.com\/index.php?rest_route=\/wp\/v2\/posts\/161710\/revisions"}],"wp:attachment":[{"href":"https:\/\/diariodominicano.com\/index.php?rest_route=%2Fwp%2Fv2%2Fmedia&parent=161710"}],"wp:term":[{"taxonomy":"category","embeddable":true,"href":"https:\/\/diariodominicano.com\/index.php?rest_route=%2Fwp%2Fv2%2Fcategories&post=161710"},{"taxonomy":"post_tag","embeddable":true,"href":"https:\/\/diariodominicano.com\/index.php?rest_route=%2Fwp%2Fv2%2Ftags&post=161710"}],"curies":[{"name":"wp","href":"https:\/\/api.w.org\/{rel}","templated":true}]}}