{"id":161709,"date":"2014-11-03T18:07:43","date_gmt":"2014-11-03T18:07:43","guid":{"rendered":"http:\/\/diariodominicano.ddns.net\/?p=161709"},"modified":"2014-11-03T18:07:43","modified_gmt":"2014-11-03T18:07:43","slug":"montas-dice-la-democracia-tiene-que-garantizar-derechos-politicos-y-economicos","status":"publish","type":"post","link":"https:\/\/diariodominicano.com\/?p=161709","title":{"rendered":"&#13;Mont\u00e1s dice  la democracia tiene que garantizar derechos pol\u00edticos y econ\u00f3micos"},"content":{"rendered":"<p><body><\/p>\n<p><img decoding=\"async\" src=\"img3\/temomontas.jpg\" \/>  <\/p>\n<\/p>\n<\/p>\n<\/p>\n<p>Sabana Alta, San Juan de la Maguana, RD, 3 de noviembre.- El ingeniero Tem\u00edstocles Mont\u00e1s afirm\u00f3 aqu\u00ed que una verdadera democracia tiene que sostenerse sobre la base del pleno disfrute de los derechos pol\u00edticos, combinados con ciudadanos que gozan de derechos econ\u00f3micos que les permiten vivir con dignidad.<\/p>\n<\/p>\n<p>\u00abLa democracia, adem\u00e1s de ser un hecho pol\u00edtico, tiene que ser un hecho econ\u00f3mico. La igualdad que se da en el terreno de la pol\u00edtica (cada persona un voto) tiene que ser refrendada en el terreno econ\u00f3mico\u00bb, expres\u00f3 Mont\u00e1s ante cientos de dirigentes del Partido de la Liberaci\u00f3n Dominicana (PLD) reunidos en esta ciudad para recordar el 13 aniversario del fallecimiento del profesor Juan Bosch.<\/p>\n<\/p>\n<p>El aspirante presidencial para las elecciones de 2016 pidi\u00f3 a la militancia del PLD que abandere de la lucha por los derechos econ\u00f3micos  y sociales, porque esa es la esencia del credo pol\u00edtico democr\u00e1tico ense\u00f1ado por el profesor Bosch.<\/p>\n<\/p>\n<p>Mont\u00e1s afirm\u00f3 que est\u00e1 buscando la candidatura presidencial con muy altas posibilidades de triunfo porque es el dirigente del PLD que en estos momentos garantiza la continuidad del estilo de gobierno del presidente Danilo Medina, que es el mismo que impuso Bosch cuando fue Presidente en 1963.<\/p>\n<\/p>\n<p>\u00abNo podemos volver al pasado, hay que rotar el liderazgo y lograr que cada cierto tiempo sean personas nuevas las que entren al gobierno, no solo un grupito\u00bb, manifest\u00f3 el alto dirigente del PLD, quien pidi\u00f3 a la militancia que lo apoye, por lo que \u00abespero contar con ustedes para ganar las primarias internas del pr\u00f3ximo a\u00f1o y triunfar en las elecciones de 2016\u00bb.<\/p>\n<\/p>\n<p>Una nota del equipo de prensa de Mont\u00e1s inform\u00f3 que el aspirante presidencial recorri\u00f3 el domingo Sabana Alta, Villa Liberaci\u00f3n y Corbando Sur, en San Juan de la Maguana, donde sostuvo encuentros con dirigentes de base, medio y municipales del PLD, quienes testimoniaron respaldo a su proyecto pol\u00edtico. En estos encuentros Mont\u00e1s recibi\u00f3 el respaldo de varios alcaldes de la provincia.<\/p>\n<\/p>\n<p>El aspirante presidencial dijo que su principal dedicaci\u00f3n desde la Presidencia de la Rep\u00fablica ser\u00e1 lograr que impere el bienestar entre todos los dominicanos, tanto en el plano pol\u00edtico, social, pero sobre todo, en el econ\u00f3mico.<\/p>\n<\/p>\n<p>\u00abTodos los dominicanos tenemos derecho a una vivienda digna, donde se pueda vivir c\u00f3modamente; a un empleo decente, con salario digno. Tenemos derecho a tres comidas diarias. Derecho a la educaci\u00f3n de calidad para toda la familia que permita que salgamos de la pobreza\u00bb, se\u00f1al\u00f3 Mont\u00e1s.<\/p>\n<\/p>\n<p>Asimismo, el integrante del Comit\u00e9 Pol\u00edtico del PLD indic\u00f3 que tiene el compromiso de luchar porque los dominicanos disfruten plenamente de un sistema de protecci\u00f3n social que permita que a las personas que se les presente un problema imprevisto, pueda salir de \u00e9l sin vender la casita, la vaca o el cerdo.<\/p>\n<\/p>\n<p>Dijo que trabajar\u00e1 para asegurar el disfrute de los principales derechos para que todos los dominicanos puedan vivir con dignidad, lo que a su juicio significa enfrentar con determinaci\u00f3n pol\u00edtica la desigualdad social.<\/p>\n<\/p>\n<p>Ante una militancia emocionada, Mont\u00e1s anunci\u00f3 que el domingo 7 de diciembre se celebrar\u00e1 un acto nacional de respaldo a sus aspiraciones en el que se propone llenar el Palacio de los Deportes de miembros del PLD que respaldan sus aspiraciones presidenciales.<\/p>\n<\/p>\n<p>\u00abSomos el \u00fanico proyecto presidencial del PLD que tiene ra\u00edces en todo el pa\u00eds. Esto no lo para nadie, compa\u00f1eros y compa\u00f1eras\u00bb, expres\u00f3 Mont\u00e1s visiblemente contento ante los v\u00edtores de cientos de sanjuaneros que lo acompa\u00f1aban.<\/p>\n<\/p>\n<p>El pasado domingo Mont\u00e1s visit\u00f3 Sabana Alta, Villa Liberaci\u00f3n y el municipio de San Juan donde comparti\u00f3 directamente con las bases pelede\u00edstas de estos lugares, respaldado por importantes dirigentes locales y nacionales.<\/p>\n<\/p>\n<p>Estuvieron presentes los se\u00f1ores Nicol\u00e1s Valdez, quien es el coordinador provincial; Carlos Julio Nolasco, alcalde de Sabana Alta; Danny Mart\u00ednez, coordinador en Sabana Alta; Felipe Galv\u00e1n, alcalde de Bohech\u00edo.<\/p>\n<\/p>\n<p>Otros que manifestaron su apoyo a la candidatura de Mont\u00e1s fueron Dominga de los Santos, de San Juan de la Maguana; Mariano Delgado, de Los Fr\u00edos; Sim\u00f3n Luciano,  del Yaque; entre otros.<\/p>\n<h6> 2014-11-03 18:07:43 <\/h6>\n<p><!--\n<link rel=\"stylesheet\" href=\"css\/bootstrap.min.css\">\n\n\n<ul class=\"pagination\">\n\t    \n\t\n\n<li >\n\t<a href='?page_no=14187'>Previous<\/a>\n\t<\/li>\n\n\n       \n    \n\n<li><a href='?page_no=1'>1<\/a><\/li>\n\n\n\n<li><a href='?page_no=2'>2<\/a><\/li>\n\n\n\n<li><a>...<\/a><\/li>\n\n\n\n<li><a href='?page_no=14186'>14186<\/a><\/li>\n\n\n\n<li><a href='?page_no=14187'>14187<\/a><\/li>\n\n\n\n<li class='active'><a>14188<\/a><\/li>\n\n\n\n<li><a href='?page_no=14189'>14189<\/a><\/li>\n\n\n\n<li><a href='?page_no=14190'>14190<\/a><\/li>\n\n\n\n<li><a>...<\/a><\/li>\n\n\n\n<li><a href='?page_no=36999'>36999<\/a><\/li>\n\n\n\n<li><a href='?page_no=37000'>37000<\/a><\/li>\n\n    \n\t\n\n<li >\n\t<a href='?page_no=14189'>Next<\/a>\n\t<\/li>\n\n\n    \n\n<li><a href='?page_no=37000'>Last &rsaquo;&rsaquo;<\/a><\/li>\n\n<\/ul>\n\n\n--><br \/>\n<\/body><\/p>\n","protected":false},"excerpt":{"rendered":"<p>Sabana Alta, San Juan de la Maguana, RD, 3 de noviembre.- El ingeniero Tem\u00edstocles Mont\u00e1s afirm\u00f3 aqu\u00ed que una verdadera democracia tiene que sostenerse sobre la base del pleno disfrute de los derechos pol\u00edticos, combinados con ciudadanos que gozan de derechos econ\u00f3micos que les permiten vivir con dignidad. \u00abLa democracia, adem\u00e1s de ser un hecho [&hellip;]<\/p>\n","protected":false},"author":3,"featured_media":0,"comment_status":"open","ping_status":"open","sticky":false,"template":"","format":"standard","meta":{"footnotes":""},"categories":[22],"tags":[],"class_list":["post-161709","post","type-post","status-publish","format-standard","hentry","category-politica"],"_links":{"self":[{"href":"https:\/\/diariodominicano.com\/index.php?rest_route=\/wp\/v2\/posts\/161709","targetHints":{"allow":["GET"]}}],"collection":[{"href":"https:\/\/diariodominicano.com\/index.php?rest_route=\/wp\/v2\/posts"}],"about":[{"href":"https:\/\/diariodominicano.com\/index.php?rest_route=\/wp\/v2\/types\/post"}],"author":[{"embeddable":true,"href":"https:\/\/diariodominicano.com\/index.php?rest_route=\/wp\/v2\/users\/3"}],"replies":[{"embeddable":true,"href":"https:\/\/diariodominicano.com\/index.php?rest_route=%2Fwp%2Fv2%2Fcomments&post=161709"}],"version-history":[{"count":0,"href":"https:\/\/diariodominicano.com\/index.php?rest_route=\/wp\/v2\/posts\/161709\/revisions"}],"wp:attachment":[{"href":"https:\/\/diariodominicano.com\/index.php?rest_route=%2Fwp%2Fv2%2Fmedia&parent=161709"}],"wp:term":[{"taxonomy":"category","embeddable":true,"href":"https:\/\/diariodominicano.com\/index.php?rest_route=%2Fwp%2Fv2%2Fcategories&post=161709"},{"taxonomy":"post_tag","embeddable":true,"href":"https:\/\/diariodominicano.com\/index.php?rest_route=%2Fwp%2Fv2%2Ftags&post=161709"}],"curies":[{"name":"wp","href":"https:\/\/api.w.org\/{rel}","templated":true}]}}