{"id":161708,"date":"2014-11-03T18:46:14","date_gmt":"2014-11-03T18:46:14","guid":{"rendered":"http:\/\/diariodominicano.ddns.net\/?p=161708"},"modified":"2014-11-03T18:46:14","modified_gmt":"2014-11-03T18:46:14","slug":"adan-peguero-recibe-visita-de-luis-abinader","status":"publish","type":"post","link":"https:\/\/diariodominicano.com\/?p=161708","title":{"rendered":"&#13;&#13;&#13;Ad\u00e1n Peguero recibe visita de Luis Abinader"},"content":{"rendered":"<p><body><\/p>\n<p><img decoding=\"async\" src=\"img3\/adan.jpg\" \/><br \/><img decoding=\"async\" src=\"img3\/adanluis.jpg\" \/>  <\/p>\n<\/p>\n<p><span class=\"text1noticias\">Santo Domingo Este, RD.- El aspirante presidencial del Partido Revolucionario Moderno (PRM) y la Convergencia por un Mejor Pa\u00eds, Luis Rodolfo Abinader, visit\u00f3 a varios dirigentes de esa organizaci\u00f3n pol\u00edtica en este municipio, en la continuaci\u00f3n de sus contactos con seguidores suyos.<\/span><\/p>\n<\/p>\n<p><span class=\"text1noticias\">El economista visit\u00f3  la residencia del pre candidato a Alcalde, Ad\u00e1n Peguero, a quien adem\u00e1s le ofreci\u00f3 sus condolencias por el reciente fallecimiento de su hermana, Clara Peguero, quien fue una destacada dirigente pol\u00edtica en la Zona J, del barrio Invi, de Los Mina Sur.<\/span><\/p>\n<\/p>\n<p><span class=\"text1noticias\">Durante el desarrollo de la reuni\u00f3n ambos l\u00edderes conversaron sobre los problemas fundamentales del pa\u00eds, haciendo \u00e9nfasis en el municipio Santo Domingo Este.<\/span><\/p>\n<\/p>\n<p><span class=\"text1noticias\">Abinader explic\u00f3 que el proceso de consolidaci\u00f3n del Partido Revolucionario Moderno marcha muy bien y record\u00f3 que las encuestas publicadas recientemente lo colocan como la principal fuerza de oposici\u00f3n, con s\u00f3lidas perspectivas para enfrentar al candidato del PLD.<\/span><\/p>\n<\/p>\n<p><span class=\"text1noticias\">Aclar\u00f3 que a pesar de algunos ruidos, no existe ninguna dificultad en la orientaci\u00f3n del proceso interno de esa entidad, ya que el ingeniero Hip\u00f3lito Mej\u00eda y \u00e9l mantienen una muy buena comunicaci\u00f3n sobre los temas importantes.<\/span><\/p>\n<\/p>\n<p><span class=\"text1noticias\">Dijo que los gobiernos del Partido de la Liberaci\u00f3n Dominicana (PLD), solo se han ocupado de captar m\u00e1s ingresos por v\u00eda del endeudamiento y la creaci\u00f3n de nuevos impuestos sin establecer ninguna estrategia para apoyar el crecimiento de la actividad productiva y generar m\u00e1s empleos.<\/span><\/p>\n<\/p>\n<p><span class=\"text1noticias\">El joven dirigente pol\u00edtico manifest\u00f3 que los hechos de violencia con ribetes de terrorismo ocurridos en distintos puntos del pa\u00eds, muestran un peligroso estado de descomposici\u00f3n que amenaza la paz social de la Rep\u00fablica Dominicana.<\/span><\/p>\n<\/p>\n<p><span class=\"text1noticias\">Abinader ponder\u00f3 la figura de Ad\u00e1n Peguero, de quien dijo es un dirigente social y pol\u00edtico que est\u00e1 preparado para ejecutar la gran obra de gobierno municipal que Santo Domingo Este anhela.<\/span><\/p>\n<\/p>\n<p><span class=\"text1noticias\">Agreg\u00f3 que una muestra de ello son las jornadas que desde la oposici\u00f3n Peguero desarrolla en beneficio de los mun\u00edcipes, dando respuestas a demandas que el actual Alcalde no presenta soluciones.<\/span><\/p>\n<\/p>\n<p><span class=\"text1noticias\">En tanto Ad\u00e1n Peguero, agradeci\u00f3 la visita girada por el precandidato presidencial de quien dijo busca consolidar y mantener un frente de oposici\u00f3n cohesionado que pueda acabar con el descontento popular que bulle en los barrios, producto de los gobiernos Peledeista que solo buscan crear impuestos y no solucionar los problemas nacionales.<\/span><\/p>\n<\/p>\n<p><span class=\"text1noticias\">Peguero intercambi\u00f3 impresiones con Abinader en la que deplor\u00f3 el estado de abandono en que se encuentran las calles de este municipio, al tiempo que expres\u00f3 su disposici\u00f3n de luchar para lograr ser electo como Alcalde de  Santo Domingo Este en las elecciones del 2016.<\/span><\/p>\n<\/p>\n<p><span class=\"text1noticias\">Peguero asegur\u00f3 que Abinader est\u00e1 verdaderamente interesado en sumar todas las fuerzas que puedan ser adheridas alrededor de planteamientos program\u00e1ticos que implementados a trav\u00e9s del poder contribuyan a superar el estancamiento social y econ\u00f3mico y las faltas de expectativas de progreso en las que el PLD ha sumergido la naci\u00f3n.<\/span><\/p>\n<\/p>\n<p><span class=\"text1noticias\">Puntualiz\u00f3 que una de las prioridades que tiene en carpeta una vez llegue al ayuntamiento es trabajar en los lugares de recreaci\u00f3n infantil y el deportes, as\u00ed como tambi\u00e9n hacer justos los salarios de los trabajadores de ese organismo edilicio, para que estos puedan ofrecer un servicio eficiente, entre otras obras de relevancia que no exhibe la  Alcald\u00eda en la actualidad.<\/span><\/p>\n<\/p>\n<p><span class=\"text1noticias\">En la actividad estuvieron presente entre otros los diputados N\u00e9stor Julio Cruz Pichardo y Jos\u00e9 Bertico Santana, adem\u00e1s de los precandidatos a Diputado Jos\u00e9 Liz, Dr. V\u00e1squez, Adalgisa Abreu, as\u00ed como los connotados dirigentes Manuel Tejeda, Jes\u00fas Pineda, Francisco V\u00e1squez, Senci\u00f3n Luna, Bienvenido \u00abEl Primo\u00bb Ortiz y Daniel Salas.<\/span><\/p>\n<h6> 2014-11-03 18:46:14 <\/h6>\n<p><!--\n<link rel=\"stylesheet\" href=\"css\/bootstrap.min.css\">\n\n\n<ul class=\"pagination\">\n\t    \n\t\n\n<li >\n\t<a href='?page_no=14186'>Previous<\/a>\n\t<\/li>\n\n\n       \n    \n\n<li><a href='?page_no=1'>1<\/a><\/li>\n\n\n\n<li><a href='?page_no=2'>2<\/a><\/li>\n\n\n\n<li><a>...<\/a><\/li>\n\n\n\n<li><a href='?page_no=14185'>14185<\/a><\/li>\n\n\n\n<li><a href='?page_no=14186'>14186<\/a><\/li>\n\n\n\n<li class='active'><a>14187<\/a><\/li>\n\n\n\n<li><a href='?page_no=14188'>14188<\/a><\/li>\n\n\n\n<li><a href='?page_no=14189'>14189<\/a><\/li>\n\n\n\n<li><a>...<\/a><\/li>\n\n\n\n<li><a href='?page_no=36999'>36999<\/a><\/li>\n\n\n\n<li><a href='?page_no=37000'>37000<\/a><\/li>\n\n    \n\t\n\n<li >\n\t<a href='?page_no=14188'>Next<\/a>\n\t<\/li>\n\n\n    \n\n<li><a href='?page_no=37000'>Last &rsaquo;&rsaquo;<\/a><\/li>\n\n<\/ul>\n\n\n--><br \/>\n<\/body><\/p>\n","protected":false},"excerpt":{"rendered":"<p>Santo Domingo Este, RD.- El aspirante presidencial del Partido Revolucionario Moderno (PRM) y la Convergencia por un Mejor Pa\u00eds, Luis Rodolfo Abinader, visit\u00f3 a varios dirigentes de esa organizaci\u00f3n pol\u00edtica en este municipio, en la continuaci\u00f3n de sus contactos con seguidores suyos. El economista visit\u00f3 la residencia del pre candidato a Alcalde, Ad\u00e1n Peguero, a [&hellip;]<\/p>\n","protected":false},"author":3,"featured_media":0,"comment_status":"open","ping_status":"open","sticky":false,"template":"","format":"standard","meta":{"footnotes":""},"categories":[22],"tags":[],"class_list":["post-161708","post","type-post","status-publish","format-standard","hentry","category-politica"],"_links":{"self":[{"href":"https:\/\/diariodominicano.com\/index.php?rest_route=\/wp\/v2\/posts\/161708","targetHints":{"allow":["GET"]}}],"collection":[{"href":"https:\/\/diariodominicano.com\/index.php?rest_route=\/wp\/v2\/posts"}],"about":[{"href":"https:\/\/diariodominicano.com\/index.php?rest_route=\/wp\/v2\/types\/post"}],"author":[{"embeddable":true,"href":"https:\/\/diariodominicano.com\/index.php?rest_route=\/wp\/v2\/users\/3"}],"replies":[{"embeddable":true,"href":"https:\/\/diariodominicano.com\/index.php?rest_route=%2Fwp%2Fv2%2Fcomments&post=161708"}],"version-history":[{"count":0,"href":"https:\/\/diariodominicano.com\/index.php?rest_route=\/wp\/v2\/posts\/161708\/revisions"}],"wp:attachment":[{"href":"https:\/\/diariodominicano.com\/index.php?rest_route=%2Fwp%2Fv2%2Fmedia&parent=161708"}],"wp:term":[{"taxonomy":"category","embeddable":true,"href":"https:\/\/diariodominicano.com\/index.php?rest_route=%2Fwp%2Fv2%2Fcategories&post=161708"},{"taxonomy":"post_tag","embeddable":true,"href":"https:\/\/diariodominicano.com\/index.php?rest_route=%2Fwp%2Fv2%2Ftags&post=161708"}],"curies":[{"name":"wp","href":"https:\/\/api.w.org\/{rel}","templated":true}]}}