{"id":161707,"date":"2014-11-03T21:51:30","date_gmt":"2014-11-03T21:51:30","guid":{"rendered":"http:\/\/diariodominicano.ddns.net\/?p=161707"},"modified":"2014-11-03T21:51:30","modified_gmt":"2014-11-03T21:51:30","slug":"quique-antun-llama-a-preservar-las-presas-y-recursos-naturales","status":"publish","type":"post","link":"https:\/\/diariodominicano.com\/?p=161707","title":{"rendered":"&#13;&#13;Quique Ant\u00fan llama a preservar las presas y recursos naturales"},"content":{"rendered":"<p><body><\/p>\n<p><img decoding=\"async\" src=\"img3\/BONAO.jpg\" \/>  <\/p>\n<p><span class=\"text1noticias\">Bonao, Monse\u00f1or Nouel, RD, 3 de Noviembre.-El presidente del Partido Reformista Social Cristiano (PRSC), ingeniero Federico Ant\u00fan Batlle (Quique), llam\u00f3 a los dominicanos a preservar las presas y los recursos naturales para garantizar el agua a las futuras generaciones.<\/span><\/p>\n<\/p>\n<p><span class=\"text1noticias\">Dijo que el PRSC est\u00e1 obligado a levantar la bandera de la defensa y la preservaci\u00f3n de todas las presas construidas en los gobiernos del doctor Joaqu\u00edn Balaguer con la visi\u00f3n clara y definida de garantizar agua a la poblaci\u00f3n y aportar de manera significativa al desarrollo del pa\u00eds.<\/span><\/p>\n<\/p>\n<p><span class=\"text1noticias\">Pidi\u00f3 asimismo preservar las cuencas hidrogr\u00e1ficas de todas las presas del pais para proteger las fuetnes de agua en la Rep\u00fablica Dominicana.<\/span><\/p>\n<\/p>\n<p><span class=\"text1noticias\">Quique Ant\u00fan habl\u00f3 durante una visita que hizo a la presa de Hatillo, en Cotu\u00ed, en el marco de un recorrido por la provincia Monse\u00f1or Nouel, que abarc\u00f3 Bonao, Piedra Blanca, Jayaco, Maim\u00f3n y otras comunidades.<\/span><\/p>\n<\/p>\n<p><span class=\"text1noticias\">Record\u00f3 que esta presa fue construida por Balaguer en el 1984, con una inversi\u00f3n total de US$45 millones d\u00f3lares del erario y una capacidad de 710 millones de metros c\u00fabicos, lo genera un gran potencial para la producci\u00f3n acu\u00edcola y agr\u00edcola.<\/span><\/p>\n<p><span class=\"text1noticias\"><strong>Falta de planificaci\u00f3n <\/strong><\/span><\/p>\n<\/p>\n<p><span class=\"text1noticias\">El presidente del PRSC critic\u00f3 la falta de planificaci\u00f3n, que dijo es uno de los problemas fundamentales que afecta a\u00fan m\u00e1s el crecimiento econ\u00f3mico y social de la Rep\u00fablica Dominicana.<\/span><\/p>\n<\/p>\n<p><span class=\"text1noticias\">\u00abUna muestra de ello es que somos un pais con recursos naturales \u00fanicos, pero por carecer de planes concreto no los aprovechamos\u00bb, dijo.<\/span><\/p>\n<\/p>\n<p><span class=\"text1noticias\">En el recorrido convers\u00f3 con los fabricantes de alfombras, que aunque lo hacen de manera rudimentaria, confeccionan grandes cantidades y ameritan la ayuda del Estado. Tambi\u00e9n visit\u00f3 la construcci\u00f3n del nuevo mercado de Maim\u00f3n, que construye la administraci\u00f3n del alcalde reformista William \u00c1lvarez. Estuvo asimismo en el Distrito Municipal de Jayaco, donde fue recibido por el alcalde Carlos Rodr\u00edguez (Carlito Comunicard) y donde el consejo de regidores lo declar\u00f3 \u00abHu\u00e9sped Distinguido\u00bb. Se reuni\u00f3, igualmente, con ganaderos de la provincia.<\/span><\/p>\n<\/p>\n<p><span class=\"text1noticias\">El l\u00edder de los reformistas estuvo acompa\u00f1ado del secretario de Medio Ambiente del PRSC, Ni\u00f1o Ferm\u00edn; de la diputada Mercedes  Fern\u00e1ndez, el ex legislador Wellington Mej\u00eda, Rafaela Alburquerque, Milton Ginebra, Luis Jos\u00e9 Gonz\u00e1lez S\u00e1nchez, Sergia Elena de S\u00e9liman, C\u00e9sar Dargam, Alfredo Gonz\u00e1lez y una nutrida delegaci\u00f3n de j\u00f3venes.<\/span><\/p>\n<\/p>\n<p><strong><span class=\"text1noticias\">Ca\u00edda del petr\u00f3leo<\/span><\/strong><\/p>\n<\/p>\n<p><span class=\"text1noticias\">Por otra parte, dijo que el Estado Dominicano podr\u00eda obtener un gran alivio con el subsidio el\u00e9ctrico, si logra reducir su factura de generaci\u00f3n con los descensos de los precios de los combustibles, producto de la baja del petr\u00f3leo en los mercados internacionales.<\/span><\/p>\n<\/p>\n<p><span class=\"text1noticias\">Sostuvo que el sobrecosto en generaci\u00f3n ha sido el elemento que m\u00e1s ha contribuido al incremento del d\u00e9ficit acumulado del sector el\u00e9ctrico, el cual ha sido estimado para este a\u00f1o en alrededor de 1,500 millones de d\u00f3lares.<\/span><\/p>\n<\/p>\n<p><span class=\"text1noticias\">Quique Ant\u00fan analiz\u00f3 los impactos positivos y negativos que tendr\u00eda la Rep\u00fablica Dominicana con la acelerada reducci\u00f3n de los precios del crudo en el mercado internacional.<\/span><\/p>\n<\/p>\n<p><span class=\"text1noticias\">Manifest\u00f3 su esperanza de que a partir de la presente fecha la factura por generaci\u00f3n el\u00e9ctrica reduzca su volumen, \u00aby que en consecuencia  el subsidio en la distribuci\u00f3n sea menor y en consecuencia, se puedan destinar m\u00e1s recursos a los problemas mas sensibles de la naci\u00f3n\u00bb.<\/span><\/p>\n<\/p>\n<p><span class=\"text1noticias\">Explic\u00f3 que otro efecto positivo que provocar\u00eda la rebaja de los combustibles ser\u00eda el alivio de las cuentas externas del pa\u00eds, \u00abdebido a que aumentar\u00eda la capacidad de exportar y reducir\u00eda la presi\u00f3n sobre el mercado cambiario\u00bb.<\/span><\/p>\n<\/p>\n<p><span class=\"text1noticias\">\u00abEsto se debe a que la mayor\u00eda de las empresas en el pa\u00eds ver\u00e1n una reducci\u00f3n de sus costos operativos de transporte, autoproducci\u00f3n de generaci\u00f3n, entre otras posibilidades\u00bb, apunt\u00f3 el ingeniero Ant\u00fan Batlle.(HG)<\/span>. <\/p>\n<h6> 2014-11-03 21:51:30 <\/h6>\n<p><!--\n<link rel=\"stylesheet\" href=\"css\/bootstrap.min.css\">\n\n\n<ul class=\"pagination\">\n\t    \n\t\n\n<li >\n\t<a href='?page_no=14185'>Previous<\/a>\n\t<\/li>\n\n\n       \n    \n\n<li><a href='?page_no=1'>1<\/a><\/li>\n\n\n\n<li><a href='?page_no=2'>2<\/a><\/li>\n\n\n\n<li><a>...<\/a><\/li>\n\n\n\n<li><a href='?page_no=14184'>14184<\/a><\/li>\n\n\n\n<li><a href='?page_no=14185'>14185<\/a><\/li>\n\n\n\n<li class='active'><a>14186<\/a><\/li>\n\n\n\n<li><a href='?page_no=14187'>14187<\/a><\/li>\n\n\n\n<li><a href='?page_no=14188'>14188<\/a><\/li>\n\n\n\n<li><a>...<\/a><\/li>\n\n\n\n<li><a href='?page_no=36999'>36999<\/a><\/li>\n\n\n\n<li><a href='?page_no=37000'>37000<\/a><\/li>\n\n    \n\t\n\n<li >\n\t<a href='?page_no=14187'>Next<\/a>\n\t<\/li>\n\n\n    \n\n<li><a href='?page_no=37000'>Last &rsaquo;&rsaquo;<\/a><\/li>\n\n<\/ul>\n\n\n--><br \/>\n<\/body><\/p>\n","protected":false},"excerpt":{"rendered":"<p>Bonao, Monse\u00f1or Nouel, RD, 3 de Noviembre.-El presidente del Partido Reformista Social Cristiano (PRSC), ingeniero Federico Ant\u00fan Batlle (Quique), llam\u00f3 a los dominicanos a preservar las presas y los recursos naturales para garantizar el agua a las futuras generaciones. Dijo que el PRSC est\u00e1 obligado a levantar la bandera de la defensa y la preservaci\u00f3n [&hellip;]<\/p>\n","protected":false},"author":3,"featured_media":0,"comment_status":"open","ping_status":"open","sticky":false,"template":"","format":"standard","meta":{"footnotes":""},"categories":[22],"tags":[],"class_list":["post-161707","post","type-post","status-publish","format-standard","hentry","category-politica"],"_links":{"self":[{"href":"https:\/\/diariodominicano.com\/index.php?rest_route=\/wp\/v2\/posts\/161707","targetHints":{"allow":["GET"]}}],"collection":[{"href":"https:\/\/diariodominicano.com\/index.php?rest_route=\/wp\/v2\/posts"}],"about":[{"href":"https:\/\/diariodominicano.com\/index.php?rest_route=\/wp\/v2\/types\/post"}],"author":[{"embeddable":true,"href":"https:\/\/diariodominicano.com\/index.php?rest_route=\/wp\/v2\/users\/3"}],"replies":[{"embeddable":true,"href":"https:\/\/diariodominicano.com\/index.php?rest_route=%2Fwp%2Fv2%2Fcomments&post=161707"}],"version-history":[{"count":0,"href":"https:\/\/diariodominicano.com\/index.php?rest_route=\/wp\/v2\/posts\/161707\/revisions"}],"wp:attachment":[{"href":"https:\/\/diariodominicano.com\/index.php?rest_route=%2Fwp%2Fv2%2Fmedia&parent=161707"}],"wp:term":[{"taxonomy":"category","embeddable":true,"href":"https:\/\/diariodominicano.com\/index.php?rest_route=%2Fwp%2Fv2%2Fcategories&post=161707"},{"taxonomy":"post_tag","embeddable":true,"href":"https:\/\/diariodominicano.com\/index.php?rest_route=%2Fwp%2Fv2%2Ftags&post=161707"}],"curies":[{"name":"wp","href":"https:\/\/api.w.org\/{rel}","templated":true}]}}