{"id":161706,"date":"2014-11-04T00:28:41","date_gmt":"2014-11-04T00:28:41","guid":{"rendered":"http:\/\/diariodominicano.ddns.net\/?p=161706"},"modified":"2014-11-04T00:28:41","modified_gmt":"2014-11-04T00:28:41","slug":"juventud-de-luis-abinader-inicia-ciclo-de-conferencias","status":"publish","type":"post","link":"https:\/\/diariodominicano.com\/?p=161706","title":{"rendered":"Juventud de Luis Abinader inicia ciclo de conferencias"},"content":{"rendered":"<p><body><\/p>\n<p><img decoding=\"async\" src=\"img3\/luis-abinader-.jpg\" \/>  <\/p>\n<p>Santo Domingo, R. D., 3 de noviembre.- La Juventud que apoya a Luis Abinader, inauguro el pasado 30 de octubre, el ciclo de conferencias de formaci\u00f3n pol\u00edtica, para capacitar a todos los j\u00f3venes que formen parte de las estructuras a nivel nacional.<\/p>\n<\/p>\n<p>El inicio de estas conferencias estuvo a cargo del  director pol\u00edtico de la candidatura de Luis Abinader, el ingeniero Roberto Furcal, con una conferencia titulada \u00abEl sentido y la v\u00eda del cambio en el 2016\u00bb en la cual estableci\u00f3 la necesidad de un cambio en el sistema pol\u00edtico y partidario en la Rep\u00fablica Dominicana.<\/p>\n<\/p>\n<p>Furcal afirmo: que el proceso electoral del 2016 merece mucho cuidado ya que el partido de gobierno controla todos los poderes del estado y que el pa\u00eds va hacia una dictadura de un \u00fanico partido.<\/p>\n<\/p>\n<p>Marco Baldera, secretario Electoral de la JRM a nivel nacional, en unas emotivas palabras a los j\u00f3venes esboz\u00f3 la necesidad de que los j\u00f3venes asuman un compromiso generacional y se envuelvan en las redes de la pol\u00edtica, pues s\u00f3lo as\u00ed tendr\u00eda la democracia sentido y raz\u00f3n de ser.<\/p>\n<\/p>\n<p>La actividad estuvieron adem\u00e1s, Edward Campusano, coordinador  de la juventud del Distrito Nacional; Jos\u00e9 Mezquita, coordinador municipal de Santo Domingo Oeste; Elvin Remigio, coordinador de la juventud en Santo Domingo Norte; Jonathan Rodr\u00edguez, presidente de la JRM en Haina y Crismery De Jesus Serrano, coordinadora de la juventud de Nigua.<\/p>\n<\/p>\n<p>Tambi\u00e9n, Yahaira Montalvo Circ.#1 D.N, Erick Guzman, Presidente de la JRM en SDE, Lissy Cuello, Coordinadora de la juventud en el Carril, Adalberto Cabrera, Coord. de la juventud en Pantoja, Sheyla coordinador de la juventud de Los Alcarrizos, los dirigentes Jos\u00e9 Villar, Rosely Pe\u00f1a, Evelyn Bonilla, Claudia Sarante, entre otros que entusiasmados escucharon con detenimiento los lineamientos del conferencista.<\/p>\n<h6> 2014-11-04 00:28:41 <\/h6>\n<p><!--\n<link rel=\"stylesheet\" href=\"css\/bootstrap.min.css\">\n\n\n<ul class=\"pagination\">\n\t    \n\t\n\n<li >\n\t<a href='?page_no=14184'>Previous<\/a>\n\t<\/li>\n\n\n       \n    \n\n<li><a href='?page_no=1'>1<\/a><\/li>\n\n\n\n<li><a href='?page_no=2'>2<\/a><\/li>\n\n\n\n<li><a>...<\/a><\/li>\n\n\n\n<li><a href='?page_no=14183'>14183<\/a><\/li>\n\n\n\n<li><a href='?page_no=14184'>14184<\/a><\/li>\n\n\n\n<li class='active'><a>14185<\/a><\/li>\n\n\n\n<li><a href='?page_no=14186'>14186<\/a><\/li>\n\n\n\n<li><a href='?page_no=14187'>14187<\/a><\/li>\n\n\n\n<li><a>...<\/a><\/li>\n\n\n\n<li><a href='?page_no=36999'>36999<\/a><\/li>\n\n\n\n<li><a href='?page_no=37000'>37000<\/a><\/li>\n\n    \n\t\n\n<li >\n\t<a href='?page_no=14186'>Next<\/a>\n\t<\/li>\n\n\n    \n\n<li><a href='?page_no=37000'>Last &rsaquo;&rsaquo;<\/a><\/li>\n\n<\/ul>\n\n\n--><br \/>\n<\/body><\/p>\n","protected":false},"excerpt":{"rendered":"<p>Santo Domingo, R. D., 3 de noviembre.- La Juventud que apoya a Luis Abinader, inauguro el pasado 30 de octubre, el ciclo de conferencias de formaci\u00f3n pol\u00edtica, para capacitar a todos los j\u00f3venes que formen parte de las estructuras a nivel nacional. El inicio de estas conferencias estuvo a cargo del director pol\u00edtico de la [&hellip;]<\/p>\n","protected":false},"author":3,"featured_media":0,"comment_status":"open","ping_status":"open","sticky":false,"template":"","format":"standard","meta":{"footnotes":""},"categories":[22],"tags":[],"class_list":["post-161706","post","type-post","status-publish","format-standard","hentry","category-politica"],"_links":{"self":[{"href":"https:\/\/diariodominicano.com\/index.php?rest_route=\/wp\/v2\/posts\/161706","targetHints":{"allow":["GET"]}}],"collection":[{"href":"https:\/\/diariodominicano.com\/index.php?rest_route=\/wp\/v2\/posts"}],"about":[{"href":"https:\/\/diariodominicano.com\/index.php?rest_route=\/wp\/v2\/types\/post"}],"author":[{"embeddable":true,"href":"https:\/\/diariodominicano.com\/index.php?rest_route=\/wp\/v2\/users\/3"}],"replies":[{"embeddable":true,"href":"https:\/\/diariodominicano.com\/index.php?rest_route=%2Fwp%2Fv2%2Fcomments&post=161706"}],"version-history":[{"count":0,"href":"https:\/\/diariodominicano.com\/index.php?rest_route=\/wp\/v2\/posts\/161706\/revisions"}],"wp:attachment":[{"href":"https:\/\/diariodominicano.com\/index.php?rest_route=%2Fwp%2Fv2%2Fmedia&parent=161706"}],"wp:term":[{"taxonomy":"category","embeddable":true,"href":"https:\/\/diariodominicano.com\/index.php?rest_route=%2Fwp%2Fv2%2Fcategories&post=161706"},{"taxonomy":"post_tag","embeddable":true,"href":"https:\/\/diariodominicano.com\/index.php?rest_route=%2Fwp%2Fv2%2Ftags&post=161706"}],"curies":[{"name":"wp","href":"https:\/\/api.w.org\/{rel}","templated":true}]}}