{"id":161705,"date":"2014-11-04T14:32:34","date_gmt":"2014-11-04T14:32:34","guid":{"rendered":"http:\/\/diariodominicano.ddns.net\/?p=161705"},"modified":"2014-11-04T14:32:34","modified_gmt":"2014-11-04T14:32:34","slug":"gobierno-acoge-reclamos-de-aumento-presupuestal-de-varias-instituciones-dejan-jce-fuera","status":"publish","type":"post","link":"https:\/\/diariodominicano.com\/?p=161705","title":{"rendered":"Gobierno acoge reclamos de aumento presupuestal de varias instituciones; dejan JCE fuera"},"content":{"rendered":"<p><body><\/p>\n<p><img decoding=\"async\" src=\"img3\/cuartos 4.jpeg\" \/>  <\/p>\n<p>Santo Domingo RD 4 noviembre.- El presidente Danilo Medina, junto a su equipo econ\u00f3mico, acogi\u00f3 los reclamos de aumento presupuestario de distintas instituciones por lo que en los pr\u00f3ximos d\u00edas enviar\u00e1 al Congreso Nacional el adendum con la modificaci\u00f3n al Proyecto de Ley de Presupuesto del 2015.<\/p>\n<\/p>\n<p>El mandatario recomend\u00f3 200 millones adicionales al Tribunal Constitucional y la construcci\u00f3n de su edificio con una inversi\u00f3n de 700 millones de pesos.<\/p>\n<\/p>\n<p>Tambi\u00e9n 100 millones m\u00e1s para el Tribunal Superior Electoral, 100 para la Defender\u00eda P\u00fablica y 50 millones para la C\u00e1mara de Cuentas.<\/p>\n<\/p>\n<p>Salud P\u00fablica seguir\u00e1 con su presupuesto de 60 mil millones, pero se adiciona una inversi\u00f3n de cuatro mil millones en la construcci\u00f3n de ocho hospitales.<\/p>\n<\/p>\n<p>La soluci\u00f3n a estos reclamos fue acordada durante una reuni\u00f3n que sostuvo el mandatario el mediod\u00eda del pasado viernes en el Palacio Nacional, con el presidente de la Comisi\u00f3n Bicameral de legisladores que estudia el presupuesto, el senador Tommy Gal\u00e1n. Le acompa\u00f1aron los senadores Charlie Mariotti y Rafael Calder\u00f3n.<\/p>\n<\/p>\n<p>Mientras que el Presidente estuvo acompa\u00f1ado de su equipo econ\u00f3mico.<\/p>\n<\/p>\n<p>En cuanto al reclamo de la Junta Central Electoral, Gal\u00e1n explic\u00f3 que con la JCE el compromiso asumido por el Presidente fue garantizar unos comicios transparentes que fortalezcan el sistema electoral y que ese presupuesto ser\u00e1 discutido luego porque tienen car\u00e1cter de temporabilidad, pues se trata de elecciones en 2016.<\/p>\n<\/p>\n<p>El presidente Medina ha manifestado que no debe haber ninguna preocupaci\u00f3n en torno al proceso electoral, por eso tiene el mismo inter\u00e9s del presidente de la JCE, agreg\u00f3 el senador de San Crist\u00f3bal.<\/p>\n<\/p>\n<p>Otra instituci\u00f3n que recibir\u00e1 fondos extras en el presupuesto es la Universidad Aut\u00f3noma de Santo Domingo (UASD).<\/p>\n<\/p>\n<p>Con la asignaci\u00f3n de estos recursos e inversi\u00f3n en algunas \u00e1reas, la Comisi\u00f3n Bicameral finaliz\u00f3 sus trabajos y este mi\u00e9rcoles se apresta a presentar el informe final ante el pleno senatorial.<\/p>\n<\/p>\n<p>Gal\u00e1n explic\u00f3 que se reajustar\u00e1n 500 millones de forma directa para poder suplir las demandas.<\/p>\n<\/p>\n<p>Aclar\u00f3 que el monto total del presupuesto quedar\u00e1 igual, de RD$630,936 millones, \u00abSe har\u00e1n ajustes m\u00ednimos, 21 mil millones deben llegar al Banco Central como parte de la recapitalizaci\u00f3n\u00bb, agreg\u00f3.<\/p>\n<\/p>\n<h6> 2014-11-04 14:32:34 <\/h6>\n<p><!--\n<link rel=\"stylesheet\" href=\"css\/bootstrap.min.css\">\n\n\n<ul class=\"pagination\">\n\t    \n\t\n\n<li >\n\t<a href='?page_no=14183'>Previous<\/a>\n\t<\/li>\n\n\n       \n    \n\n<li><a href='?page_no=1'>1<\/a><\/li>\n\n\n\n<li><a href='?page_no=2'>2<\/a><\/li>\n\n\n\n<li><a>...<\/a><\/li>\n\n\n\n<li><a href='?page_no=14182'>14182<\/a><\/li>\n\n\n\n<li><a href='?page_no=14183'>14183<\/a><\/li>\n\n\n\n<li class='active'><a>14184<\/a><\/li>\n\n\n\n<li><a href='?page_no=14185'>14185<\/a><\/li>\n\n\n\n<li><a href='?page_no=14186'>14186<\/a><\/li>\n\n\n\n<li><a>...<\/a><\/li>\n\n\n\n<li><a href='?page_no=36999'>36999<\/a><\/li>\n\n\n\n<li><a href='?page_no=37000'>37000<\/a><\/li>\n\n    \n\t\n\n<li >\n\t<a href='?page_no=14185'>Next<\/a>\n\t<\/li>\n\n\n    \n\n<li><a href='?page_no=37000'>Last &rsaquo;&rsaquo;<\/a><\/li>\n\n<\/ul>\n\n\n--><br \/>\n<\/body><\/p>\n","protected":false},"excerpt":{"rendered":"<p>Santo Domingo RD 4 noviembre.- El presidente Danilo Medina, junto a su equipo econ\u00f3mico, acogi\u00f3 los reclamos de aumento presupuestario de distintas instituciones por lo que en los pr\u00f3ximos d\u00edas enviar\u00e1 al Congreso Nacional el adendum con la modificaci\u00f3n al Proyecto de Ley de Presupuesto del 2015. El mandatario recomend\u00f3 200 millones adicionales al Tribunal [&hellip;]<\/p>\n","protected":false},"author":3,"featured_media":0,"comment_status":"open","ping_status":"open","sticky":false,"template":"","format":"standard","meta":{"footnotes":""},"categories":[22],"tags":[],"class_list":["post-161705","post","type-post","status-publish","format-standard","hentry","category-politica"],"_links":{"self":[{"href":"https:\/\/diariodominicano.com\/index.php?rest_route=\/wp\/v2\/posts\/161705","targetHints":{"allow":["GET"]}}],"collection":[{"href":"https:\/\/diariodominicano.com\/index.php?rest_route=\/wp\/v2\/posts"}],"about":[{"href":"https:\/\/diariodominicano.com\/index.php?rest_route=\/wp\/v2\/types\/post"}],"author":[{"embeddable":true,"href":"https:\/\/diariodominicano.com\/index.php?rest_route=\/wp\/v2\/users\/3"}],"replies":[{"embeddable":true,"href":"https:\/\/diariodominicano.com\/index.php?rest_route=%2Fwp%2Fv2%2Fcomments&post=161705"}],"version-history":[{"count":0,"href":"https:\/\/diariodominicano.com\/index.php?rest_route=\/wp\/v2\/posts\/161705\/revisions"}],"wp:attachment":[{"href":"https:\/\/diariodominicano.com\/index.php?rest_route=%2Fwp%2Fv2%2Fmedia&parent=161705"}],"wp:term":[{"taxonomy":"category","embeddable":true,"href":"https:\/\/diariodominicano.com\/index.php?rest_route=%2Fwp%2Fv2%2Fcategories&post=161705"},{"taxonomy":"post_tag","embeddable":true,"href":"https:\/\/diariodominicano.com\/index.php?rest_route=%2Fwp%2Fv2%2Ftags&post=161705"}],"curies":[{"name":"wp","href":"https:\/\/api.w.org\/{rel}","templated":true}]}}