{"id":161704,"date":"2014-11-04T17:50:36","date_gmt":"2014-11-04T17:50:36","guid":{"rendered":"http:\/\/diariodominicano.ddns.net\/?p=161704"},"modified":"2014-11-04T17:50:36","modified_gmt":"2014-11-04T17:50:36","slug":"richardson-asiste-a-congreso-latinoamericano-de-municipios-en-colombia","status":"publish","type":"post","link":"https:\/\/diariodominicano.com\/?p=161704","title":{"rendered":"&#13;&#13;&#13;Richardson asiste a Congreso Latinoamericano de Municipios en Colombia"},"content":{"rendered":"<p><body><\/p>\n<p><img decoding=\"async\" src=\"img3\/pedro.jpg\" \/>  <\/p>\n<\/p>\n<p><span class=\"text1noticias\">Santo Domingo, RD, 4 de noviembre.-El director Ejecutivo de la Federaci\u00f3n Dominicana de Distritos Municipales (Fedodim), Pedro Richardson, viaj\u00f3 este martes a la ciudad de Santa Marta, en Colombia sede del VIII Congreso Latinoamericano de Ciudades y Gobiernos Locales que se efectuar\u00e1 del 5 al 7 de este mes.<\/span><\/p>\n<\/p>\n<p><span class=\"text1noticias\">Este congreso, es organizado por la Federaci\u00f3n Latinoamericana de Ciudades y Gobiernos Locales (FLACMA), a la que FEDODIM, es miembro activo.<\/span><\/p>\n<\/p>\n<p><span class=\"text1noticias\">En este conclave que reunir\u00e1 a 24 pa\u00edses de Am\u00e9rica Latina, busca fortalecer los gobiernos locales y sus administraciones, poniendo de relieve las acciones encaminadas al servicio de los ciudadanos.<\/span><\/p>\n<\/p>\n<p><span class=\"text1noticias\">El mismo es un foro abierto a la reflexi\u00f3n de los diversos enfoques sobre temas delineando el presente y futuro de las alcald\u00edas en Am\u00e9rica y el Caribe, que deseen tener una interrelaci\u00f3n con sus hom\u00f3logos y conocer las nuevas tendencias en el manejo de las ciudades.<\/span><\/p>\n<\/p>\n<p><span class=\"text1noticias\">Adem\u00e1s, el congreso busca propiciar un encuentro del poder gubernamental con el sector privado generador de bienes y servicios, que vaya en beneficio de los gobiernos locales.<\/span><\/p>\n<\/p>\n<p><span class=\"text1noticias\">El doctor Pedro Richardson, forma parte de la delegaci\u00f3n dominicana que asiste al evento donde est\u00e1n la Liga Municipal Dominicana, FEDOMU y UNMUNDO, entre otros.<\/span><\/p>\n<\/p>\n<h6> 2014-11-04 17:50:36 <\/h6>\n<p><!--\n<link rel=\"stylesheet\" href=\"css\/bootstrap.min.css\">\n\n\n<ul class=\"pagination\">\n\t    \n\t\n\n<li >\n\t<a href='?page_no=14182'>Previous<\/a>\n\t<\/li>\n\n\n       \n    \n\n<li><a href='?page_no=1'>1<\/a><\/li>\n\n\n\n<li><a href='?page_no=2'>2<\/a><\/li>\n\n\n\n<li><a>...<\/a><\/li>\n\n\n\n<li><a href='?page_no=14181'>14181<\/a><\/li>\n\n\n\n<li><a href='?page_no=14182'>14182<\/a><\/li>\n\n\n\n<li class='active'><a>14183<\/a><\/li>\n\n\n\n<li><a href='?page_no=14184'>14184<\/a><\/li>\n\n\n\n<li><a href='?page_no=14185'>14185<\/a><\/li>\n\n\n\n<li><a>...<\/a><\/li>\n\n\n\n<li><a href='?page_no=36999'>36999<\/a><\/li>\n\n\n\n<li><a href='?page_no=37000'>37000<\/a><\/li>\n\n    \n\t\n\n<li >\n\t<a href='?page_no=14184'>Next<\/a>\n\t<\/li>\n\n\n    \n\n<li><a href='?page_no=37000'>Last &rsaquo;&rsaquo;<\/a><\/li>\n\n<\/ul>\n\n\n--><br \/>\n<\/body><\/p>\n","protected":false},"excerpt":{"rendered":"<p>Santo Domingo, RD, 4 de noviembre.-El director Ejecutivo de la Federaci\u00f3n Dominicana de Distritos Municipales (Fedodim), Pedro Richardson, viaj\u00f3 este martes a la ciudad de Santa Marta, en Colombia sede del VIII Congreso Latinoamericano de Ciudades y Gobiernos Locales que se efectuar\u00e1 del 5 al 7 de este mes. Este congreso, es organizado por la [&hellip;]<\/p>\n","protected":false},"author":3,"featured_media":0,"comment_status":"open","ping_status":"open","sticky":false,"template":"","format":"standard","meta":{"footnotes":""},"categories":[22],"tags":[],"class_list":["post-161704","post","type-post","status-publish","format-standard","hentry","category-politica"],"_links":{"self":[{"href":"https:\/\/diariodominicano.com\/index.php?rest_route=\/wp\/v2\/posts\/161704","targetHints":{"allow":["GET"]}}],"collection":[{"href":"https:\/\/diariodominicano.com\/index.php?rest_route=\/wp\/v2\/posts"}],"about":[{"href":"https:\/\/diariodominicano.com\/index.php?rest_route=\/wp\/v2\/types\/post"}],"author":[{"embeddable":true,"href":"https:\/\/diariodominicano.com\/index.php?rest_route=\/wp\/v2\/users\/3"}],"replies":[{"embeddable":true,"href":"https:\/\/diariodominicano.com\/index.php?rest_route=%2Fwp%2Fv2%2Fcomments&post=161704"}],"version-history":[{"count":0,"href":"https:\/\/diariodominicano.com\/index.php?rest_route=\/wp\/v2\/posts\/161704\/revisions"}],"wp:attachment":[{"href":"https:\/\/diariodominicano.com\/index.php?rest_route=%2Fwp%2Fv2%2Fmedia&parent=161704"}],"wp:term":[{"taxonomy":"category","embeddable":true,"href":"https:\/\/diariodominicano.com\/index.php?rest_route=%2Fwp%2Fv2%2Fcategories&post=161704"},{"taxonomy":"post_tag","embeddable":true,"href":"https:\/\/diariodominicano.com\/index.php?rest_route=%2Fwp%2Fv2%2Ftags&post=161704"}],"curies":[{"name":"wp","href":"https:\/\/api.w.org\/{rel}","templated":true}]}}