{"id":161703,"date":"2014-11-04T18:47:02","date_gmt":"2014-11-04T18:47:02","guid":{"rendered":"http:\/\/diariodominicano.ddns.net\/?p=161703"},"modified":"2014-11-04T18:47:02","modified_gmt":"2014-11-04T18:47:02","slug":"marcos-ferreras-recibe-apoyo-de-microempresarios-en-sdn","status":"publish","type":"post","link":"https:\/\/diariodominicano.com\/?p=161703","title":{"rendered":"Marcos Ferreras recibe apoyo de microempresarios en SDN&#13;"},"content":{"rendered":"<p><body><\/p>\n<p><img decoding=\"async\" src=\"img3\/recibeapoyaferreras.jpg\" \/>  <\/p>\n<\/p>\n<p>Santo Domingo Norte, RD, 4 de noviembre.-El precandidato a diputado por el Partido de la Liberaci\u00f3n Dominicana (PLD) Marcos Ferreras, recibi\u00f3 el apoyo de decenas de peque\u00f1os y medianos empresarios de este municipio, as\u00ed como varios aspirantes regidores de cara al proceso eleccionario del a\u00f1o 2016.<\/p>\n<\/p>\n<p>El apoyo se produjo durante el almuerzo denominado \u00abLos Amigos de Marcos\u00bb, coordinado por el Movimiento de Peque\u00f1os y Medianos Empresarios en Desarrollo (MICROPEMDA), que dirige Sebasti\u00e1n Ferreras y que naci\u00f3 en el 2010 cuando apoy\u00f3 las aspiraciones del hoy presidente Danilo Medina S\u00e1nchez.<\/p>\n<\/p>\n<p>A referirse a los presentes, el aspirante a diputado y empresario importador Ferreras expres\u00f3 que existe una estrecha relaci\u00f3n entre comercio y pol\u00edtica, por lo que llam\u00f3 a los hombres de negocios de la zona a unir esfuerzos en pro de un Santo Domingo Norte m\u00e1s din\u00e1mico y desarrollado.<\/p>\n<\/p>\n<p>En ese sentido manifest\u00f3 que \u00abla actividad comercial y econ\u00f3mica est\u00e1n \u00edntimamente ligadas a la pol\u00edtica y por tanto tenemos que construir l\u00edderes pol\u00edticos desde el \u00e1mbito econ\u00f3mico y empresarial, por lo que pueden contar conmigo que yo cuento con ustedes\u00bb.<\/p>\n<\/p>\n<p>Dijo que en el mundo nadie puede trabajar solo, por lo que llam\u00f3 a la clase empresarial de la zona a trabajar mancomunadamente por un candidato nacido  de las entra\u00f1as de mundo empresarial y que apoy\u00e1ndolo a \u00e9l se obtendr\u00eda el verdadero desarrollo que demanda la zona.<\/p>\n<\/p>\n<p>\u00abHay que empujar el dinamismo y el desarrollo econ\u00f3mico de SDN, hay que cambiar la visi\u00f3n, tenemos que trabajar de forma cohesionada, la clase pol\u00edtica y la empresarial, debido a que un diputado solo no puede hacer las transformaciones que demanda el municipio\u00bb, explic\u00f3.<\/p>\n<\/p>\n<p>Asimismo, Ferreras se defini\u00f3 como un candidato ganador al se\u00f1alar que en el pasado proceso electoral obtuvo unos 5 mil votos en apenas dos meses de campa\u00f1a y que fue el cuarto candidato m\u00e1s votado de 7 que participaron en la contienda.<\/p>\n<\/p>\n<p>En tal virtud, pidi\u00f3 la colaboraci\u00f3n de los presentes para llevarlo al Congreso Nacional a legislar a favor de la clase y los moradores del municipio.<\/p>\n<\/p>\n<p>\u00abQueremos ser un legislador para la democracia, porque hay que cambiar la forma de hacer pol\u00edtica, con ideas claras y propuestas de unidad y desarrollo, porque el hombre es grande por las ideas que tenga\u00bb, sostuvo.<\/p>\n<\/p>\n<p>En el encuentro participaron los precandidatos a regidores Jos\u00e9 Linares G\u00f3mez por la Hacienda Estrella y por SDN, Luis Neris Lorenzo, Jos\u00e9 Bismark Paulino, Jos\u00e9 Miguel Brand y Johnny Cuevas, entre otros.<\/p>\n<\/p>\n<h6> 2014-11-04 18:47:02 <\/h6>\n<p><!--\n<link rel=\"stylesheet\" href=\"css\/bootstrap.min.css\">\n\n\n<ul class=\"pagination\">\n\t    \n\t\n\n<li >\n\t<a href='?page_no=14181'>Previous<\/a>\n\t<\/li>\n\n\n       \n    \n\n<li><a href='?page_no=1'>1<\/a><\/li>\n\n\n\n<li><a href='?page_no=2'>2<\/a><\/li>\n\n\n\n<li><a>...<\/a><\/li>\n\n\n\n<li><a href='?page_no=14180'>14180<\/a><\/li>\n\n\n\n<li><a href='?page_no=14181'>14181<\/a><\/li>\n\n\n\n<li class='active'><a>14182<\/a><\/li>\n\n\n\n<li><a href='?page_no=14183'>14183<\/a><\/li>\n\n\n\n<li><a href='?page_no=14184'>14184<\/a><\/li>\n\n\n\n<li><a>...<\/a><\/li>\n\n\n\n<li><a href='?page_no=36999'>36999<\/a><\/li>\n\n\n\n<li><a href='?page_no=37000'>37000<\/a><\/li>\n\n    \n\t\n\n<li >\n\t<a href='?page_no=14183'>Next<\/a>\n\t<\/li>\n\n\n    \n\n<li><a href='?page_no=37000'>Last &rsaquo;&rsaquo;<\/a><\/li>\n\n<\/ul>\n\n\n--><br \/>\n<\/body><\/p>\n","protected":false},"excerpt":{"rendered":"<p>Santo Domingo Norte, RD, 4 de noviembre.-El precandidato a diputado por el Partido de la Liberaci\u00f3n Dominicana (PLD) Marcos Ferreras, recibi\u00f3 el apoyo de decenas de peque\u00f1os y medianos empresarios de este municipio, as\u00ed como varios aspirantes regidores de cara al proceso eleccionario del a\u00f1o 2016. El apoyo se produjo durante el almuerzo denominado \u00abLos [&hellip;]<\/p>\n","protected":false},"author":3,"featured_media":0,"comment_status":"open","ping_status":"open","sticky":false,"template":"","format":"standard","meta":{"footnotes":""},"categories":[22],"tags":[],"class_list":["post-161703","post","type-post","status-publish","format-standard","hentry","category-politica"],"_links":{"self":[{"href":"https:\/\/diariodominicano.com\/index.php?rest_route=\/wp\/v2\/posts\/161703","targetHints":{"allow":["GET"]}}],"collection":[{"href":"https:\/\/diariodominicano.com\/index.php?rest_route=\/wp\/v2\/posts"}],"about":[{"href":"https:\/\/diariodominicano.com\/index.php?rest_route=\/wp\/v2\/types\/post"}],"author":[{"embeddable":true,"href":"https:\/\/diariodominicano.com\/index.php?rest_route=\/wp\/v2\/users\/3"}],"replies":[{"embeddable":true,"href":"https:\/\/diariodominicano.com\/index.php?rest_route=%2Fwp%2Fv2%2Fcomments&post=161703"}],"version-history":[{"count":0,"href":"https:\/\/diariodominicano.com\/index.php?rest_route=\/wp\/v2\/posts\/161703\/revisions"}],"wp:attachment":[{"href":"https:\/\/diariodominicano.com\/index.php?rest_route=%2Fwp%2Fv2%2Fmedia&parent=161703"}],"wp:term":[{"taxonomy":"category","embeddable":true,"href":"https:\/\/diariodominicano.com\/index.php?rest_route=%2Fwp%2Fv2%2Fcategories&post=161703"},{"taxonomy":"post_tag","embeddable":true,"href":"https:\/\/diariodominicano.com\/index.php?rest_route=%2Fwp%2Fv2%2Ftags&post=161703"}],"curies":[{"name":"wp","href":"https:\/\/api.w.org\/{rel}","templated":true}]}}