{"id":161702,"date":"2014-11-04T19:03:51","date_gmt":"2014-11-04T19:03:51","guid":{"rendered":"http:\/\/diariodominicano.ddns.net\/?p=161702"},"modified":"2014-11-04T19:03:51","modified_gmt":"2014-11-04T19:03:51","slug":"jpld-organiza-conferencia-para-celebrar-el-dia-de-la-constitucion","status":"publish","type":"post","link":"https:\/\/diariodominicano.com\/?p=161702","title":{"rendered":"&#13;&#13;&#13;JPLD organiza conferencia para celebrar el d\u00eda de la Constituci\u00f3n"},"content":{"rendered":"<p><body><\/p>\n<p><img decoding=\"async\" src=\"img3\/valentin.jpg\" \/>  <\/p>\n<\/p>\n<\/p>\n<p><span class=\"text1noticias\"> <\/span><\/p>\n<p><span class=\"text1noticias\">Santo Domingo, RD, 4 de noviembre.- Con motivo de la celebraci\u00f3n del D\u00eda de la Constituci\u00f3n,  el Partido de la Liberaci\u00f3n Dominicana (PLD)  organiza un panel que realizar en su Casa Nacional este pr\u00f3ximo jueves a partir de las 6.30 de la tarde.<\/span><\/p>\n<p><span class=\"text1noticias\"> <\/span><\/p>\n<p><span class=\"text1noticias\">El panel se desarrollar\u00e1 en la Mesa del Dialogo de la JPLD, que organiza la Juventud del Partido de la Liberaci\u00f3n Dominicana en su sede nacional.<\/span><\/p>\n<p><span class=\"text1noticias\"> <\/span><\/p>\n<p><span class=\"text1noticias\">El senador Julio Cesar Valent\u00edn, jurista y vicepresidente de la Asamblea Revisora de la Constituci\u00f3n, desarrollar\u00e1 el tema \u00abAn\u00e1lisis Comparativo de las Constituciones de 1963 y 2010: Algunas similitudes progresistas.<\/span><\/p>\n<p><span class=\"text1noticias\"> <\/span><\/p>\n<p><span class=\"text1noticias\">Las invitaciones para el encuentro est\u00e1n circulando de manera personal y mediante las redes sociales del Partido de la Liberaci\u00f3n Dominicana<\/span><\/p>\n<p><span class=\"text1noticias\"> <\/span><\/p>\n<p><span class=\"text1noticias\">Franklin Rodr\u00edguez, Presidente de la Juventud del Partido de la Liberaci\u00f3n Dominicana,  motiv\u00f3 a los j\u00f3venes, amigos y simpatizantes del PLD a participar de este panel, que se organiza cumpliendo los objetivos de formar pol\u00edticamente a sus miembros.<\/span><\/p>\n<p><span class=\"text1noticias\"> <\/span><\/p>\n<p><span class=\"text1noticias\">\u00abComo siempre contamos con su importante y valiosa asistencia\u00bb escribe Rodr\u00edguez al tramitar la invitaci\u00f3n del panel conferencia del Senador Julio Cesar Valent\u00edn, miembro del Comit\u00e9 Pol\u00edtico del PLD. <\/span><\/p>\n<h6> 2014-11-04 19:03:51 <\/h6>\n<p><!--\n<link rel=\"stylesheet\" href=\"css\/bootstrap.min.css\">\n\n\n<ul class=\"pagination\">\n\t    \n\t\n\n<li >\n\t<a href='?page_no=14180'>Previous<\/a>\n\t<\/li>\n\n\n       \n    \n\n<li><a href='?page_no=1'>1<\/a><\/li>\n\n\n\n<li><a href='?page_no=2'>2<\/a><\/li>\n\n\n\n<li><a>...<\/a><\/li>\n\n\n\n<li><a href='?page_no=14179'>14179<\/a><\/li>\n\n\n\n<li><a href='?page_no=14180'>14180<\/a><\/li>\n\n\n\n<li class='active'><a>14181<\/a><\/li>\n\n\n\n<li><a href='?page_no=14182'>14182<\/a><\/li>\n\n\n\n<li><a href='?page_no=14183'>14183<\/a><\/li>\n\n\n\n<li><a>...<\/a><\/li>\n\n\n\n<li><a href='?page_no=36999'>36999<\/a><\/li>\n\n\n\n<li><a href='?page_no=37000'>37000<\/a><\/li>\n\n    \n\t\n\n<li >\n\t<a href='?page_no=14182'>Next<\/a>\n\t<\/li>\n\n\n    \n\n<li><a href='?page_no=37000'>Last &rsaquo;&rsaquo;<\/a><\/li>\n\n<\/ul>\n\n\n--><br \/>\n<\/body><\/p>\n","protected":false},"excerpt":{"rendered":"<p>Santo Domingo, RD, 4 de noviembre.- Con motivo de la celebraci\u00f3n del D\u00eda de la Constituci\u00f3n, el Partido de la Liberaci\u00f3n Dominicana (PLD) organiza un panel que realizar en su Casa Nacional este pr\u00f3ximo jueves a partir de las 6.30 de la tarde. El panel se desarrollar\u00e1 en la Mesa del Dialogo de la JPLD, [&hellip;]<\/p>\n","protected":false},"author":3,"featured_media":0,"comment_status":"open","ping_status":"open","sticky":false,"template":"","format":"standard","meta":{"footnotes":""},"categories":[22],"tags":[],"class_list":["post-161702","post","type-post","status-publish","format-standard","hentry","category-politica"],"_links":{"self":[{"href":"https:\/\/diariodominicano.com\/index.php?rest_route=\/wp\/v2\/posts\/161702","targetHints":{"allow":["GET"]}}],"collection":[{"href":"https:\/\/diariodominicano.com\/index.php?rest_route=\/wp\/v2\/posts"}],"about":[{"href":"https:\/\/diariodominicano.com\/index.php?rest_route=\/wp\/v2\/types\/post"}],"author":[{"embeddable":true,"href":"https:\/\/diariodominicano.com\/index.php?rest_route=\/wp\/v2\/users\/3"}],"replies":[{"embeddable":true,"href":"https:\/\/diariodominicano.com\/index.php?rest_route=%2Fwp%2Fv2%2Fcomments&post=161702"}],"version-history":[{"count":0,"href":"https:\/\/diariodominicano.com\/index.php?rest_route=\/wp\/v2\/posts\/161702\/revisions"}],"wp:attachment":[{"href":"https:\/\/diariodominicano.com\/index.php?rest_route=%2Fwp%2Fv2%2Fmedia&parent=161702"}],"wp:term":[{"taxonomy":"category","embeddable":true,"href":"https:\/\/diariodominicano.com\/index.php?rest_route=%2Fwp%2Fv2%2Fcategories&post=161702"},{"taxonomy":"post_tag","embeddable":true,"href":"https:\/\/diariodominicano.com\/index.php?rest_route=%2Fwp%2Fv2%2Ftags&post=161702"}],"curies":[{"name":"wp","href":"https:\/\/api.w.org\/{rel}","templated":true}]}}