{"id":161701,"date":"2014-11-04T19:11:51","date_gmt":"2014-11-04T19:11:51","guid":{"rendered":"http:\/\/diariodominicano.ddns.net\/?p=161701"},"modified":"2014-11-04T19:11:51","modified_gmt":"2014-11-04T19:11:51","slug":"san-cristobal-de-regocijo-municipal-por-el-dia-de-la-constitucion","status":"publish","type":"post","link":"https:\/\/diariodominicano.com\/?p=161701","title":{"rendered":"&#13;San Crist\u00f3bal de regocijo Municipal por el D\u00eda de la Constituci\u00f3n"},"content":{"rendered":"<p><body><\/p>\n<p><img decoding=\"async\" src=\"img3\/palacio.jpg\" \/>  <\/p>\n<\/p>\n<p><span class=\"text1noticias\">San Crist\u00f3bal, RD, 4 de octubre.- El Ayuntamiento de San Crist\u00f3bal declar\u00f3 el 6 de Noviembre \u00abno laborable y de regocijo municipal\u00bb, por la celebraci\u00f3n del 170 aniversario de la Constituci\u00f3n de la Rep\u00fablica.<\/span><\/p>\n<\/p>\n<p><span class=\"text1noticias\">En ese sentido, el alcalde Ra\u00fal Mondes\u00ed explic\u00f3 que se declara no laborable en el municipio de San Crist\u00f3bal este d\u00eda, por ser una efem\u00e9rides gloriosa, timbre y orgullo de esta demarcaci\u00f3n geogr\u00e1fica.<\/span><\/p>\n<\/p>\n<p><span class=\"text1noticias\">\u00abExhortamos a las instituciones y a todo el conglomerado san cristobalense urbano y rural a que engalanen sus edificaciones y viviendas con la ense\u00f1a tricolor como signo de admiraci\u00f3n y respeto a los que nos legaron la Constituci\u00f3n de la Rep\u00fablica\u00bb, sostuvo Mondes\u00ed.<\/span><\/p>\n<\/p>\n<p><span class=\"text1noticias\">La Sala Capitular de San Crist\u00f3bal aprob\u00f3 una resoluci\u00f3n en la que declara ese d\u00eda como \u00abno laborable y de regocijo municipal\u00bb.<\/span><\/p>\n<\/p>\n<p><span class=\"text1noticias\">Los regidores de los distintos partidos pol\u00edticos representados en ese Concejo Edilicio, expresaron que \u00abel municipio de San Crist\u00f3bal, cuna de transcendental conocimiento, debe festejar las efem\u00e9rides que dio fundamento legal al Estado Dominicano, en la primera fecha que se produjo el advenimiento de la primera Ley de Leyes que rige la Constituci\u00f3n de la Rep\u00fablica\u00bb.<\/span><\/p>\n<\/p>\n<p><span class=\"text1noticias\">Y a seguidas agrega: \u00abque es potestad del Ayuntamiento de San Crist\u00f3bal resolutar para normal las celebraciones patrias dentro de su jurisdicci\u00f3n\u00bb, seg\u00fan una nota de prensa.<\/span><\/p>\n<\/p>\n<p><span class=\"text1noticias\">El presidente del cabildo, Juan Lluberes, pidi\u00f3 a los sancristobalenses sumarse a la celebraci\u00f3n del 170 aniversario de la Constituci\u00f3n Dominicana.<\/span><\/p>\n<\/p>\n<h6> 2014-11-04 19:11:51 <\/h6>\n<p><!--\n<link rel=\"stylesheet\" href=\"css\/bootstrap.min.css\">\n\n\n<ul class=\"pagination\">\n\t    \n\t\n\n<li >\n\t<a href='?page_no=14179'>Previous<\/a>\n\t<\/li>\n\n\n       \n    \n\n<li><a href='?page_no=1'>1<\/a><\/li>\n\n\n\n<li><a href='?page_no=2'>2<\/a><\/li>\n\n\n\n<li><a>...<\/a><\/li>\n\n\n\n<li><a href='?page_no=14178'>14178<\/a><\/li>\n\n\n\n<li><a href='?page_no=14179'>14179<\/a><\/li>\n\n\n\n<li class='active'><a>14180<\/a><\/li>\n\n\n\n<li><a href='?page_no=14181'>14181<\/a><\/li>\n\n\n\n<li><a href='?page_no=14182'>14182<\/a><\/li>\n\n\n\n<li><a>...<\/a><\/li>\n\n\n\n<li><a href='?page_no=36999'>36999<\/a><\/li>\n\n\n\n<li><a href='?page_no=37000'>37000<\/a><\/li>\n\n    \n\t\n\n<li >\n\t<a href='?page_no=14181'>Next<\/a>\n\t<\/li>\n\n\n    \n\n<li><a href='?page_no=37000'>Last &rsaquo;&rsaquo;<\/a><\/li>\n\n<\/ul>\n\n\n--><br \/>\n<\/body><\/p>\n","protected":false},"excerpt":{"rendered":"<p>San Crist\u00f3bal, RD, 4 de octubre.- El Ayuntamiento de San Crist\u00f3bal declar\u00f3 el 6 de Noviembre \u00abno laborable y de regocijo municipal\u00bb, por la celebraci\u00f3n del 170 aniversario de la Constituci\u00f3n de la Rep\u00fablica. En ese sentido, el alcalde Ra\u00fal Mondes\u00ed explic\u00f3 que se declara no laborable en el municipio de San Crist\u00f3bal este d\u00eda, [&hellip;]<\/p>\n","protected":false},"author":3,"featured_media":0,"comment_status":"open","ping_status":"open","sticky":false,"template":"","format":"standard","meta":{"footnotes":""},"categories":[22],"tags":[],"class_list":["post-161701","post","type-post","status-publish","format-standard","hentry","category-politica"],"_links":{"self":[{"href":"https:\/\/diariodominicano.com\/index.php?rest_route=\/wp\/v2\/posts\/161701","targetHints":{"allow":["GET"]}}],"collection":[{"href":"https:\/\/diariodominicano.com\/index.php?rest_route=\/wp\/v2\/posts"}],"about":[{"href":"https:\/\/diariodominicano.com\/index.php?rest_route=\/wp\/v2\/types\/post"}],"author":[{"embeddable":true,"href":"https:\/\/diariodominicano.com\/index.php?rest_route=\/wp\/v2\/users\/3"}],"replies":[{"embeddable":true,"href":"https:\/\/diariodominicano.com\/index.php?rest_route=%2Fwp%2Fv2%2Fcomments&post=161701"}],"version-history":[{"count":0,"href":"https:\/\/diariodominicano.com\/index.php?rest_route=\/wp\/v2\/posts\/161701\/revisions"}],"wp:attachment":[{"href":"https:\/\/diariodominicano.com\/index.php?rest_route=%2Fwp%2Fv2%2Fmedia&parent=161701"}],"wp:term":[{"taxonomy":"category","embeddable":true,"href":"https:\/\/diariodominicano.com\/index.php?rest_route=%2Fwp%2Fv2%2Fcategories&post=161701"},{"taxonomy":"post_tag","embeddable":true,"href":"https:\/\/diariodominicano.com\/index.php?rest_route=%2Fwp%2Fv2%2Ftags&post=161701"}],"curies":[{"name":"wp","href":"https:\/\/api.w.org\/{rel}","templated":true}]}}