{"id":161699,"date":"2014-11-04T20:18:25","date_gmt":"2014-11-04T20:18:25","guid":{"rendered":"http:\/\/diariodominicano.ddns.net\/?p=161699"},"modified":"2014-11-04T20:18:25","modified_gmt":"2014-11-04T20:18:25","slug":"asegura-danilo-medina-y-leonel-fernandez-tienen-comunicacion-permanente","status":"publish","type":"post","link":"https:\/\/diariodominicano.com\/?p=161699","title":{"rendered":"Asegura Danilo Medina y Leonel Fern\u00e1ndez tienen comunicaci\u00f3n permanente&#13;"},"content":{"rendered":"<p><body><\/p>\n<p><img decoding=\"async\" src=\"img3\/franklin.jpg\" \/>  <\/p>\n<p><span class=\"text1noticias\">Santo Domingo, RD, 4 de Noviembre.- Franklin Almeyda, miembro del Comit\u00e9 Pol\u00edtico del Partido de la Liberaci\u00f3n Dominicana, neg\u00f3 que exista divisi\u00f3n en estos momentos en la organizaci\u00f3n pol\u00edtica como insin\u00faan sectores, que considera interesados.<\/span><\/p>\n<\/p>\n<p><span class=\"text1noticias\">Almeyda afirm\u00f3 que entre el presidente del Partido de la Liberaci\u00f3n Dominicana, Leonel Fern\u00e1ndez y el presidente de la Rep\u00fablica, Danilo Medina, existe una comunicaci\u00f3n permanente, as\u00ed como entre los miembros del Comit\u00e9 Pol\u00edtico y dem\u00e1s dirigentes.<\/span><\/p>\n<\/p>\n<p><span class=\"text1noticias\">\u00abLas divisiones, dec\u00eda el profesor Juan Bosch, se dan en la cabeza de los partidos. Los dirigentes son los que fragmentan los partidos pol\u00edticos\u00bb, explic\u00f3 Almeyda, entrevistado en el programa Por la Ma\u00f1ana.<\/span><\/p>\n<\/p>\n<p><span class=\"text1noticias\">El miembro fundador del PLD expres\u00f3 que esas especulaciones sobre supuesta divisi\u00f3n a lo interno de la organizaci\u00f3n, puesta a circular por adversarios, lo que pretenden es debilitar a la organizaci\u00f3n porque est\u00e1n conscientes de las posibilidades que tiene de retener el poder en las elecciones del 2016.<\/span><\/p>\n<\/p>\n<p><span class=\"text1noticias\">\u00abEl fondo del debate contra el Partido de la Liberaci\u00f3n Dominicana es que saben que es muy dif\u00edcil derrotarlo y esto se ha convertido en una necesidad para los adversarios\u00bb, coment\u00f3 Almeryda<\/span><\/p>\n<\/p>\n<p><span class=\"text1noticias\">Record\u00f3 que la primera embestida contra el PLD fue el supuesto d\u00e9ficit fiscal dejado por el expresidente Leonel Fern\u00e1ndez y que ahora el ataque est\u00e1 dirigido a algunos funcionarios pelede\u00edstas.<\/span><\/p>\n<\/p>\n<p><span class=\"text1noticias\">Adelant\u00f3 que el Partido de la Liberaci\u00f3n Dominicana retendr\u00e1 el poder en las pr\u00f3ximas elecciones presidenciales y que en ese periodo de gobierno la guerra ser\u00e1 contra la desigualdad social. \u00abLograremos superar grandes males que han afectado a la Rep\u00fablica Dominicana\u00bb.(HG)<\/span>.<\/p>\n<\/p>\n<h6> 2014-11-04 20:18:25 <\/h6>\n<p><!--\n<link rel=\"stylesheet\" href=\"css\/bootstrap.min.css\">\n\n\n<ul class=\"pagination\">\n\t    \n\t\n\n<li >\n\t<a href='?page_no=14178'>Previous<\/a>\n\t<\/li>\n\n\n       \n    \n\n<li><a href='?page_no=1'>1<\/a><\/li>\n\n\n\n<li><a href='?page_no=2'>2<\/a><\/li>\n\n\n\n<li><a>...<\/a><\/li>\n\n\n\n<li><a href='?page_no=14177'>14177<\/a><\/li>\n\n\n\n<li><a href='?page_no=14178'>14178<\/a><\/li>\n\n\n\n<li class='active'><a>14179<\/a><\/li>\n\n\n\n<li><a href='?page_no=14180'>14180<\/a><\/li>\n\n\n\n<li><a href='?page_no=14181'>14181<\/a><\/li>\n\n\n\n<li><a>...<\/a><\/li>\n\n\n\n<li><a href='?page_no=36999'>36999<\/a><\/li>\n\n\n\n<li><a href='?page_no=37000'>37000<\/a><\/li>\n\n    \n\t\n\n<li >\n\t<a href='?page_no=14180'>Next<\/a>\n\t<\/li>\n\n\n    \n\n<li><a href='?page_no=37000'>Last &rsaquo;&rsaquo;<\/a><\/li>\n\n<\/ul>\n\n\n--><br \/>\n<\/body><\/p>\n","protected":false},"excerpt":{"rendered":"<p>Santo Domingo, RD, 4 de Noviembre.- Franklin Almeyda, miembro del Comit\u00e9 Pol\u00edtico del Partido de la Liberaci\u00f3n Dominicana, neg\u00f3 que exista divisi\u00f3n en estos momentos en la organizaci\u00f3n pol\u00edtica como insin\u00faan sectores, que considera interesados. Almeyda afirm\u00f3 que entre el presidente del Partido de la Liberaci\u00f3n Dominicana, Leonel Fern\u00e1ndez y el presidente de la Rep\u00fablica, [&hellip;]<\/p>\n","protected":false},"author":3,"featured_media":0,"comment_status":"open","ping_status":"open","sticky":false,"template":"","format":"standard","meta":{"footnotes":""},"categories":[22],"tags":[],"class_list":["post-161699","post","type-post","status-publish","format-standard","hentry","category-politica"],"_links":{"self":[{"href":"https:\/\/diariodominicano.com\/index.php?rest_route=\/wp\/v2\/posts\/161699","targetHints":{"allow":["GET"]}}],"collection":[{"href":"https:\/\/diariodominicano.com\/index.php?rest_route=\/wp\/v2\/posts"}],"about":[{"href":"https:\/\/diariodominicano.com\/index.php?rest_route=\/wp\/v2\/types\/post"}],"author":[{"embeddable":true,"href":"https:\/\/diariodominicano.com\/index.php?rest_route=\/wp\/v2\/users\/3"}],"replies":[{"embeddable":true,"href":"https:\/\/diariodominicano.com\/index.php?rest_route=%2Fwp%2Fv2%2Fcomments&post=161699"}],"version-history":[{"count":0,"href":"https:\/\/diariodominicano.com\/index.php?rest_route=\/wp\/v2\/posts\/161699\/revisions"}],"wp:attachment":[{"href":"https:\/\/diariodominicano.com\/index.php?rest_route=%2Fwp%2Fv2%2Fmedia&parent=161699"}],"wp:term":[{"taxonomy":"category","embeddable":true,"href":"https:\/\/diariodominicano.com\/index.php?rest_route=%2Fwp%2Fv2%2Fcategories&post=161699"},{"taxonomy":"post_tag","embeddable":true,"href":"https:\/\/diariodominicano.com\/index.php?rest_route=%2Fwp%2Fv2%2Ftags&post=161699"}],"curies":[{"name":"wp","href":"https:\/\/api.w.org\/{rel}","templated":true}]}}