{"id":161698,"date":"2014-11-04T22:10:02","date_gmt":"2014-11-04T22:10:02","guid":{"rendered":"http:\/\/diariodominicano.ddns.net\/?p=161698"},"modified":"2014-11-04T22:10:02","modified_gmt":"2014-11-04T22:10:02","slug":"leonel-fernandez-abordara-temas-economicos-e-internacionales","status":"publish","type":"post","link":"https:\/\/diariodominicano.com\/?p=161698","title":{"rendered":"Leonel Fern\u00e0ndez abordar\u00e1 temas econ\u00f3micos e internacionales&#13;"},"content":{"rendered":"<p><body><\/p>\n<p><img decoding=\"async\" src=\"img3\/leonel.jpg\" \/>  <\/p>\n<p><span class=\"text1noticias\">Santo Domingo, RD, 4 de Noviembre.-El encuentro programado para el mediod\u00eda de este mi\u00e9rcoles con el ex presidente Leonel Fern\u00e1ndez, presidente del Partido de la Liberaci\u00f3n Dominicana (PLD), es un dialogo amplio sobre los temas econ\u00f3micos e internacionales con el periodista Alberto Padilla, de la cadena estadounidense CNN y que ser\u00e1 presenciado por un grupo de empresarios, quienes han contribuido para la materializaci\u00f3n del encuentro.<\/span><\/p>\n<p><span class=\"text1noticias\"> <\/span><\/p>\n<p><span class=\"text1noticias\">El conversatorio ser\u00e1 grabado y rese\u00f1ado en la revista especializada en temas econ\u00f3micos, \u00abMercado\u00bb, en el n\u00famero de cierre del a\u00f1o 2014 y por televisi\u00f3n en cadenas internacionales y en la televisi\u00f3n local, luego que se agote el ciclo de difusi\u00f3n comprometido.<\/span><\/p>\n<p><span class=\"text1noticias\"> <\/span><\/p>\n<p><span class=\"text1noticias\">La explicaci\u00f3n sobre la din\u00e1mica de este encuentro, primero en su g\u00e9nero que se realiza en el pa\u00eds, la ofreci\u00f3 una representaci\u00f3n  Grupo Estrat\u00e9gico Empresarial (GEE), grupo que organiza la actividad, a Vanguardia del Pueblo y la Voz del PLD.<\/span><\/p>\n<p><span class=\"text1noticias\"> <\/span><\/p>\n<p><span class=\"text1noticias\">Los asistentes se ubicar\u00e1n en 32 mesas estrat\u00e9gicamente colocadas que miran hacia el escenario preparado para la entrevista entre el periodista Padilla y el ex Presidente de la Rep\u00fablica, Leonel Fern\u00e1ndez.<\/span><\/p>\n<p><span class=\"text1noticias\"> <\/span><\/p>\n<p><span class=\"text1noticias\">\u00abEs un concepto novedoso  de comunicaci\u00f3n interactiva, muy usado en otros litorales, como en Estados Unidos y que por primera vez se usa en el pa\u00eds\u00bb explic\u00f3 el vocero del GEE, quien precis\u00f3 que la entrevista se realizar\u00e1 en el Embassy Suites by Hilton Silver Sun Gallery, de la ciudad  capital.<\/span><\/p>\n<\/p>\n<p><span class=\"text1noticias\">Explic\u00f3 que el Grupo Estrat\u00e9gico Empresarial (GEE)  tiene como objetivo ampliar el alcance y difusi\u00f3n de los proyectos del pa\u00eds, as\u00ed como del estudio de los ejes tem\u00e1ticos que se ha concentrado en desarrollar y que incluyen: educaci\u00f3n, energ\u00eda, seguridad alimentaria, salud y seguridad social, turismo, industria y vivienda.<\/span><\/p>\n<\/p>\n<p><span class=\"text1noticias\">La organizaci\u00f3n de este dialogo se ha confirmado en espacio publicitario en los medios impresos, cuenta con apoyo en el montaje de la Fundaci\u00f3n Global Democracia y Desarrollo, de la cual Leonel Fern\u00e1ndez es su Presidente.<\/span><\/p>\n<\/p>\n<p><span class=\"text1noticias\">El dialogo &#8211; entrevista tiene un car\u00e1cter exclusivo, se permitir\u00e1 a la prensa entrar al sal\u00f3n    tomar im\u00e1genes  fotogr\u00e1ficas y c\u00e1maras de televisi\u00f3n en un tiempo breve.<\/span><\/p>\n<\/p>\n<p><span class=\"text1noticias\">Dirigentes medios del Partido de la Liberaci\u00f3n Dominicana confirmaron que se colocar\u00e1n en los alrededores del centro hoteleros para saludar a su paso hacia el lugar,  al ex Presidente de la Rep\u00fablica y Presidente del PLD.(HG)<\/span>.<\/p>\n<h6> 2014-11-04 22:10:02 <\/h6>\n<p><!--\n<link rel=\"stylesheet\" href=\"css\/bootstrap.min.css\">\n\n\n<ul class=\"pagination\">\n\t    \n\t\n\n<li >\n\t<a href='?page_no=14177'>Previous<\/a>\n\t<\/li>\n\n\n       \n    \n\n<li><a href='?page_no=1'>1<\/a><\/li>\n\n\n\n<li><a href='?page_no=2'>2<\/a><\/li>\n\n\n\n<li><a>...<\/a><\/li>\n\n\n\n<li><a href='?page_no=14176'>14176<\/a><\/li>\n\n\n\n<li><a href='?page_no=14177'>14177<\/a><\/li>\n\n\n\n<li class='active'><a>14178<\/a><\/li>\n\n\n\n<li><a href='?page_no=14179'>14179<\/a><\/li>\n\n\n\n<li><a href='?page_no=14180'>14180<\/a><\/li>\n\n\n\n<li><a>...<\/a><\/li>\n\n\n\n<li><a href='?page_no=36999'>36999<\/a><\/li>\n\n\n\n<li><a href='?page_no=37000'>37000<\/a><\/li>\n\n    \n\t\n\n<li >\n\t<a href='?page_no=14179'>Next<\/a>\n\t<\/li>\n\n\n    \n\n<li><a href='?page_no=37000'>Last &rsaquo;&rsaquo;<\/a><\/li>\n\n<\/ul>\n\n\n--><br \/>\n<\/body><\/p>\n","protected":false},"excerpt":{"rendered":"<p>Santo Domingo, RD, 4 de Noviembre.-El encuentro programado para el mediod\u00eda de este mi\u00e9rcoles con el ex presidente Leonel Fern\u00e1ndez, presidente del Partido de la Liberaci\u00f3n Dominicana (PLD), es un dialogo amplio sobre los temas econ\u00f3micos e internacionales con el periodista Alberto Padilla, de la cadena estadounidense CNN y que ser\u00e1 presenciado por un grupo [&hellip;]<\/p>\n","protected":false},"author":3,"featured_media":0,"comment_status":"open","ping_status":"open","sticky":false,"template":"","format":"standard","meta":{"footnotes":""},"categories":[22],"tags":[],"class_list":["post-161698","post","type-post","status-publish","format-standard","hentry","category-politica"],"_links":{"self":[{"href":"https:\/\/diariodominicano.com\/index.php?rest_route=\/wp\/v2\/posts\/161698","targetHints":{"allow":["GET"]}}],"collection":[{"href":"https:\/\/diariodominicano.com\/index.php?rest_route=\/wp\/v2\/posts"}],"about":[{"href":"https:\/\/diariodominicano.com\/index.php?rest_route=\/wp\/v2\/types\/post"}],"author":[{"embeddable":true,"href":"https:\/\/diariodominicano.com\/index.php?rest_route=\/wp\/v2\/users\/3"}],"replies":[{"embeddable":true,"href":"https:\/\/diariodominicano.com\/index.php?rest_route=%2Fwp%2Fv2%2Fcomments&post=161698"}],"version-history":[{"count":0,"href":"https:\/\/diariodominicano.com\/index.php?rest_route=\/wp\/v2\/posts\/161698\/revisions"}],"wp:attachment":[{"href":"https:\/\/diariodominicano.com\/index.php?rest_route=%2Fwp%2Fv2%2Fmedia&parent=161698"}],"wp:term":[{"taxonomy":"category","embeddable":true,"href":"https:\/\/diariodominicano.com\/index.php?rest_route=%2Fwp%2Fv2%2Fcategories&post=161698"},{"taxonomy":"post_tag","embeddable":true,"href":"https:\/\/diariodominicano.com\/index.php?rest_route=%2Fwp%2Fv2%2Ftags&post=161698"}],"curies":[{"name":"wp","href":"https:\/\/api.w.org\/{rel}","templated":true}]}}