{"id":161697,"date":"2014-11-04T23:13:26","date_gmt":"2014-11-04T23:13:26","guid":{"rendered":"http:\/\/diariodominicano.ddns.net\/?p=161697"},"modified":"2014-11-04T23:13:26","modified_gmt":"2014-11-04T23:13:26","slug":"leonel-fernandez-es-la-mejor-opcion-que-tiene-el-pais-para-el-2016","status":"publish","type":"post","link":"https:\/\/diariodominicano.com\/?p=161697","title":{"rendered":"Leonel Fern\u00e1ndez es la mejor opci\u00f3n que tiene el pa\u00eds para el 2016"},"content":{"rendered":"<p><body><\/p>\n<p><img decoding=\"async\" src=\"http:\/\/localhost:8080\/img3\/Luis.jpeg\" \/>  <\/p>\n<p><span class=\"text1noticias\">Santo Domingo, RD, 4 de Noviembre.- El coordinador del Sector Externo con Leonel, Luis Toral, asegur\u00f3 que los gobiernos del Partido de la Liberaci\u00f3n Dominicana, encabezados por el ex presidente Leonel Fern\u00e1ndez han sido extraordinarios para el desarrollo de la Rep\u00fablica Dominicana.<\/span><\/p>\n<\/p>\n<p><span class=\"text1noticias\">Al mismo tiempo se\u00f1al\u00f3 que en el panorama nacional y observando las caracter\u00edsticas de los precandidatos de los distintos partidos pol\u00edticos, el ex mandatario es la mejor opci\u00f3n de gobierno que tiene la patria.<\/span><\/p>\n<\/p>\n<p><span class=\"text1noticias\">Al ser entrevistado en el programa de televisi\u00f3n El D\u00eda, Toral, quien fue designado por Leonel para recoger en todo el pa\u00eds el sentir de la gente con respecto a su precandidatura, dijo que hubo una intensi\u00f3n p\u00fablica de \u00e9ste en mantener viva la econom\u00eda, en momentos en que el mundo estaba en crisis econ\u00f3mica. \u00abSi hacemos un recorrido por el pa\u00eds podremos ver calles, canchas, contenes, iglesias, clubes comunitarios, escuelas, hospitales; estas peque\u00f1as obras son la mejor manera de dinamizar el sector econ\u00f3mico\u00bb, detall\u00f3. <\/span><\/p>\n<\/p>\n<p><span class=\"text1noticias\">\u00abSi Leonel Fern\u00e1ndez no hace las inversiones en el 2011 y 2012, Danilo hubiese encontrado un pa\u00eds estancado\u00bb, subray\u00f3. Seg\u00fan lo expresado por el dirigente pol\u00edtico, Leonel Fern\u00e1ndez ha gobernado la Rep\u00fablica Dominicana durante 12 a\u00f1os y s\u00f3lo de los dos \u00faltimos a\u00f1os hay cr\u00edticas, debido al d\u00e9ficit econ\u00f3mico, sin embargo, explica que esto se debi\u00f3 a que el pa\u00eds no estaba protegido ante la deflaci\u00f3n internacional motivada por crisis y aun as\u00ed se mantuvo firme la estabilidad de la macroeconom\u00eda y la acumulaci\u00f3n de reservas del pa\u00eds.<\/span><\/p>\n<\/p>\n<p><span class=\"text1noticias\">El problema mayor estuvo, dijo a los periodistas del programa que se transmite por Telesistema en que este d\u00e9ficit se produjo en un a\u00f1o electoral. Luis Toral, reformista de gran trayectoria y quien se hab\u00eda tomado un descanso en la pol\u00edtica, expres\u00f3 que volvi\u00f3 a las calles a coordinar este proyecto porque para que contin\u00faen las buenas obras de los gobiernos del PLD el regreso de Leonel Fern\u00e1ndez es inminentemente necesario y la gente est\u00e1 pidiendo este regreso.(HG)<\/span>.<\/p>\n<\/p>\n<h6> 2014-11-04 23:13:26 <\/h6>\n<p><!--\n<link rel=\"stylesheet\" href=\"css\/bootstrap.min.css\">\n\n\n<ul class=\"pagination\">\n\t    \n\t\n\n<li >\n\t<a href='?page_no=14176'>Previous<\/a>\n\t<\/li>\n\n\n       \n    \n\n<li><a href='?page_no=1'>1<\/a><\/li>\n\n\n\n<li><a href='?page_no=2'>2<\/a><\/li>\n\n\n\n<li><a>...<\/a><\/li>\n\n\n\n<li><a href='?page_no=14175'>14175<\/a><\/li>\n\n\n\n<li><a href='?page_no=14176'>14176<\/a><\/li>\n\n\n\n<li class='active'><a>14177<\/a><\/li>\n\n\n\n<li><a href='?page_no=14178'>14178<\/a><\/li>\n\n\n\n<li><a href='?page_no=14179'>14179<\/a><\/li>\n\n\n\n<li><a>...<\/a><\/li>\n\n\n\n<li><a href='?page_no=36999'>36999<\/a><\/li>\n\n\n\n<li><a href='?page_no=37000'>37000<\/a><\/li>\n\n    \n\t\n\n<li >\n\t<a href='?page_no=14178'>Next<\/a>\n\t<\/li>\n\n\n    \n\n<li><a href='?page_no=37000'>Last &rsaquo;&rsaquo;<\/a><\/li>\n\n<\/ul>\n\n\n--><br \/>\n<\/body><\/p>\n","protected":false},"excerpt":{"rendered":"<p>Santo Domingo, RD, 4 de Noviembre.- El coordinador del Sector Externo con Leonel, Luis Toral, asegur\u00f3 que los gobiernos del Partido de la Liberaci\u00f3n Dominicana, encabezados por el ex presidente Leonel Fern\u00e1ndez han sido extraordinarios para el desarrollo de la Rep\u00fablica Dominicana. Al mismo tiempo se\u00f1al\u00f3 que en el panorama nacional y observando las caracter\u00edsticas [&hellip;]<\/p>\n","protected":false},"author":3,"featured_media":0,"comment_status":"open","ping_status":"open","sticky":false,"template":"","format":"standard","meta":{"footnotes":""},"categories":[22],"tags":[],"class_list":["post-161697","post","type-post","status-publish","format-standard","hentry","category-politica"],"_links":{"self":[{"href":"https:\/\/diariodominicano.com\/index.php?rest_route=\/wp\/v2\/posts\/161697","targetHints":{"allow":["GET"]}}],"collection":[{"href":"https:\/\/diariodominicano.com\/index.php?rest_route=\/wp\/v2\/posts"}],"about":[{"href":"https:\/\/diariodominicano.com\/index.php?rest_route=\/wp\/v2\/types\/post"}],"author":[{"embeddable":true,"href":"https:\/\/diariodominicano.com\/index.php?rest_route=\/wp\/v2\/users\/3"}],"replies":[{"embeddable":true,"href":"https:\/\/diariodominicano.com\/index.php?rest_route=%2Fwp%2Fv2%2Fcomments&post=161697"}],"version-history":[{"count":0,"href":"https:\/\/diariodominicano.com\/index.php?rest_route=\/wp\/v2\/posts\/161697\/revisions"}],"wp:attachment":[{"href":"https:\/\/diariodominicano.com\/index.php?rest_route=%2Fwp%2Fv2%2Fmedia&parent=161697"}],"wp:term":[{"taxonomy":"category","embeddable":true,"href":"https:\/\/diariodominicano.com\/index.php?rest_route=%2Fwp%2Fv2%2Fcategories&post=161697"},{"taxonomy":"post_tag","embeddable":true,"href":"https:\/\/diariodominicano.com\/index.php?rest_route=%2Fwp%2Fv2%2Ftags&post=161697"}],"curies":[{"name":"wp","href":"https:\/\/api.w.org\/{rel}","templated":true}]}}