{"id":161696,"date":"2014-11-05T00:19:23","date_gmt":"2014-11-05T00:19:23","guid":{"rendered":"http:\/\/diariodominicano.ddns.net\/?p=161696"},"modified":"2014-11-05T00:19:23","modified_gmt":"2014-11-05T00:19:23","slug":"sin-fecha-fija-posponen-congreso-fortalecimiento-democracia-dominicana","status":"publish","type":"post","link":"https:\/\/diariodominicano.com\/?p=161696","title":{"rendered":"Sin fecha fija, posponen Congreso Fortalecimiento Democracia Dominicana"},"content":{"rendered":"<p><body><\/p>\n<p><span class=\"text1noticias\">Santo Domingo, R. D., 4 de noviembre.- El Instituto de Formaci\u00f3n Pol\u00edtica (IFP) del Partido Reformista Social Cristiano (PRSC), anunci\u00f3 la posposici\u00f3n  del \u00abCongreso Fortalecimiento de la Democracia Dominicana\u00bb  que estaba programado para celebrarse este mi\u00e9rcoles en el Hotel Embassy Suites, de la Capital.<\/span><\/p>\n<p><span class=\"text1noticias\"> <\/span><\/p>\n<p><span class=\"text1noticias\">La entidad explic\u00f3 que la decisi\u00f3n de posponer el evento tiene que ver \u00abcon los rumores de hechos ajenos a nuestra voluntad que podr\u00edan afectar el desarrollo del mismo\u00bb.<\/span><\/p>\n<p><span class=\"text1noticias\"> <\/span><\/p>\n<p><span class=\"text1noticias\">De acuerdo a una nota enviada por la Secretaria de Comunicaci\u00f3n del PRSC, la nueva fecha del congreso ser\u00e1 anunciada pr\u00f3ximamente.<\/span><\/p>\n<p><span class=\"text1noticias\"> <\/span><\/p>\n<p><span class=\"text1noticias\">\u00abLamentamos este nuevo aplazamiento, el primero por el doloroso fallecimiento del ingeniero Carlos Morales Troncoso, y \u00e9ste por rumores de hechos ajenos a nuestra voluntad que podr\u00edan afectar el desarrollo del mismo\u00bb, agrega la nota.<\/span><\/p>\n<p><span class=\"text1noticias\"> <\/span><\/p>\n<p><span class=\"text1noticias\">Pidieron excusas a todas las personas que participar\u00edan como exponentes, panelistas e invitadas al congreso, donde se analizar\u00e1n los principales temas que conforman la agenda electoral dominic<\/span>ana.<\/p>\n<h6> 2014-11-05 00:19:23 <\/h6>\n<p><!--\n<link rel=\"stylesheet\" href=\"css\/bootstrap.min.css\">\n\n\n<ul class=\"pagination\">\n\t    \n\t\n\n<li >\n\t<a href='?page_no=14175'>Previous<\/a>\n\t<\/li>\n\n\n       \n    \n\n<li><a href='?page_no=1'>1<\/a><\/li>\n\n\n\n<li><a href='?page_no=2'>2<\/a><\/li>\n\n\n\n<li><a>...<\/a><\/li>\n\n\n\n<li><a href='?page_no=14174'>14174<\/a><\/li>\n\n\n\n<li><a href='?page_no=14175'>14175<\/a><\/li>\n\n\n\n<li class='active'><a>14176<\/a><\/li>\n\n\n\n<li><a href='?page_no=14177'>14177<\/a><\/li>\n\n\n\n<li><a href='?page_no=14178'>14178<\/a><\/li>\n\n\n\n<li><a>...<\/a><\/li>\n\n\n\n<li><a href='?page_no=36999'>36999<\/a><\/li>\n\n\n\n<li><a href='?page_no=37000'>37000<\/a><\/li>\n\n    \n\t\n\n<li >\n\t<a href='?page_no=14177'>Next<\/a>\n\t<\/li>\n\n\n    \n\n<li><a href='?page_no=37000'>Last &rsaquo;&rsaquo;<\/a><\/li>\n\n<\/ul>\n\n\n--><br \/>\n<\/body><\/p>\n","protected":false},"excerpt":{"rendered":"<p>Santo Domingo, R. D., 4 de noviembre.- El Instituto de Formaci\u00f3n Pol\u00edtica (IFP) del Partido Reformista Social Cristiano (PRSC), anunci\u00f3 la posposici\u00f3n del \u00abCongreso Fortalecimiento de la Democracia Dominicana\u00bb que estaba programado para celebrarse este mi\u00e9rcoles en el Hotel Embassy Suites, de la Capital. La entidad explic\u00f3 que la decisi\u00f3n de posponer el evento tiene [&hellip;]<\/p>\n","protected":false},"author":3,"featured_media":0,"comment_status":"open","ping_status":"open","sticky":false,"template":"","format":"standard","meta":{"footnotes":""},"categories":[22],"tags":[],"class_list":["post-161696","post","type-post","status-publish","format-standard","hentry","category-politica"],"_links":{"self":[{"href":"https:\/\/diariodominicano.com\/index.php?rest_route=\/wp\/v2\/posts\/161696","targetHints":{"allow":["GET"]}}],"collection":[{"href":"https:\/\/diariodominicano.com\/index.php?rest_route=\/wp\/v2\/posts"}],"about":[{"href":"https:\/\/diariodominicano.com\/index.php?rest_route=\/wp\/v2\/types\/post"}],"author":[{"embeddable":true,"href":"https:\/\/diariodominicano.com\/index.php?rest_route=\/wp\/v2\/users\/3"}],"replies":[{"embeddable":true,"href":"https:\/\/diariodominicano.com\/index.php?rest_route=%2Fwp%2Fv2%2Fcomments&post=161696"}],"version-history":[{"count":0,"href":"https:\/\/diariodominicano.com\/index.php?rest_route=\/wp\/v2\/posts\/161696\/revisions"}],"wp:attachment":[{"href":"https:\/\/diariodominicano.com\/index.php?rest_route=%2Fwp%2Fv2%2Fmedia&parent=161696"}],"wp:term":[{"taxonomy":"category","embeddable":true,"href":"https:\/\/diariodominicano.com\/index.php?rest_route=%2Fwp%2Fv2%2Fcategories&post=161696"},{"taxonomy":"post_tag","embeddable":true,"href":"https:\/\/diariodominicano.com\/index.php?rest_route=%2Fwp%2Fv2%2Ftags&post=161696"}],"curies":[{"name":"wp","href":"https:\/\/api.w.org\/{rel}","templated":true}]}}