{"id":161695,"date":"2014-11-05T02:04:36","date_gmt":"2014-11-05T02:04:36","guid":{"rendered":"http:\/\/diariodominicano.ddns.net\/?p=161695"},"modified":"2014-11-05T02:04:36","modified_gmt":"2014-11-05T02:04:36","slug":"jovenes-del-prm-apoyan-a-procurador-dominguez-brito-en-lucha-contra-corrupcion","status":"publish","type":"post","link":"https:\/\/diariodominicano.com\/?p=161695","title":{"rendered":"J\u00f3venes del PRM apoyan a Procurador Dom\u00ednguez Brito en lucha contra corrupci\u00f3n"},"content":{"rendered":"<p><body><\/p>\n<p><img decoding=\"async\" src=\"img3\/unnamed.jpg\" \/>  <\/p>\n<p><span class=\"text1noticias\">Santo Domingo, R. D., 4 de noviembre.- Los Abogados J\u00f3venes del Partido Revolucionario Moderno (PRM) manifestaron su apoyo al Procurador General de la Rep\u00fablica Lic. Francisco Dom\u00ednguez Brito, la Presidenta de los Abogados J\u00f3venes del PRM y Primera Vicepresidenta de la Juventud Revolucionaria Moderna, Licda. Carolina Serrata M\u00e9ndez, declar\u00f3 en nombre de los organismos que representa, apoyo irrestricto a los esfuerzos que hace el ministerio p\u00fablico por adecentar el ejercicio de la funci\u00f3n.<\/span><\/p>\n<p><span class=\"text1noticias\"> <\/span><\/p>\n<p><span class=\"text1noticias\">Serrata M\u00e9ndez afirmo que, la raz\u00f3n fundamental de su apoyo en este momento al procurador se debe a la coherencia en las acciones que ha llevado, y conseguir esclarecer los hechos de casos que en momentos se consideraron intocables como fue el caso del periodista Orlando Mart\u00ednez, por lo que un porcentaje alt\u00edsimo de la poblaci\u00f3n se muestra esperanzada de ver resultados positivos en esta especie de cruzada que ha iniciado el Procurador para someter a juicio a quienes se sospeche su participaci\u00f3n en hechos considerados penalmente sancionados por el Estado\u00bb. <\/span><\/p>\n<p><span class=\"text1noticias\"> <\/span><\/p>\n<p><span class=\"text1noticias\">La Abogada Penalista Licda. Carolina Serrata a\u00f1adi\u00f3 que el procurador ha demostrado que los casos investigados no se deben a persecuciones pol\u00edticas, mas sin embargo entendemos que la querellas y amenazas de interpelaci\u00f3n que sectores mal intencionados han afirmado que se han puesto en marcha, tratan de distorsionar los hechos , les recordamos que la misma constituci\u00f3n de la Rep\u00fablica en su art\u00edculo 95 en el ac\u00e1pite de las interpelaciones ante el congreso nacional no incluye la figura del Procurador General de la Rep\u00fablica, previendo esta persecuci\u00f3n que han iniciado en contra del m\u00e1ximo representante del ministerio p\u00fablico ya que el perseguido es \u00e9l \u00bb La Licda. Serrata se\u00f1alo que, \u00abExiste una gran preocupaci\u00f3n por parte de sectores sanos de nuestra sociedad respecto a la inercia e indiferencia que ha caracterizado a una buena parte de los organismos represivos del Estado respecto a este tema, pero que en vista de la importancia capital que adquiere este esfuerzo que hace la procuradur\u00eda general de la rep\u00fablica por someter incluso, a ex funcionarios del actual partido de gobierno, Los Abogados J\u00f3venes del PRM estamos en la plena disposici\u00f3n de colaborar y ser parte de los abogados defensores del procurador, ya que sin mirar banderas, ni colores, la democracia y el respeto al intereses colectivo es una prioridad\u00bb <\/span><\/p>\n<p><span class=\"text1noticias\"> <\/span><\/p>\n<p><span class=\"text1noticias\">Estas declaraciones fueron ofrecidas durante la rueda de prensa se realiz\u00f3 en el Instituto de Formaci\u00f3n Pol\u00edtica Dr. Jos\u00e9 Francisco Pe\u00f1a G\u00f3mez que encabez\u00f3 la Licda. Carolina Serrata  M\u00e9ndez Presidenta de los Abogados J\u00f3venes del PRM y 1era Vicepresidenta Nacional de la Juventud Revolucionaria Moderna (JPRM), el Lic. Claudio Hidalgo Portes, Director Nacional de Asuntos Legales de la JPRM, el Lic. Juan Alberto Liranzo P\u00e9rez, Secretario Nacional de Pensamiento Democr\u00e1tico; Lic. Francisco Mojica, Secretario Nacional de Gesti\u00f3n con la Sociedad Civil; Lic. Robinson Morillo, Lic. Ismael Frias Arias; Angelo Ayala, Secretario Nacional de Movilizaciones JPRM, Joaqu\u00edn Fern\u00e1ndez, entre otr<\/span>os.<\/p>\n<h6> 2014-11-05 02:04:36 <\/h6>\n<p><!--\n<link rel=\"stylesheet\" href=\"css\/bootstrap.min.css\">\n\n\n<ul class=\"pagination\">\n\t    \n\t\n\n<li >\n\t<a href='?page_no=14174'>Previous<\/a>\n\t<\/li>\n\n\n       \n    \n\n<li><a href='?page_no=1'>1<\/a><\/li>\n\n\n\n<li><a href='?page_no=2'>2<\/a><\/li>\n\n\n\n<li><a>...<\/a><\/li>\n\n\n\n<li><a href='?page_no=14173'>14173<\/a><\/li>\n\n\n\n<li><a href='?page_no=14174'>14174<\/a><\/li>\n\n\n\n<li class='active'><a>14175<\/a><\/li>\n\n\n\n<li><a href='?page_no=14176'>14176<\/a><\/li>\n\n\n\n<li><a href='?page_no=14177'>14177<\/a><\/li>\n\n\n\n<li><a>...<\/a><\/li>\n\n\n\n<li><a href='?page_no=36999'>36999<\/a><\/li>\n\n\n\n<li><a href='?page_no=37000'>37000<\/a><\/li>\n\n    \n\t\n\n<li >\n\t<a href='?page_no=14176'>Next<\/a>\n\t<\/li>\n\n\n    \n\n<li><a href='?page_no=37000'>Last &rsaquo;&rsaquo;<\/a><\/li>\n\n<\/ul>\n\n\n--><br \/>\n<\/body><\/p>\n","protected":false},"excerpt":{"rendered":"<p>Santo Domingo, R. D., 4 de noviembre.- Los Abogados J\u00f3venes del Partido Revolucionario Moderno (PRM) manifestaron su apoyo al Procurador General de la Rep\u00fablica Lic. Francisco Dom\u00ednguez Brito, la Presidenta de los Abogados J\u00f3venes del PRM y Primera Vicepresidenta de la Juventud Revolucionaria Moderna, Licda. Carolina Serrata M\u00e9ndez, declar\u00f3 en nombre de los organismos que [&hellip;]<\/p>\n","protected":false},"author":3,"featured_media":0,"comment_status":"open","ping_status":"open","sticky":false,"template":"","format":"standard","meta":{"footnotes":""},"categories":[22],"tags":[],"class_list":["post-161695","post","type-post","status-publish","format-standard","hentry","category-politica"],"_links":{"self":[{"href":"https:\/\/diariodominicano.com\/index.php?rest_route=\/wp\/v2\/posts\/161695","targetHints":{"allow":["GET"]}}],"collection":[{"href":"https:\/\/diariodominicano.com\/index.php?rest_route=\/wp\/v2\/posts"}],"about":[{"href":"https:\/\/diariodominicano.com\/index.php?rest_route=\/wp\/v2\/types\/post"}],"author":[{"embeddable":true,"href":"https:\/\/diariodominicano.com\/index.php?rest_route=\/wp\/v2\/users\/3"}],"replies":[{"embeddable":true,"href":"https:\/\/diariodominicano.com\/index.php?rest_route=%2Fwp%2Fv2%2Fcomments&post=161695"}],"version-history":[{"count":0,"href":"https:\/\/diariodominicano.com\/index.php?rest_route=\/wp\/v2\/posts\/161695\/revisions"}],"wp:attachment":[{"href":"https:\/\/diariodominicano.com\/index.php?rest_route=%2Fwp%2Fv2%2Fmedia&parent=161695"}],"wp:term":[{"taxonomy":"category","embeddable":true,"href":"https:\/\/diariodominicano.com\/index.php?rest_route=%2Fwp%2Fv2%2Fcategories&post=161695"},{"taxonomy":"post_tag","embeddable":true,"href":"https:\/\/diariodominicano.com\/index.php?rest_route=%2Fwp%2Fv2%2Ftags&post=161695"}],"curies":[{"name":"wp","href":"https:\/\/api.w.org\/{rel}","templated":true}]}}