{"id":161694,"date":"2014-11-05T16:27:32","date_gmt":"2014-11-05T16:27:32","guid":{"rendered":"http:\/\/diariodominicano.ddns.net\/?p=161694"},"modified":"2014-11-05T16:27:32","modified_gmt":"2014-11-05T16:27:32","slug":"prsc-anuncio-hoy-su-total-respaldo-a-la-sentencia-del-tribunal-constitucional-invalida-adhesion-a-cidh","status":"publish","type":"post","link":"https:\/\/diariodominicano.com\/?p=161694","title":{"rendered":"PRSC anunci\u00f3 hoy su \u00abtotal respaldo\u00bb a la sentencia del Tribunal Constitucional inv\u00e1lida adhesi\u00f3n a CIDH"},"content":{"rendered":"<p><body><\/p>\n<p><img decoding=\"async\" src=\"img3\/ramon 5.jpg\" \/><br \/><img decoding=\"async\" src=\"img3\/genao 5.jpg\" \/>  <\/p>\n<p>Santo Domingo RD 5 noviembre.- El Partido Reformista Social Cristiano, PRSC,  anunci\u00f3 hoy su respaldo total a la sentencia del Tribunal Constitucional que inv\u00e1lida la adhesi\u00f3n del Estado Dominicano a la Corte Interamericana de Derechos Humanos, CIDH,  porque, a su entender,  no cuenta con la ratificaci\u00f3n del Poder Congresional tal como lo establece nuestra Constituci\u00f3n. <\/p>\n<\/p>\n<p>El Secretario General y Vocero de los diputados reformistas,  Ram\u00f3n Rogelio Genao,   indic\u00f3 que en las actas del Congreso no existe ninguna aprobaci\u00f3n de tratado o convenio alguno que d\u00e9 jurisdicci\u00f3n a la CIDH sobre la Rep\u00fablica Dominicana, por lo que el PRSC respalda en un 100% la decisi\u00f3n del Tribunal Constitucional.<\/p>\n<\/p>\n<p>\u00abEl Gobierno y ninguno de los funcionarios del Ejecutivo pueden comprometer en el cumplimiento ni al Estado, ni pueblo dominicano de lo que la Constituci\u00f3n no manda&#8230;sin importar quien diga lo contrario,  las decisiones del CIDH no son aplicable al Estado, pueblo ni Gobierno Dominicano\u00bb.<\/p>\n<\/p>\n<p>Asegur\u00f3 que los gobiernos del PRSC y del PRD nunca adhirieron al Pa\u00eds a la CIDH por las implicaciones y manera irresponsable con que ese \u00f3rgano maneja los temas e igual que Rep\u00fablica Dominicana otros pa\u00edses no se afiliaron o se desafiliaron de dicho organismo,  por lo que no entiende las razones de algunos funcionarios pelede\u00edstas en insistir en la supuesta membres\u00eda del pa\u00eds en esa Corte.<\/p>\n<\/p>\n<p>\u00abEl Congreso Nacional,  primer poder del Estado,  no ha ratificado la membres\u00eda o afiliaci\u00f3n del pa\u00eds a la CIDH  por lo tanto no es soberana y ning\u00fan poder o funcionario alguno puede imponer al pueblo y al Estado lo que la Constituci\u00f3n no manda&#8230;g\u00fastele o no,  ninguna sentencia del CIDH le es imponible a los Dominicanos\u00bb.<\/p>\n<\/p>\n<p>Genao proclam\u00f3, que el Ejecutivo s\u00ed est\u00e1 obligado con las decisiones del Tribunal Constitucional Dominicano y que debe acoger la sentencia del mismo que inv\u00e1lida la adhesi\u00f3n a la Corte y comunicar soberanamente v\u00eda Canciller\u00eda al mundo que no pertenecemos ni reconocemos competencia al CIDH.<\/p>\n<\/p>\n<p>\u00abCon la soberan\u00eda no hay espacio para culebreos, malabarismos ni blandenguer\u00edas&#8230;..el Partido Reformista exige al Ejecutivo una posici\u00f3n clara, patri\u00f3tica, responsable y ajustada a nuestro ordenamiento jur\u00eddico frente a las acciones injerencista y difamadoras de la CIDH contra el pa\u00eds\u00bb concluy\u00f3 Genao.<\/p>\n<h6> 2014-11-05 16:27:32 <\/h6>\n<p><!--\n<link rel=\"stylesheet\" href=\"css\/bootstrap.min.css\">\n\n\n<ul class=\"pagination\">\n\t    \n\t\n\n<li >\n\t<a href='?page_no=14173'>Previous<\/a>\n\t<\/li>\n\n\n       \n    \n\n<li><a href='?page_no=1'>1<\/a><\/li>\n\n\n\n<li><a href='?page_no=2'>2<\/a><\/li>\n\n\n\n<li><a>...<\/a><\/li>\n\n\n\n<li><a href='?page_no=14172'>14172<\/a><\/li>\n\n\n\n<li><a href='?page_no=14173'>14173<\/a><\/li>\n\n\n\n<li class='active'><a>14174<\/a><\/li>\n\n\n\n<li><a href='?page_no=14175'>14175<\/a><\/li>\n\n\n\n<li><a href='?page_no=14176'>14176<\/a><\/li>\n\n\n\n<li><a>...<\/a><\/li>\n\n\n\n<li><a href='?page_no=36999'>36999<\/a><\/li>\n\n\n\n<li><a href='?page_no=37000'>37000<\/a><\/li>\n\n    \n\t\n\n<li >\n\t<a href='?page_no=14175'>Next<\/a>\n\t<\/li>\n\n\n    \n\n<li><a href='?page_no=37000'>Last &rsaquo;&rsaquo;<\/a><\/li>\n\n<\/ul>\n\n\n--><br \/>\n<\/body><\/p>\n","protected":false},"excerpt":{"rendered":"<p>Santo Domingo RD 5 noviembre.- El Partido Reformista Social Cristiano, PRSC, anunci\u00f3 hoy su respaldo total a la sentencia del Tribunal Constitucional que inv\u00e1lida la adhesi\u00f3n del Estado Dominicano a la Corte Interamericana de Derechos Humanos, CIDH, porque, a su entender, no cuenta con la ratificaci\u00f3n del Poder Congresional tal como lo establece nuestra Constituci\u00f3n. [&hellip;]<\/p>\n","protected":false},"author":3,"featured_media":0,"comment_status":"open","ping_status":"open","sticky":false,"template":"","format":"standard","meta":{"footnotes":""},"categories":[22],"tags":[],"class_list":["post-161694","post","type-post","status-publish","format-standard","hentry","category-politica"],"_links":{"self":[{"href":"https:\/\/diariodominicano.com\/index.php?rest_route=\/wp\/v2\/posts\/161694","targetHints":{"allow":["GET"]}}],"collection":[{"href":"https:\/\/diariodominicano.com\/index.php?rest_route=\/wp\/v2\/posts"}],"about":[{"href":"https:\/\/diariodominicano.com\/index.php?rest_route=\/wp\/v2\/types\/post"}],"author":[{"embeddable":true,"href":"https:\/\/diariodominicano.com\/index.php?rest_route=\/wp\/v2\/users\/3"}],"replies":[{"embeddable":true,"href":"https:\/\/diariodominicano.com\/index.php?rest_route=%2Fwp%2Fv2%2Fcomments&post=161694"}],"version-history":[{"count":0,"href":"https:\/\/diariodominicano.com\/index.php?rest_route=\/wp\/v2\/posts\/161694\/revisions"}],"wp:attachment":[{"href":"https:\/\/diariodominicano.com\/index.php?rest_route=%2Fwp%2Fv2%2Fmedia&parent=161694"}],"wp:term":[{"taxonomy":"category","embeddable":true,"href":"https:\/\/diariodominicano.com\/index.php?rest_route=%2Fwp%2Fv2%2Fcategories&post=161694"},{"taxonomy":"post_tag","embeddable":true,"href":"https:\/\/diariodominicano.com\/index.php?rest_route=%2Fwp%2Fv2%2Ftags&post=161694"}],"curies":[{"name":"wp","href":"https:\/\/api.w.org\/{rel}","templated":true}]}}