{"id":161693,"date":"2014-11-05T17:16:46","date_gmt":"2014-11-05T17:16:46","guid":{"rendered":"http:\/\/diariodominicano.ddns.net\/?p=161693"},"modified":"2014-11-05T17:16:46","modified_gmt":"2014-11-05T17:16:46","slug":"presidente-del-prd-respalda-consulta-para-politica-minera","status":"publish","type":"post","link":"https:\/\/diariodominicano.com\/?p=161693","title":{"rendered":"Presidente del PRD respalda consulta para pol\u00edtica minera"},"content":{"rendered":"<p><body><\/p>\n<p><img decoding=\"async\" src=\"img3\/pele 5.jpg\" \/>  <\/p>\n<p>Presidente del PRD respalda consulta para pol\u00edtica minera<\/p>\n<\/p>\n<p>Miguel Vargas Maldonado y Pelegr\u00edn Castillo<\/p>\n<p>SANTO DOMINGO.- El presidente del Partido Revolucionario Dominicano (PRD), Miguel Vargas Maldonado, expres\u00f3 su total apoyo al  ministro   de Energ\u00eda y Minas, Pelegr\u00edn Castillo, para  la realizaci\u00f3n de la  \u00abConsulta Multisectorial, para una pol\u00edtica de Estado de la Industria Extractiva de la Rep\u00fablica Dominicana\u00bb, que llevar\u00e1 a cabo ese Ministerio.<\/p>\n<p>Al participar en un desayuno en la sede del Ministerio de Energ\u00eda y Minas, Vargas Maldonado dijo que al pa\u00eds le hace falta este di\u00e1logo con los diferentes sectores de la sociedad para crear conciencia y poner fin al desconocimiento en materia de extracci\u00f3n minera.<\/p>\n<p>\u00abSe requiere de mucha concientizaci\u00f3n, de mucha informaci\u00f3n porque hay mucho desconocimiento por parte de la poblaci\u00f3n, hay mucha gente opinando sin tener la m\u00e1s m\u00ednima experiencia y conocimiento de los temas, el Ministerio debe establecer un programa de informaci\u00f3n y educaci\u00f3n en esa direcci\u00f3n\u00bb, apunt\u00f3 Vargas.<\/p>\n<p>Tras escuchar la informaci\u00f3n sobre los objetivos primordiales del Ministerio de Energ\u00eda y Minas  en inter\u00e9s de desarrollar una miner\u00eda responsable y alcanzar una seguridad energ\u00e9tica, el presidente del PRD salud\u00f3 la visi\u00f3n y el manejo inteligente que ha mantenido Castillo al frente de este Ministerio.<\/p>\n<p>Vargas estuvo acompa\u00f1ado de los diputados V\u00edctor G\u00f3mez Casanova, Ruddy Gonz\u00e1lez,  Rafael Abreu y Miguel V\u00e1squez.<\/p>\n<p>jpm<\/p>\n<h6> 2014-11-05 17:16:46 <\/h6>\n<p><!--\n<link rel=\"stylesheet\" href=\"css\/bootstrap.min.css\">\n\n\n<ul class=\"pagination\">\n\t    \n\t\n\n<li >\n\t<a href='?page_no=14172'>Previous<\/a>\n\t<\/li>\n\n\n       \n    \n\n<li><a href='?page_no=1'>1<\/a><\/li>\n\n\n\n<li><a href='?page_no=2'>2<\/a><\/li>\n\n\n\n<li><a>...<\/a><\/li>\n\n\n\n<li><a href='?page_no=14171'>14171<\/a><\/li>\n\n\n\n<li><a href='?page_no=14172'>14172<\/a><\/li>\n\n\n\n<li class='active'><a>14173<\/a><\/li>\n\n\n\n<li><a href='?page_no=14174'>14174<\/a><\/li>\n\n\n\n<li><a href='?page_no=14175'>14175<\/a><\/li>\n\n\n\n<li><a>...<\/a><\/li>\n\n\n\n<li><a href='?page_no=36999'>36999<\/a><\/li>\n\n\n\n<li><a href='?page_no=37000'>37000<\/a><\/li>\n\n    \n\t\n\n<li >\n\t<a href='?page_no=14174'>Next<\/a>\n\t<\/li>\n\n\n    \n\n<li><a href='?page_no=37000'>Last &rsaquo;&rsaquo;<\/a><\/li>\n\n<\/ul>\n\n\n--><br \/>\n<\/body><\/p>\n","protected":false},"excerpt":{"rendered":"<p>Presidente del PRD respalda consulta para pol\u00edtica minera Miguel Vargas Maldonado y Pelegr\u00edn Castillo SANTO DOMINGO.- El presidente del Partido Revolucionario Dominicano (PRD), Miguel Vargas Maldonado, expres\u00f3 su total apoyo al ministro de Energ\u00eda y Minas, Pelegr\u00edn Castillo, para la realizaci\u00f3n de la \u00abConsulta Multisectorial, para una pol\u00edtica de Estado de la Industria Extractiva de [&hellip;]<\/p>\n","protected":false},"author":3,"featured_media":0,"comment_status":"open","ping_status":"open","sticky":false,"template":"","format":"standard","meta":{"footnotes":""},"categories":[22],"tags":[],"class_list":["post-161693","post","type-post","status-publish","format-standard","hentry","category-politica"],"_links":{"self":[{"href":"https:\/\/diariodominicano.com\/index.php?rest_route=\/wp\/v2\/posts\/161693","targetHints":{"allow":["GET"]}}],"collection":[{"href":"https:\/\/diariodominicano.com\/index.php?rest_route=\/wp\/v2\/posts"}],"about":[{"href":"https:\/\/diariodominicano.com\/index.php?rest_route=\/wp\/v2\/types\/post"}],"author":[{"embeddable":true,"href":"https:\/\/diariodominicano.com\/index.php?rest_route=\/wp\/v2\/users\/3"}],"replies":[{"embeddable":true,"href":"https:\/\/diariodominicano.com\/index.php?rest_route=%2Fwp%2Fv2%2Fcomments&post=161693"}],"version-history":[{"count":0,"href":"https:\/\/diariodominicano.com\/index.php?rest_route=\/wp\/v2\/posts\/161693\/revisions"}],"wp:attachment":[{"href":"https:\/\/diariodominicano.com\/index.php?rest_route=%2Fwp%2Fv2%2Fmedia&parent=161693"}],"wp:term":[{"taxonomy":"category","embeddable":true,"href":"https:\/\/diariodominicano.com\/index.php?rest_route=%2Fwp%2Fv2%2Fcategories&post=161693"},{"taxonomy":"post_tag","embeddable":true,"href":"https:\/\/diariodominicano.com\/index.php?rest_route=%2Fwp%2Fv2%2Ftags&post=161693"}],"curies":[{"name":"wp","href":"https:\/\/api.w.org\/{rel}","templated":true}]}}