{"id":161691,"date":"2014-11-05T17:54:27","date_gmt":"2014-11-05T17:54:27","guid":{"rendered":"http:\/\/diariodominicano.ddns.net\/?p=161691"},"modified":"2014-11-05T17:54:27","modified_gmt":"2014-11-05T17:54:27","slug":"reformistas-de-ny-convocan-misa-esta-noche-por-el-alma-de-morales-en-iglesia-del-alto-manhattan","status":"publish","type":"post","link":"https:\/\/diariodominicano.com\/?p=161691","title":{"rendered":"Reformistas de NY convocan misa esta noche por el alma de Morales en iglesia del Alto Manhattan"},"content":{"rendered":"<p><body><\/p>\n<p><img decoding=\"async\" src=\"img3\/morales 5.jpg\" \/>  <\/p>\n<p>Nueva York 5 noviembre.- Los reformistas de esta ciudad, est\u00e1n convocando a la dirigencia y militancia del PRSC y a la comunidad en general, a una misa que por el alma del fallecido ex presidente de esa organizaci\u00f3n Carlos Morales Troncoso, se realizar\u00e1 esta noche en una iglesia del Alto Manhattan.<\/p>\n<\/p>\n<p>La destacada dirigente del PRSC, Elaine Jimini\u00e1n, organizadora del oficio religioso, inform\u00f3 que la misa se har\u00e1 en la iglesia Nuestra Se\u00f1ora Reina de los M\u00e1rtires (Church of Lady Queen of Martyrs), situada en el 91 de la avenida Arden en el sector Inwood del Alto Manhattan.<\/p>\n<\/p>\n<p>El oficio religioso comenzar\u00e1 a las 7:30 de la noche.<\/p>\n<\/p>\n<p>Jimini\u00e1n dijo esperar que toda la dirigencia, militancia y simpatizantes del PRSC, adem\u00e1s de la comunidad en general, asistan masivamente al recordatorio por Morales Troncoso, al que describi\u00f3 como un patriota, entregado a los mejores intereses de la Rep\u00fablica Dominicana y que ha sido merecedor de todos los homenajes que se le han rendido en el pa\u00eds y el exterior.<\/p>\n<\/p>\n<p>\u00abEsperamos una iglesia llena de gente agradecida por la trayectoria y los aportes, que le hizo a nuestro pa\u00eds, Don Carlos Morales Troncoso, uno de los l\u00edderes pol\u00edticos m\u00e1s \u00edntegros en la historia de la Rep\u00fablica Dominicana\u00bb, agreg\u00f3 Jimini\u00e1n.<\/p>\n<\/p>\n<p>La organizadora de la misa, sostuvo que su llamado es en especial a los reformistas de la filial de Nueva York, quienes deben eterna gratitud a Morales Troncoso, quien contribuy\u00f3 a reorganizar, modernizar y dinamizar la pol\u00edtica reformista en esta ciudad, incluyendo la adquisici\u00f3n del nuevo local, que ahora cobija a todos los reformistas, unidos en un solo prop\u00f3sito, gracias precisamente a la lucha y el denuedo que tuvo \u00abDon Carlos\u00bb, para que se lograra ese objetivo.<\/p>\n<\/p>\n<p>Dijo que cualquier informaci\u00f3n sobre la misa de esta noche, los interesados se pueden comunicar con ella al (917) 346-4317.<\/p>\n<h6> 2014-11-05 17:54:27 <\/h6>\n<p><!--\n<link rel=\"stylesheet\" href=\"css\/bootstrap.min.css\">\n\n\n<ul class=\"pagination\">\n\t    \n\t\n\n<li >\n\t<a href='?page_no=14170'>Previous<\/a>\n\t<\/li>\n\n\n       \n    \n\n<li><a href='?page_no=1'>1<\/a><\/li>\n\n\n\n<li><a href='?page_no=2'>2<\/a><\/li>\n\n\n\n<li><a>...<\/a><\/li>\n\n\n\n<li><a href='?page_no=14169'>14169<\/a><\/li>\n\n\n\n<li><a href='?page_no=14170'>14170<\/a><\/li>\n\n\n\n<li class='active'><a>14171<\/a><\/li>\n\n\n\n<li><a href='?page_no=14172'>14172<\/a><\/li>\n\n\n\n<li><a href='?page_no=14173'>14173<\/a><\/li>\n\n\n\n<li><a>...<\/a><\/li>\n\n\n\n<li><a href='?page_no=36999'>36999<\/a><\/li>\n\n\n\n<li><a href='?page_no=37000'>37000<\/a><\/li>\n\n    \n\t\n\n<li >\n\t<a href='?page_no=14172'>Next<\/a>\n\t<\/li>\n\n\n    \n\n<li><a href='?page_no=37000'>Last &rsaquo;&rsaquo;<\/a><\/li>\n\n<\/ul>\n\n\n--><br \/>\n<\/body><\/p>\n","protected":false},"excerpt":{"rendered":"<p>Nueva York 5 noviembre.- Los reformistas de esta ciudad, est\u00e1n convocando a la dirigencia y militancia del PRSC y a la comunidad en general, a una misa que por el alma del fallecido ex presidente de esa organizaci\u00f3n Carlos Morales Troncoso, se realizar\u00e1 esta noche en una iglesia del Alto Manhattan. La destacada dirigente del [&hellip;]<\/p>\n","protected":false},"author":3,"featured_media":0,"comment_status":"open","ping_status":"open","sticky":false,"template":"","format":"standard","meta":{"footnotes":""},"categories":[22],"tags":[],"class_list":["post-161691","post","type-post","status-publish","format-standard","hentry","category-politica"],"_links":{"self":[{"href":"https:\/\/diariodominicano.com\/index.php?rest_route=\/wp\/v2\/posts\/161691","targetHints":{"allow":["GET"]}}],"collection":[{"href":"https:\/\/diariodominicano.com\/index.php?rest_route=\/wp\/v2\/posts"}],"about":[{"href":"https:\/\/diariodominicano.com\/index.php?rest_route=\/wp\/v2\/types\/post"}],"author":[{"embeddable":true,"href":"https:\/\/diariodominicano.com\/index.php?rest_route=\/wp\/v2\/users\/3"}],"replies":[{"embeddable":true,"href":"https:\/\/diariodominicano.com\/index.php?rest_route=%2Fwp%2Fv2%2Fcomments&post=161691"}],"version-history":[{"count":0,"href":"https:\/\/diariodominicano.com\/index.php?rest_route=\/wp\/v2\/posts\/161691\/revisions"}],"wp:attachment":[{"href":"https:\/\/diariodominicano.com\/index.php?rest_route=%2Fwp%2Fv2%2Fmedia&parent=161691"}],"wp:term":[{"taxonomy":"category","embeddable":true,"href":"https:\/\/diariodominicano.com\/index.php?rest_route=%2Fwp%2Fv2%2Fcategories&post=161691"},{"taxonomy":"post_tag","embeddable":true,"href":"https:\/\/diariodominicano.com\/index.php?rest_route=%2Fwp%2Fv2%2Ftags&post=161691"}],"curies":[{"name":"wp","href":"https:\/\/api.w.org\/{rel}","templated":true}]}}