{"id":161690,"date":"2014-11-05T18:34:07","date_gmt":"2014-11-05T18:34:07","guid":{"rendered":"http:\/\/diariodominicano.ddns.net\/?p=161690"},"modified":"2014-11-05T18:34:07","modified_gmt":"2014-11-05T18:34:07","slug":"los-leonelistas-quieren-llevar-a-candy-medina-de-vice","status":"publish","type":"post","link":"https:\/\/diariodominicano.com\/?p=161690","title":{"rendered":"&#13;&#13;Los leonelistas quieren llevar a Candy Medina de vice"},"content":{"rendered":"<p><body><\/p>\n<\/p>\n<p><span class=\"text1noticias\">Santo Domingo, RD, 5 de noviembre.- Con el eslogan \u00ab\u00a1Amor con amor se paga!&#8230;\u00bb, uno de los principales voceros del expresidente Leonel Fern\u00e1ndez est\u00e1 promocionando como su compa\u00f1era de boleta para las elecciones presidenciales de 2016, a la primera dama C\u00e1ndida Montilla de Medina.<\/span><\/p>\n<\/p>\n<p><span class=\"text1noticias\">La propuesta la hizo el exministro de Obras P\u00fablicas, Freddy P\u00e9rez, quien consider\u00f3 que ser\u00eda la f\u00f3rmula ideal para mantener cohesionados, unificados a los sectores pelede\u00edstas m\u00e1s fuertes, es decir, los que siguen a Leonel Fern\u00e1ndez y al presidente Danilo Medina.<\/span><\/p>\n<\/p>\n<p><span class=\"text1noticias\">El ingeniero P\u00e9rez hizo el anuncio al participar en el programa de televisi\u00f3n \u00abLos Poderes\u00bb, que se transmite por el canal 19 y Cable  de lunes a viernes a las 11:00 de la noche. Fue entrevistado por el publicista y experto en marketing  pol\u00edtico, Pablo Ross (@pavloross).   Participan como panelistas en el programa los comunicadores Ornan Santana (@ornansantana), Andy Morales (@AndyMorales82) y Robert Valenzuela (@fierovalenzuela).<\/span><\/p>\n<\/p>\n<p><span class=\"text1noticias\">Ante una pregunta de Pablo Ross sobre el tema, Freddy P\u00e9rez afirm\u00f3 que las dos principales figuras de arrastre pol\u00edtico en el Partido de la Liberaci\u00f3n Dominicana (PLD), son Medina y Fern\u00e1ndez y que su propuesta garantiza la uni\u00f3n de estas dos figuras. Cree que el PLD ganar\u00eda sin ning\u00fan inconveniente las elecciones presidenciales de 2016, adem\u00e1s de que no sufre ning\u00fan tipo de fisura interna.<\/span><\/p>\n<\/p>\n<p><span class=\"text1noticias\">Explic\u00f3 que su propuesta de que \u00ab\u00a1Amor con Amor se paga!\u00bb (como dice la canci\u00f3n rom\u00e1ntica de Jorge Negrete) es debido a que Margarita Cede\u00f1o de Fern\u00e1ndez es la vicepresidenta de la Rep\u00fablica por una concesi\u00f3n que tuvo Danilo Medina con expresidente Fern\u00e1ndez.<\/span><\/p>\n<\/p>\n<p><span class=\"text1noticias\">Don Freddy est\u00e1 convencido que Fern\u00e1ndez representa la esperanza nacional y una forma de dar continuidad al buen gobierno que est\u00e1 haciendo Medina.<\/span><\/p>\n<\/p>\n<p><span class=\"text1noticias\">Dijo que los programas que realiza el presidente de \u00abvisitas sorpresas\u00bb ser\u00e1n continuados por Leonel Fern\u00e1ndez porque han dado muy buen resultado para solucionar problemas fundamentales de las comunidades.<\/span><\/p>\n<\/p>\n<p><span class=\"text1noticias\">Insisti\u00f3 en que Medina est\u00e1 haciendo un buen gobierno y que por esto su esposa, do\u00f1a Candy de Medina, debe ser la candidata vicepresidencial para integrar a la campa\u00f1a electoral y luego al gobierno al sector del actual presidente.<\/span><\/p>\n<\/p>\n<p><span class=\"text1noticias\">Igualmente, manifest\u00f3 que promocionar a Fern\u00e1ndez es f\u00e1cil porque todas sus obras est\u00e1n ah\u00ed a la vista de todo el mundo.<\/span><\/p>\n<\/p>\n<h6> 2014-11-05 18:34:07 <\/h6>\n<p><!--\n<link rel=\"stylesheet\" href=\"css\/bootstrap.min.css\">\n\n\n<ul class=\"pagination\">\n\t    \n\t\n\n<li >\n\t<a href='?page_no=14169'>Previous<\/a>\n\t<\/li>\n\n\n       \n    \n\n<li><a href='?page_no=1'>1<\/a><\/li>\n\n\n\n<li><a href='?page_no=2'>2<\/a><\/li>\n\n\n\n<li><a>...<\/a><\/li>\n\n\n\n<li><a href='?page_no=14168'>14168<\/a><\/li>\n\n\n\n<li><a href='?page_no=14169'>14169<\/a><\/li>\n\n\n\n<li class='active'><a>14170<\/a><\/li>\n\n\n\n<li><a href='?page_no=14171'>14171<\/a><\/li>\n\n\n\n<li><a href='?page_no=14172'>14172<\/a><\/li>\n\n\n\n<li><a>...<\/a><\/li>\n\n\n\n<li><a href='?page_no=36999'>36999<\/a><\/li>\n\n\n\n<li><a href='?page_no=37000'>37000<\/a><\/li>\n\n    \n\t\n\n<li >\n\t<a href='?page_no=14171'>Next<\/a>\n\t<\/li>\n\n\n    \n\n<li><a href='?page_no=37000'>Last &rsaquo;&rsaquo;<\/a><\/li>\n\n<\/ul>\n\n\n--><br \/>\n<\/body><\/p>\n","protected":false},"excerpt":{"rendered":"<p>Santo Domingo, RD, 5 de noviembre.- Con el eslogan \u00ab\u00a1Amor con amor se paga!&#8230;\u00bb, uno de los principales voceros del expresidente Leonel Fern\u00e1ndez est\u00e1 promocionando como su compa\u00f1era de boleta para las elecciones presidenciales de 2016, a la primera dama C\u00e1ndida Montilla de Medina. La propuesta la hizo el exministro de Obras P\u00fablicas, Freddy P\u00e9rez, [&hellip;]<\/p>\n","protected":false},"author":3,"featured_media":0,"comment_status":"open","ping_status":"open","sticky":false,"template":"","format":"standard","meta":{"footnotes":""},"categories":[22],"tags":[],"class_list":["post-161690","post","type-post","status-publish","format-standard","hentry","category-politica"],"_links":{"self":[{"href":"https:\/\/diariodominicano.com\/index.php?rest_route=\/wp\/v2\/posts\/161690","targetHints":{"allow":["GET"]}}],"collection":[{"href":"https:\/\/diariodominicano.com\/index.php?rest_route=\/wp\/v2\/posts"}],"about":[{"href":"https:\/\/diariodominicano.com\/index.php?rest_route=\/wp\/v2\/types\/post"}],"author":[{"embeddable":true,"href":"https:\/\/diariodominicano.com\/index.php?rest_route=\/wp\/v2\/users\/3"}],"replies":[{"embeddable":true,"href":"https:\/\/diariodominicano.com\/index.php?rest_route=%2Fwp%2Fv2%2Fcomments&post=161690"}],"version-history":[{"count":0,"href":"https:\/\/diariodominicano.com\/index.php?rest_route=\/wp\/v2\/posts\/161690\/revisions"}],"wp:attachment":[{"href":"https:\/\/diariodominicano.com\/index.php?rest_route=%2Fwp%2Fv2%2Fmedia&parent=161690"}],"wp:term":[{"taxonomy":"category","embeddable":true,"href":"https:\/\/diariodominicano.com\/index.php?rest_route=%2Fwp%2Fv2%2Fcategories&post=161690"},{"taxonomy":"post_tag","embeddable":true,"href":"https:\/\/diariodominicano.com\/index.php?rest_route=%2Fwp%2Fv2%2Ftags&post=161690"}],"curies":[{"name":"wp","href":"https:\/\/api.w.org\/{rel}","templated":true}]}}