{"id":161688,"date":"2014-11-05T18:42:26","date_gmt":"2014-11-05T18:42:26","guid":{"rendered":"http:\/\/diariodominicano.ddns.net\/?p=161688"},"modified":"2014-11-05T18:42:26","modified_gmt":"2014-11-05T18:42:26","slug":"tommy-galan-saluda-buen-manejo-de-finanzas-publicas","status":"publish","type":"post","link":"https:\/\/diariodominicano.com\/?p=161688","title":{"rendered":"&#13;&#13;Tommy Gal\u00e1n saluda buen manejo de finanzas p\u00fablicas"},"content":{"rendered":"<p><body><\/p>\n<p><img decoding=\"async\" src=\"img3\/tommygalan.jpg\" \/>  <\/p>\n<\/p>\n<p><span class=\"text1noticias\"> <\/span><\/p>\n<p><span class=\"text1noticias\">Santo Domingo, RD, 5 de noviembre.- Tommy Gal\u00e1n, miembro del Comit\u00e9 Central del Partido de la Liberaci\u00f3n Dominicana (PLD), y senador por la provincia San Crist\u00f3bal, defendi\u00f3 el presupuesto nacional consignado para el a\u00f1o 2015 que dentro de la medida se ha distribuido de una manera equitativa entre las diferentes instituciones.<\/span><\/p>\n<p><span class=\"text1noticias\"> <\/span><\/p>\n<p><span class=\"text1noticias\">A juicio del legislador Gal\u00e1n, con dicho presupuesto se ha tratado de cumplir con las diferentes necesidades de las provincias y municipios, estableciendo un orden de prioridad con discusiones y consenso entre los  legisladores.<\/span><\/p>\n<p><span class=\"text1noticias\"> <\/span><\/p>\n<p><span class=\"text1noticias\">El encargado de la Comisi\u00f3n de Haciendas del Senado, presenta el buen manejo de la finanza p\u00fablica como un logro del gobierno  que se ha reflejado a\u00f1o por a\u00f1o y se espera, no sea diferente en el 2015.<\/span><\/p>\n<p><span class=\"text1noticias\"> <\/span><\/p>\n<p><span class=\"text1noticias\">El senador y dirigente del PLD,  Tommy Gal\u00e1n fue rese\u00f1ado en una nota de prensa por su partido, a trav\u00e9s de la Secretar\u00eda de Comunicaciones, donde tambi\u00e9n refiere que lo consignado a las instituciones, este a\u00f1o se ha visto alterado con traspaso de fondos para ejecuciones que por naturaleza le benefician, citando el caso de la construcci\u00f3n del Palacio de Justicia en la provincia Santo Domingo, entre otras obras<\/span><\/p>\n<p><span class=\"text1noticias\"> <\/span><\/p>\n<p><span class=\"text1noticias\">\u00abTu preguntar\u00e1s y por qu\u00e9 no se le aplica directamente a la instituci\u00f3n en cuesti\u00f3n y es por el hecho de que cuando se consigna la aplicaci\u00f3n de alg\u00fan fondo para una obra de capital, con un periodo de ejecuci\u00f3n, inmediatamente pasa el periodo de ejecuci\u00f3n, pasa la obra sin desmontar esos recursos del presupuesto\u00bb, aclar\u00f3<\/span><\/p>\n<p><span class=\"text1noticias\"> <\/span><\/p>\n<p><span class=\"text1noticias\">Apunta que en esos casos lo que se hace es que se descodifica, se clasifica y se dan frente a su naturaleza a instituciones espec\u00edfica<\/span><\/p>\n<p><span class=\"text1noticias\"> <\/span><\/p>\n<p><span class=\"text1noticias\">El Presidente provincial del PLD precis\u00f3 que igualmente, una tendencia es  la reducci\u00f3n del d\u00e9ficit, de forma tal que este tema desaparezca del escenario. Acot\u00f3<\/span><\/p>\n<p><span class=\"text1noticias\"> <\/span><\/p>\n<p><span class=\"text1noticias\">Tommy Gal\u00e1n dijo que hoy se  tiene  un d\u00e9ficit primario, una contrataci\u00f3n de deuda menor que el a\u00f1o anterior, al tiempo que destaca el  nivel de distribuci\u00f3n p\u00fablica no concentrada en grandes obras en las  ciudades sino una  presencia activa del gobierno en todo el territorio nacional.<\/span><\/p>\n<h6> 2014-11-05 18:42:26 <\/h6>\n<p><!--\n<link rel=\"stylesheet\" href=\"css\/bootstrap.min.css\">\n\n\n<ul class=\"pagination\">\n\t    \n\t\n\n<li >\n\t<a href='?page_no=14168'>Previous<\/a>\n\t<\/li>\n\n\n       \n    \n\n<li><a href='?page_no=1'>1<\/a><\/li>\n\n\n\n<li><a href='?page_no=2'>2<\/a><\/li>\n\n\n\n<li><a>...<\/a><\/li>\n\n\n\n<li><a href='?page_no=14167'>14167<\/a><\/li>\n\n\n\n<li><a href='?page_no=14168'>14168<\/a><\/li>\n\n\n\n<li class='active'><a>14169<\/a><\/li>\n\n\n\n<li><a href='?page_no=14170'>14170<\/a><\/li>\n\n\n\n<li><a href='?page_no=14171'>14171<\/a><\/li>\n\n\n\n<li><a>...<\/a><\/li>\n\n\n\n<li><a href='?page_no=36999'>36999<\/a><\/li>\n\n\n\n<li><a href='?page_no=37000'>37000<\/a><\/li>\n\n    \n\t\n\n<li >\n\t<a href='?page_no=14170'>Next<\/a>\n\t<\/li>\n\n\n    \n\n<li><a href='?page_no=37000'>Last &rsaquo;&rsaquo;<\/a><\/li>\n\n<\/ul>\n\n\n--><br \/>\n<\/body><\/p>\n","protected":false},"excerpt":{"rendered":"<p>Santo Domingo, RD, 5 de noviembre.- Tommy Gal\u00e1n, miembro del Comit\u00e9 Central del Partido de la Liberaci\u00f3n Dominicana (PLD), y senador por la provincia San Crist\u00f3bal, defendi\u00f3 el presupuesto nacional consignado para el a\u00f1o 2015 que dentro de la medida se ha distribuido de una manera equitativa entre las diferentes instituciones. A juicio del legislador [&hellip;]<\/p>\n","protected":false},"author":3,"featured_media":0,"comment_status":"open","ping_status":"open","sticky":false,"template":"","format":"standard","meta":{"footnotes":""},"categories":[22],"tags":[],"class_list":["post-161688","post","type-post","status-publish","format-standard","hentry","category-politica"],"_links":{"self":[{"href":"https:\/\/diariodominicano.com\/index.php?rest_route=\/wp\/v2\/posts\/161688","targetHints":{"allow":["GET"]}}],"collection":[{"href":"https:\/\/diariodominicano.com\/index.php?rest_route=\/wp\/v2\/posts"}],"about":[{"href":"https:\/\/diariodominicano.com\/index.php?rest_route=\/wp\/v2\/types\/post"}],"author":[{"embeddable":true,"href":"https:\/\/diariodominicano.com\/index.php?rest_route=\/wp\/v2\/users\/3"}],"replies":[{"embeddable":true,"href":"https:\/\/diariodominicano.com\/index.php?rest_route=%2Fwp%2Fv2%2Fcomments&post=161688"}],"version-history":[{"count":0,"href":"https:\/\/diariodominicano.com\/index.php?rest_route=\/wp\/v2\/posts\/161688\/revisions"}],"wp:attachment":[{"href":"https:\/\/diariodominicano.com\/index.php?rest_route=%2Fwp%2Fv2%2Fmedia&parent=161688"}],"wp:term":[{"taxonomy":"category","embeddable":true,"href":"https:\/\/diariodominicano.com\/index.php?rest_route=%2Fwp%2Fv2%2Fcategories&post=161688"},{"taxonomy":"post_tag","embeddable":true,"href":"https:\/\/diariodominicano.com\/index.php?rest_route=%2Fwp%2Fv2%2Ftags&post=161688"}],"curies":[{"name":"wp","href":"https:\/\/api.w.org\/{rel}","templated":true}]}}