{"id":161685,"date":"2014-11-05T21:41:55","date_gmt":"2014-11-05T21:41:55","guid":{"rendered":"http:\/\/diariodominicano.ddns.net\/?p=161685"},"modified":"2014-11-05T21:41:55","modified_gmt":"2014-11-05T21:41:55","slug":"leonel-fernandez-aborda-la-tematica-economica-internacional-y-de-actualidad","status":"publish","type":"post","link":"https:\/\/diariodominicano.com\/?p=161685","title":{"rendered":"Leonel Fern\u00e1ndez aborda la tem\u00e1tica econ\u00f3mica, internacional y de actualidad"},"content":{"rendered":"<p><body><\/p>\n<p><img decoding=\"async\" src=\"img3\/fernandez.jpeg\" \/><br \/><img decoding=\"async\" src=\"img3\/leonel.jpeg\" \/>  <\/p>\n<p><span class=\"text1noticias\">Santo Domingo, RD, 5 de Noviembre.-En aproximadamente 90 minutos el ex presidente de la Rep\u00fablica y presidente del Partido de la Liberaci\u00f3n Dominicana (PLD), Leonel Fern\u00e1ndez abord\u00f3 la tem\u00e1tica econ\u00f3mica, internacional y de actualidad con el especialista en temas econ\u00f3micos y comunicador, Alberto Padilla, conocido en Republica Dominicana en la cadena de televisi\u00f3n CNN en Espa\u00f1ol.<\/span><\/p>\n<p><span class=\"text1noticias\"> <\/span><\/p>\n<p><span class=\"text1noticias\">El ex mandatario particip\u00f3 en el novedoso concepto comunicativo en el pa\u00eds de una entrevista que cont\u00f3 con el auspicio del sector empresarial de Republica Dominicana, quienes sentado en un amplio sal\u00f3n, presenciaron el dialogo sostenido.<\/span><\/p>\n<p><span class=\"text1noticias\"> <\/span><\/p>\n<p><span class=\"text1noticias\">\u00abFue un verdadero di\u00e1logo en donde se abordaron diversos t\u00f3picos, derivados del tema central, que era el econ\u00f3mico\u00bb, precis\u00f3 a Vanguardia del Pueblo y a la Voz del PLD, uno de los empresarios participantes.<\/span><\/p>\n<p><span class=\"text1noticias\"> <\/span><\/p>\n<p><span class=\"text1noticias\">Explic\u00f3 que hasta el caso de la reci\u00e9n celebradas elecciones de medio termino de los Estados Unidos, se abord\u00f3, lo que motiv\u00f3 un ampl\u00edsimo enfoque de Leonel Fern\u00e1ndez, como internacionalista.<\/span><\/p>\n<p><span class=\"text1noticias\"> <\/span><\/p>\n<p><span class=\"text1noticias\">32 mesas se colocaron en uno de los amplios salones del Hotel Embassy Suites by Hilton Silver de Sun Gallery, cada una con diez silladas, ocupadas todas por reconocidos empresarios dominicanos o sus descendientes, quienes  escucharon con mucha atenci\u00f3n la exposici\u00f3n del Presidente del Partido de la Liberaci\u00f3n Dominicana.<\/span><\/p>\n<p><span class=\"text1noticias\"> <\/span><\/p>\n<p><span class=\"text1noticias\">Previo a la entrevista, los asistentes compartieron el  almuerzo que figuraba en el programa del encuentro organizado Grupo Estrat\u00e9gico Empresarial (GEE), cuyo coordinador, empresario Andr\u00e9s Marannzini, pronunci\u00f3 las palabras de bienvenida. Laura Castellanos present\u00f3 la directiva del GEE y al entrevistador, quien condujo el dialogo.<\/span><\/p>\n<p><span class=\"text1noticias\"> <\/span><\/p>\n<p><span class=\"text1noticias\">Marranzini explic\u00f3 que el Grupo Estrat\u00e9gico Empresarial (GEE) tiene como objetivo ampliar el alcance y difusi\u00f3n de los proyectos del pa\u00eds, as\u00ed como del estudio de los ejes tem\u00e1ticos que se ha concentrado en desarrollar y que incluyen: educaci\u00f3n, energ\u00eda, seguridad alimentaria, salud y seguridad social, turismo, industria y vivienda.<\/span><\/p>\n<p><span class=\"text1noticias\"> <\/span><\/p>\n<p><span class=\"text1noticias\">El conversatorio fue grabado para su reproducci\u00f3n por la televisi\u00f3n local e internacional, posterior a la rese\u00f1a escrita  en la revista especializada en temas econ\u00f3micos, \u00abMercado\u00bb, en el n\u00famero de cierre del a\u00f1o 2014<\/span><\/p>\n<p><span class=\"text1noticias\"> <\/span><\/p>\n<p><span class=\"text1noticias\">La sola confirmaci\u00f3n por los medios comunicativos del PLD del dialogo  entre Leonel Fern\u00e1ndez y el comunicador Alberto Padilla,  motiv\u00f3 la convocatoria de miles de miembros y simpatizantes del Partido de la Liberaci\u00f3n Dominicana de los Comit\u00e9s Intermedios circundantes, quienes abarrotaron los alrededores del recinto hotelero.<\/span><\/p>\n<p><span class=\"text1noticias\"> <\/span><\/p>\n<p><span class=\"text1noticias\">Una verdadera (L) humana se form\u00f3 la esquina de las avenidas Tiradentes y Gustavo Mej\u00eda Ricart, del pol\u00edgono central de la ciudad capital con militantes y amigos del PLD, que acudieron all\u00ed para saludar al presidente de la organizaci\u00f3n a su llegada.<\/span><\/p>\n<p><span class=\"text1noticias\"> <\/span><\/p>\n<p><span class=\"text1noticias\">Con gorras y banderas moradas, los peledeistas y gente del pueblo, quienes se concentraron en la parte frontal de la edificaci\u00f3n,  saludaron de forma efusiva al ex Presidente Leonel Fern\u00e1ndez, quien al desmontarse del vehiculo agradeci\u00f3 el saludo recibido.<\/span><\/p>\n<p><span class=\"text1noticias\"> <\/span><\/p>\n<p><span class=\"text1noticias\">El Presidente del PLD lleg\u00f3 al recinto pr\u00f3ximo a las 12.30 y la entrevista, que se realiz\u00f3 luego del almuerzo, se produjo unas dos horas despu\u00e9s.<\/span><\/p>\n<p><span class=\"text1noticias\"> <\/span><\/p>\n<p><span class=\"text1noticias\">Cientos de empresarios de diferentes ramas, en su mayor\u00eda j\u00f3venes, participaron en un encuentro-entrevista realizado este mi\u00e9rcoles por el Grupo Estrat\u00e9gico Empresarial (GEE), con el expresidente de la Rep\u00fablica, doctor Leonel Fern\u00e1ndez, acto que se efectu\u00f3 en el hotel Hilton, del Ensanche Naco, en esta capital.<\/span><\/p>\n<p><span class=\"text1noticias\"> <\/span><\/p>\n<p><span class=\"text1noticias\">Fern\u00e1ndez, quien adem\u00e1s es presidente de la Fundaci\u00f3n Global Democracia y Desarrollo (Funglode), fue entrevistado por el destacado comunicador mexicano Alberto Padilla, quien lo abord\u00f3 sobre diferentes temas de inter\u00e9s para los \u00e1mbitos pol\u00edtico, empresarial, social y cultural.<\/span><\/p>\n<p><span class=\"text1noticias\"> <\/span><\/p>\n<p><span class=\"text1noticias\">A su llegada al hotel, el ex mandatario fue ovacionado por decenas de militantes peledeistas que se congregaron en las afueras del centro de hospedaje y actividades sociales para manifestarle su apoyo y agradecer las realizaciones de sus gestiones de gobierno.<\/span><\/p>\n<p><span class=\"text1noticias\"> <\/span><\/p>\n<p><span class=\"text1noticias\">El evento del GEE, denominado \u00abLa Entrevista\u00bb, obedece a la decisi\u00f3n que ha tomado la entidad de estudiar y debatir a profundidad, desde una perspectiva empresarial, ejes tem\u00e1ticos que tengan relevancia para el desarrollo del pa\u00eds.<\/span><\/p>\n<p><span class=\"text1noticias\"> <\/span><\/p>\n<p><span class=\"text1noticias\">El acto fue hecho en sociedad con el grupo Mercado Media Network, una empresa con m\u00e1s de 20 a\u00f1os en el mercado y l\u00edder del pa\u00eds en desarrollo de contenido actualizado y especializado, primordialmente en el \u00e1mbito de los negocios, con una reciente asociaci\u00f3n a las publicaciones internacionales Bloomberg y CNN Expansi\u00f3n.<\/span><\/p>\n<p><span class=\"text1noticias\"> <\/span><\/p>\n<p><span class=\"text1noticias\">Los organizadores del encuentro con el expresidente Fern\u00e1ndez informaron que el contenido de la entrevista ser\u00e1 publicar\u00e1 en la edici\u00f3n de la Revista Mercado correspondiente al mes de diciembre pr\u00f3ximo.<\/span><\/p>\n<p><span class=\"text1noticias\"> <\/span><\/p>\n<p><span class=\"text1noticias\">Los integrantes del GEE aseguran que han lanzado esta iniciativa porque tienen el firme compromiso de asumir\u00e9 el rol que como tal les corresponde desempe\u00f1ar en la construcci\u00f3n de un mejor pa\u00eds, lo cual aspiran a lograr a trav\u00e9s de alianzas con el sector p\u00fablico.<\/span><\/p>\n<p><span class=\"text1noticias\"> <\/span><\/p>\n<p><span class=\"text1noticias\">\u00abLa iniciativa contempla la creaci\u00f3n de  proyectos que sean viables y de r\u00e1pida implementaci\u00f3n, para cuya ejecuci\u00f3n tambi\u00e9n contar\u00e1n con respaldo internacional\u00bb. Explic\u00f3 AndresMarranzini en su discurso de apertura a la actividad.<\/span><\/p>\n<p><span class=\"text1noticias\"> <\/span><\/p>\n<p><span class=\"text1noticias\"><strong>Participantes<\/strong><\/span><\/p>\n<\/p>\n<p><span class=\"text1noticias\">Entre los empresarios que participaron en el encuentro-entrevista con el ex presidente Fern\u00e1ndez figuran F\u00e9lix Garc\u00eda, Juan Vicini, Manuel Estrella, Luis Manuel Bonetti, Celso Marranzini, Carlos Jos\u00e9 Mart\u00ed, Juan Ram\u00f3n G\u00f3mez D\u00edaz, y Domingo Berm\u00fadez, entre otros.<\/span><\/p>\n<p><span class=\"text1noticias\"> <\/span><\/p>\n<p><span class=\"text1noticias\">De igual manera, asistieron varios ejecutivos de medios de comunicaci\u00f3n y l\u00edderes de opini\u00f3n, entre ellos Osvaldo Santana y Persio Maldonado, directores de los peri\u00f3dicos El Caribe y El Nuevo Diario, respectivamente.<\/span><\/p>\n<p><span class=\"text1noticias\"> <\/span><\/p>\n<p><span class=\"text1noticias\">La comunicadora Laura Castellanos pronunci\u00f3 las palabras de bienvenida y explic\u00f3 el contenido de la agenda del encuentro. De igual manera, habl\u00f3 sobre Mercado Media Networks.<\/span><\/p>\n<p><span class=\"text1noticias\"> <\/span><\/p>\n<p><span class=\"text1noticias\">Previo a la entrevista, intervino el doctor Andr\u00e9s Marranzini, en su calidad de coordinador general del Grupo Estrat\u00e9gico Empresarial, quien explic\u00f3 los objetivos  de la entidad. A seguidas, la comunicadora Castellanos ley\u00f3 el perfil del comunicador Alberto Padilla.<\/span><\/p>\n<p><span class=\"text1noticias\"> <\/span><\/p>\n<p><span class=\"text1noticias\">El GEE est\u00e1 conformado por un total de 20 empresarios, preocupados por el desarrollo de la Rep\u00fablica Dominicana y comprometidos con promover un rol activo del sector privado, en la construcci\u00f3n de pol\u00edticas p\u00fablicas y el desarrollo general del pa\u00eds.<\/span><\/p>\n<p><span class=\"text1noticias\"> <\/span><\/p>\n<p><span class=\"text1noticias\">La entrevista de este mi\u00e9rcoles es el primer evento desarrollado por el GEE a trav\u00e9s de la iniciativa de \u00abRep\u00fablica Dominicana Incorporada\u00bb. Se concibi\u00f3 con la intenci\u00f3n de que sirva de plataforma para el estudio a profundidad de temas relevantes para el desarrollo de la naci\u00f3n, que resulten en ideas concretas para la generaci\u00f3n de pol\u00edticas p\u00fablicas.  <\/span><\/p>\n<p><span class=\"text1noticias\"> <\/span><\/p>\n<p><span class=\"text1noticias\">\u00abLa Entrevista\u00bb consiste en un di\u00e1logo abierto con una personalidad calificada para tratar los temas seleccionados.(HG)<\/span>.<\/p>\n<\/p>\n<h6> 2014-11-05 21:41:55 <\/h6>\n<p><!--\n<link rel=\"stylesheet\" href=\"css\/bootstrap.min.css\">\n\n\n<ul class=\"pagination\">\n\t    \n\t\n\n<li >\n\t<a href='?page_no=14165'>Previous<\/a>\n\t<\/li>\n\n\n       \n    \n\n<li><a href='?page_no=1'>1<\/a><\/li>\n\n\n\n<li><a href='?page_no=2'>2<\/a><\/li>\n\n\n\n<li><a>...<\/a><\/li>\n\n\n\n<li><a href='?page_no=14164'>14164<\/a><\/li>\n\n\n\n<li><a href='?page_no=14165'>14165<\/a><\/li>\n\n\n\n<li class='active'><a>14166<\/a><\/li>\n\n\n\n<li><a href='?page_no=14167'>14167<\/a><\/li>\n\n\n\n<li><a href='?page_no=14168'>14168<\/a><\/li>\n\n\n\n<li><a>...<\/a><\/li>\n\n\n\n<li><a href='?page_no=36999'>36999<\/a><\/li>\n\n\n\n<li><a href='?page_no=37000'>37000<\/a><\/li>\n\n    \n\t\n\n<li >\n\t<a href='?page_no=14167'>Next<\/a>\n\t<\/li>\n\n\n    \n\n<li><a href='?page_no=37000'>Last &rsaquo;&rsaquo;<\/a><\/li>\n\n<\/ul>\n\n\n--><br \/>\n<\/body><\/p>\n","protected":false},"excerpt":{"rendered":"<p>Santo Domingo, RD, 5 de Noviembre.-En aproximadamente 90 minutos el ex presidente de la Rep\u00fablica y presidente del Partido de la Liberaci\u00f3n Dominicana (PLD), Leonel Fern\u00e1ndez abord\u00f3 la tem\u00e1tica econ\u00f3mica, internacional y de actualidad con el especialista en temas econ\u00f3micos y comunicador, Alberto Padilla, conocido en Republica Dominicana en la cadena de televisi\u00f3n CNN en [&hellip;]<\/p>\n","protected":false},"author":3,"featured_media":0,"comment_status":"open","ping_status":"open","sticky":false,"template":"","format":"standard","meta":{"footnotes":""},"categories":[22],"tags":[],"class_list":["post-161685","post","type-post","status-publish","format-standard","hentry","category-politica"],"_links":{"self":[{"href":"https:\/\/diariodominicano.com\/index.php?rest_route=\/wp\/v2\/posts\/161685","targetHints":{"allow":["GET"]}}],"collection":[{"href":"https:\/\/diariodominicano.com\/index.php?rest_route=\/wp\/v2\/posts"}],"about":[{"href":"https:\/\/diariodominicano.com\/index.php?rest_route=\/wp\/v2\/types\/post"}],"author":[{"embeddable":true,"href":"https:\/\/diariodominicano.com\/index.php?rest_route=\/wp\/v2\/users\/3"}],"replies":[{"embeddable":true,"href":"https:\/\/diariodominicano.com\/index.php?rest_route=%2Fwp%2Fv2%2Fcomments&post=161685"}],"version-history":[{"count":0,"href":"https:\/\/diariodominicano.com\/index.php?rest_route=\/wp\/v2\/posts\/161685\/revisions"}],"wp:attachment":[{"href":"https:\/\/diariodominicano.com\/index.php?rest_route=%2Fwp%2Fv2%2Fmedia&parent=161685"}],"wp:term":[{"taxonomy":"category","embeddable":true,"href":"https:\/\/diariodominicano.com\/index.php?rest_route=%2Fwp%2Fv2%2Fcategories&post=161685"},{"taxonomy":"post_tag","embeddable":true,"href":"https:\/\/diariodominicano.com\/index.php?rest_route=%2Fwp%2Fv2%2Ftags&post=161685"}],"curies":[{"name":"wp","href":"https:\/\/api.w.org\/{rel}","templated":true}]}}