{"id":161684,"date":"2014-11-05T22:25:47","date_gmt":"2014-11-05T22:25:47","guid":{"rendered":"http:\/\/diariodominicano.ddns.net\/?p=161684"},"modified":"2014-11-05T22:25:47","modified_gmt":"2014-11-05T22:25:47","slug":"julian-serulle-el-gobierno-de-danilo-medina-va-bien","status":"publish","type":"post","link":"https:\/\/diariodominicano.com\/?p=161684","title":{"rendered":"Juli\u00e1n Serulle: \u00abel gobierno de Danilo Medina va bien&#8230;\u00bb"},"content":{"rendered":"<p><body><\/p>\n<p><img decoding=\"async\" src=\"img3\/Serulle.jpg\" \/>  <\/p>\n<p><span class=\"text1noticias\">Santo Domingo, RD, 5 de Noviembre.-El ex candidato presidencial Juli\u00e1n Serulle dijo que el gobierno que ha realizado el Presidente Danilo Medina va muy bien, debido a que hay menos esc\u00e1ndalos y menos desencanto en la poblaci\u00f3n. <\/span><\/p>\n<\/p>\n<p><span class=\"text1noticias\">Serulle expres\u00f3 que no le teme a la reelecci\u00f3n presidencial, puesto que el Estado est\u00e1 frente a un conductor que expresa humildad y autoridad, resalt\u00f3 que el presidente sabe tomar decisiones y ha demostrado tener car\u00e1cter, a pesar de ser muy flexible.<\/span><\/p>\n<\/p>\n<p><span class=\"text1noticias\">Entrevistado por el periodista Salvador Holgu\u00edn en el programa \u00abHilando Fino\u00bb que se transmite de lunes a viernes a las 8:00 AM por Teleradio Am\u00e9rica canal 45, Juli\u00e1n Serulle dijo que Medina tiene que seguir presidiendo y profundizando las transformaciones que se han realizado en el pais.<\/span><\/p>\n<\/p>\n<p><span class=\"text1noticias\">El dirigente pol\u00edtico llam\u00f3 a que la lucha contra la pobreza extrema y el analfabetismo que ha emprendido el Presidente Medina no se detenga en lo simple.<\/span><\/p>\n<\/p>\n<p><strong><span class=\"text1noticias\">Caso F\u00e9lix Bautista <\/span><\/strong><\/p>\n<\/p>\n<p><span class=\"text1noticias\">Al referirse al caso del senador F\u00e9lix Bautista, Juli\u00e1n Serulle expres\u00f3 que no emite ning\u00fan tipo de juicio de valor cuando un tema est\u00e1 en mano de la justicia.<\/span><\/p>\n<\/p>\n<p><span class=\"text1noticias\">Serulle manifest\u00f3 que en el pais hay decenas de personas que han jugado con el patrimonio del pueblo, por lo que no es correcto que cada cuatro a\u00f1os se limiten a investigar a una sola persona.<\/span><\/p>\n<\/p>\n<p><span class=\"text1noticias\">Indic\u00f3 que el Ministerio P\u00fablico no debe quedarse en un solo caso, que hay que motivar a que sigan profundizando. <\/span><\/p>\n<\/p>\n<p><span class=\"text1noticias\">Serulle dijo que nadie puede estar por encima de la ley y que todo el que haya afectado la propiedad del Estado  debe ser llevado al ??banquillo de los acusados??.(HG)<\/span>.<\/p>\n<h6> 2014-11-05 22:25:47 <\/h6>\n<p><!--\n<link rel=\"stylesheet\" href=\"css\/bootstrap.min.css\">\n\n\n<ul class=\"pagination\">\n\t    \n\t\n\n<li >\n\t<a href='?page_no=14164'>Previous<\/a>\n\t<\/li>\n\n\n       \n    \n\n<li><a href='?page_no=1'>1<\/a><\/li>\n\n\n\n<li><a href='?page_no=2'>2<\/a><\/li>\n\n\n\n<li><a>...<\/a><\/li>\n\n\n\n<li><a href='?page_no=14163'>14163<\/a><\/li>\n\n\n\n<li><a href='?page_no=14164'>14164<\/a><\/li>\n\n\n\n<li class='active'><a>14165<\/a><\/li>\n\n\n\n<li><a href='?page_no=14166'>14166<\/a><\/li>\n\n\n\n<li><a href='?page_no=14167'>14167<\/a><\/li>\n\n\n\n<li><a>...<\/a><\/li>\n\n\n\n<li><a href='?page_no=36999'>36999<\/a><\/li>\n\n\n\n<li><a href='?page_no=37000'>37000<\/a><\/li>\n\n    \n\t\n\n<li >\n\t<a href='?page_no=14166'>Next<\/a>\n\t<\/li>\n\n\n    \n\n<li><a href='?page_no=37000'>Last &rsaquo;&rsaquo;<\/a><\/li>\n\n<\/ul>\n\n\n--><br \/>\n<\/body><\/p>\n","protected":false},"excerpt":{"rendered":"<p>Santo Domingo, RD, 5 de Noviembre.-El ex candidato presidencial Juli\u00e1n Serulle dijo que el gobierno que ha realizado el Presidente Danilo Medina va muy bien, debido a que hay menos esc\u00e1ndalos y menos desencanto en la poblaci\u00f3n. Serulle expres\u00f3 que no le teme a la reelecci\u00f3n presidencial, puesto que el Estado est\u00e1 frente a un [&hellip;]<\/p>\n","protected":false},"author":3,"featured_media":0,"comment_status":"open","ping_status":"open","sticky":false,"template":"","format":"standard","meta":{"footnotes":""},"categories":[22],"tags":[],"class_list":["post-161684","post","type-post","status-publish","format-standard","hentry","category-politica"],"_links":{"self":[{"href":"https:\/\/diariodominicano.com\/index.php?rest_route=\/wp\/v2\/posts\/161684","targetHints":{"allow":["GET"]}}],"collection":[{"href":"https:\/\/diariodominicano.com\/index.php?rest_route=\/wp\/v2\/posts"}],"about":[{"href":"https:\/\/diariodominicano.com\/index.php?rest_route=\/wp\/v2\/types\/post"}],"author":[{"embeddable":true,"href":"https:\/\/diariodominicano.com\/index.php?rest_route=\/wp\/v2\/users\/3"}],"replies":[{"embeddable":true,"href":"https:\/\/diariodominicano.com\/index.php?rest_route=%2Fwp%2Fv2%2Fcomments&post=161684"}],"version-history":[{"count":0,"href":"https:\/\/diariodominicano.com\/index.php?rest_route=\/wp\/v2\/posts\/161684\/revisions"}],"wp:attachment":[{"href":"https:\/\/diariodominicano.com\/index.php?rest_route=%2Fwp%2Fv2%2Fmedia&parent=161684"}],"wp:term":[{"taxonomy":"category","embeddable":true,"href":"https:\/\/diariodominicano.com\/index.php?rest_route=%2Fwp%2Fv2%2Fcategories&post=161684"},{"taxonomy":"post_tag","embeddable":true,"href":"https:\/\/diariodominicano.com\/index.php?rest_route=%2Fwp%2Fv2%2Ftags&post=161684"}],"curies":[{"name":"wp","href":"https:\/\/api.w.org\/{rel}","templated":true}]}}