{"id":161683,"date":"2014-11-06T02:05:12","date_gmt":"2014-11-06T02:05:12","guid":{"rendered":"http:\/\/diariodominicano.ddns.net\/?p=161683"},"modified":"2014-11-06T02:05:12","modified_gmt":"2014-11-06T02:05:12","slug":"hipolito-mejia-espera-reestructuracion-prm-para-decidir-candidatura","status":"publish","type":"post","link":"https:\/\/diariodominicano.com\/?p=161683","title":{"rendered":"&#13;Hip\u00f3lito Mej\u00eda espera reestructuraci\u00f3n PRM para decidir candidatura"},"content":{"rendered":"<p><body><\/p>\n<p><img decoding=\"async\" src=\"img3\/Feris.JPG\" \/>  <\/p>\n<p><span class=\"text1noticias\">Santo Domingo, R. D., 5 de noviembre.- El expresidente de la Rep\u00fablica, Hip\u00f3lito Mej\u00eda espera la reestructuraci\u00f3n del Partido Revolucionario Moderno, para decidir si corre por la candidatura del PRM.<\/span><\/p>\n<p><span class=\"text1noticias\"> <\/span><\/p>\n<p><span class=\"text1noticias\">As\u00ed lo revel\u00f3 Jes\u00fas Feris Iglesias, quien fue designado coordinador de la corriente H16 en el Distrito Nacional del PRM. <\/span><\/p>\n<p><span class=\"text1noticias\"> <\/span><\/p>\n<p><span class=\"text1noticias\">Record\u00f3 que los documentos de la reestructuraci\u00f3n est\u00e1n depositados en la Junta Central Electoral (JCE).<\/span><\/p>\n<p><span class=\"text1noticias\"> <\/span><\/p>\n<p><span class=\"text1noticias\">Explic\u00f3 que Mej\u00eda quiere estructurar bien al PRM para luego optar por la lucha de la candidatura que tambi\u00e9n la busca Luis Abinader, quien plantea que la escogencia del candidato se haga a trav\u00e9s de encuestas, mientras que los seguidores del exgobernante, buscan que se escoja en una convenci\u00f3n donde todos sus miembros puedan votar.<\/span><\/p>\n<p><span class=\"text1noticias\"> <\/span><\/p>\n<p><span class=\"text1noticias\">Feris Iglesias, quien coordin\u00f3 un encuentro con cientos de seguidores del ex presidente Hip\u00f3lito Mej\u00eda, a quien plantearon que acepte la nominaci\u00f3n a la candidatura. Mej\u00eda espera la organizaci\u00f3n del PRM antes de tomar esa decisi\u00f3n, dijo Iglesias.<\/span><\/p>\n<p><span class=\"text1noticias\"> <\/span><\/p>\n<p><span class=\"text1noticias\">\u00abMej\u00eda, haciendo gala de concertador y dem\u00f3crata, quiere esperar que la estructura partidaria este conformada, para entonces optar por la carrera presidencial en el PRM\u00bb, dijo el coordinador del Distrito Nacional de la corriente H16, que apoya las aspiraciones de Hip\u00f3lito Mej\u00eda.<\/span><\/p>\n<p><span class=\"text1noticias\"> <\/span><\/p>\n<p><span class=\"text1noticias\">El doctor Jes\u00fas Feris Iglesia, fue coordinador del sector Salud, en la pasada campa\u00f1a electoral del expresidente <\/span>Mej\u00eda.<\/p>\n<h6> 2014-11-06 02:05:12 <\/h6>\n<p><!--\n<link rel=\"stylesheet\" href=\"css\/bootstrap.min.css\">\n\n\n<ul class=\"pagination\">\n\t    \n\t\n\n<li >\n\t<a href='?page_no=14163'>Previous<\/a>\n\t<\/li>\n\n\n       \n    \n\n<li><a href='?page_no=1'>1<\/a><\/li>\n\n\n\n<li><a href='?page_no=2'>2<\/a><\/li>\n\n\n\n<li><a>...<\/a><\/li>\n\n\n\n<li><a href='?page_no=14162'>14162<\/a><\/li>\n\n\n\n<li><a href='?page_no=14163'>14163<\/a><\/li>\n\n\n\n<li class='active'><a>14164<\/a><\/li>\n\n\n\n<li><a href='?page_no=14165'>14165<\/a><\/li>\n\n\n\n<li><a href='?page_no=14166'>14166<\/a><\/li>\n\n\n\n<li><a>...<\/a><\/li>\n\n\n\n<li><a href='?page_no=36999'>36999<\/a><\/li>\n\n\n\n<li><a href='?page_no=37000'>37000<\/a><\/li>\n\n    \n\t\n\n<li >\n\t<a href='?page_no=14165'>Next<\/a>\n\t<\/li>\n\n\n    \n\n<li><a href='?page_no=37000'>Last &rsaquo;&rsaquo;<\/a><\/li>\n\n<\/ul>\n\n\n--><br \/>\n<\/body><\/p>\n","protected":false},"excerpt":{"rendered":"<p>Santo Domingo, R. D., 5 de noviembre.- El expresidente de la Rep\u00fablica, Hip\u00f3lito Mej\u00eda espera la reestructuraci\u00f3n del Partido Revolucionario Moderno, para decidir si corre por la candidatura del PRM. As\u00ed lo revel\u00f3 Jes\u00fas Feris Iglesias, quien fue designado coordinador de la corriente H16 en el Distrito Nacional del PRM. Record\u00f3 que los documentos de [&hellip;]<\/p>\n","protected":false},"author":3,"featured_media":0,"comment_status":"open","ping_status":"open","sticky":false,"template":"","format":"standard","meta":{"footnotes":""},"categories":[22],"tags":[],"class_list":["post-161683","post","type-post","status-publish","format-standard","hentry","category-politica"],"_links":{"self":[{"href":"https:\/\/diariodominicano.com\/index.php?rest_route=\/wp\/v2\/posts\/161683","targetHints":{"allow":["GET"]}}],"collection":[{"href":"https:\/\/diariodominicano.com\/index.php?rest_route=\/wp\/v2\/posts"}],"about":[{"href":"https:\/\/diariodominicano.com\/index.php?rest_route=\/wp\/v2\/types\/post"}],"author":[{"embeddable":true,"href":"https:\/\/diariodominicano.com\/index.php?rest_route=\/wp\/v2\/users\/3"}],"replies":[{"embeddable":true,"href":"https:\/\/diariodominicano.com\/index.php?rest_route=%2Fwp%2Fv2%2Fcomments&post=161683"}],"version-history":[{"count":0,"href":"https:\/\/diariodominicano.com\/index.php?rest_route=\/wp\/v2\/posts\/161683\/revisions"}],"wp:attachment":[{"href":"https:\/\/diariodominicano.com\/index.php?rest_route=%2Fwp%2Fv2%2Fmedia&parent=161683"}],"wp:term":[{"taxonomy":"category","embeddable":true,"href":"https:\/\/diariodominicano.com\/index.php?rest_route=%2Fwp%2Fv2%2Fcategories&post=161683"},{"taxonomy":"post_tag","embeddable":true,"href":"https:\/\/diariodominicano.com\/index.php?rest_route=%2Fwp%2Fv2%2Ftags&post=161683"}],"curies":[{"name":"wp","href":"https:\/\/api.w.org\/{rel}","templated":true}]}}