{"id":161682,"date":"2014-11-06T03:29:00","date_gmt":"2014-11-06T03:29:00","guid":{"rendered":"http:\/\/diariodominicano.ddns.net\/?p=161682"},"modified":"2014-11-06T03:29:00","modified_gmt":"2014-11-06T03:29:00","slug":"francisco-javier-apoyo-recibido-asegura-candidatura-presidencial-pld-para-2016","status":"publish","type":"post","link":"https:\/\/diariodominicano.com\/?p=161682","title":{"rendered":"Francisco Javier: apoyo recibido asegura candidatura presidencial PLD para  2016"},"content":{"rendered":"<p><body><\/p>\n<p><img decoding=\"async\" src=\"img3\/SAM_3022.JPG\" \/>  <\/p>\n<p><span class=\"text1noticias\">Santo Domingo, R. D., 6 de noviembre.- El licenciado Francisco Javier Garc\u00eda asegura que ser\u00e1 el candidato presidencial del Partido de la Liberaci\u00f3n Dominicana, PLD gracias al apoyo que ha recibido en todas las provincias y sectores de esa organizaci\u00f3n pol\u00edtica.<\/span><\/p>\n<p><span class=\"text1noticias\"> <\/span><\/p>\n<p><span class=\"text1noticias\">Garc\u00eda mostr\u00f3 su optimismo tras hacer el anuncio de un sorteo en el cual se rifar\u00e1 m\u00e1s de 35 millones de pesos en premios para el pr\u00f3ximo 21 de diciembre con la finalidad de recaudar fondo para su proyecto pol\u00edtico.<\/span><\/p>\n<p><span class=\"text1noticias\"> <\/span><\/p>\n<p><span class=\"text1noticias\">Esta rifa fue organizada por dirigentes del Proyecto Francisco Javier Garc\u00eda,  Presidente 2016.<\/span><\/p>\n<p><span class=\"text1noticias\"> <\/span><\/p>\n<p><span class=\"text1noticias\">Durante un coctel ofrecido a la prensa, realizado en el Sal\u00f3n Garden Tent del  Hotel  Embajador,  al cual asistieron  periodistas de radio, prensa, televisi\u00f3n y medios digitales, Garc\u00eda dijo que el apoyo recibido es extraordinario y excelente en todas las provincias y en todos los sectores del PLD.<\/span><\/p>\n<p><span class=\"text1noticias\"> <\/span><\/p>\n<p><span class=\"text1noticias\">En ese sentido, manifest\u00f3 \u00abcateg\u00f3ricamente puedo decirle que con Dios delante ser\u00e9 el pr\u00f3ximo candidato a la presidencia del PLD y de ser as\u00ed, el pr\u00f3ximo presidente\u00bb.<\/span><\/p>\n<p><span class=\"text1noticias\"> <\/span><\/p>\n<p><span class=\"text1noticias\">Record\u00f3 que el a\u00f1o pasado realizaron una rifa pro recaudaci\u00f3n de fondos de una Jeepeta, un apartamento y un carro pero, su equipo realiz\u00f3 una encuesta y la gente dice que lo que quiere es premios en efectivo.<\/span><\/p>\n<p><span class=\"text1noticias\"> <\/span><\/p>\n<p><span class=\"text1noticias\">En tal sentido, determinaron que la rifa ser\u00e1 en coordinaci\u00f3n con el sorteo de la Loter\u00eda Nacional correspondiente al domingo 21 de diciembre y  permitir\u00e1 que  los dominicanos que apoyen su pre-candidatura presidencial en esta temporada navide\u00f1a.<\/span><\/p>\n<p><span class=\"text1noticias\"> <\/span><\/p>\n<p><span class=\"text1noticias\">El sorteo incluye un primer premio de 20 millones de pesos, un segundo premio de 10 millones y un tercer premio de 5 millones,  totalizando 35 millones de pesos para  los que resulten ganadores.<\/span><\/p>\n<p><span class=\"text1noticias\"> <\/span><\/p>\n<p><span class=\"text1noticias\">El licenciado Francisco Javier Garc\u00eda  dijo que  con esta actividad se  retoma la pr\u00e1ctica de realizar sorteos de premios  valiosos  para recaudar fondos a favor del Proyecto Francisco Javier Garc\u00eda, Presidente 2016.<\/span><\/p>\n<p><span class=\"text1noticias\"> <\/span><\/p>\n<p><span class=\"text1noticias\">Los boletos  para este sorteo del 21 de diciembre del 2014  estar\u00e1n disponibles a nivel nacional a trav\u00e9s de las distintas oficinas de apoyo del  Proyecto Presidencial Francisco Javier Garc\u00eda, Preside<\/span>nte 2016.<\/p>\n<h6> 2014-11-06 03:29:00 <\/h6>\n<p><!--\n<link rel=\"stylesheet\" href=\"css\/bootstrap.min.css\">\n\n\n<ul class=\"pagination\">\n\t    \n\t\n\n<li >\n\t<a href='?page_no=14162'>Previous<\/a>\n\t<\/li>\n\n\n       \n    \n\n<li><a href='?page_no=1'>1<\/a><\/li>\n\n\n\n<li><a href='?page_no=2'>2<\/a><\/li>\n\n\n\n<li><a>...<\/a><\/li>\n\n\n\n<li><a href='?page_no=14161'>14161<\/a><\/li>\n\n\n\n<li><a href='?page_no=14162'>14162<\/a><\/li>\n\n\n\n<li class='active'><a>14163<\/a><\/li>\n\n\n\n<li><a href='?page_no=14164'>14164<\/a><\/li>\n\n\n\n<li><a href='?page_no=14165'>14165<\/a><\/li>\n\n\n\n<li><a>...<\/a><\/li>\n\n\n\n<li><a href='?page_no=36999'>36999<\/a><\/li>\n\n\n\n<li><a href='?page_no=37000'>37000<\/a><\/li>\n\n    \n\t\n\n<li >\n\t<a href='?page_no=14164'>Next<\/a>\n\t<\/li>\n\n\n    \n\n<li><a href='?page_no=37000'>Last &rsaquo;&rsaquo;<\/a><\/li>\n\n<\/ul>\n\n\n--><br \/>\n<\/body><\/p>\n","protected":false},"excerpt":{"rendered":"<p>Santo Domingo, R. D., 6 de noviembre.- El licenciado Francisco Javier Garc\u00eda asegura que ser\u00e1 el candidato presidencial del Partido de la Liberaci\u00f3n Dominicana, PLD gracias al apoyo que ha recibido en todas las provincias y sectores de esa organizaci\u00f3n pol\u00edtica. Garc\u00eda mostr\u00f3 su optimismo tras hacer el anuncio de un sorteo en el cual [&hellip;]<\/p>\n","protected":false},"author":3,"featured_media":0,"comment_status":"open","ping_status":"open","sticky":false,"template":"","format":"standard","meta":{"footnotes":""},"categories":[22],"tags":[],"class_list":["post-161682","post","type-post","status-publish","format-standard","hentry","category-politica"],"_links":{"self":[{"href":"https:\/\/diariodominicano.com\/index.php?rest_route=\/wp\/v2\/posts\/161682","targetHints":{"allow":["GET"]}}],"collection":[{"href":"https:\/\/diariodominicano.com\/index.php?rest_route=\/wp\/v2\/posts"}],"about":[{"href":"https:\/\/diariodominicano.com\/index.php?rest_route=\/wp\/v2\/types\/post"}],"author":[{"embeddable":true,"href":"https:\/\/diariodominicano.com\/index.php?rest_route=\/wp\/v2\/users\/3"}],"replies":[{"embeddable":true,"href":"https:\/\/diariodominicano.com\/index.php?rest_route=%2Fwp%2Fv2%2Fcomments&post=161682"}],"version-history":[{"count":0,"href":"https:\/\/diariodominicano.com\/index.php?rest_route=\/wp\/v2\/posts\/161682\/revisions"}],"wp:attachment":[{"href":"https:\/\/diariodominicano.com\/index.php?rest_route=%2Fwp%2Fv2%2Fmedia&parent=161682"}],"wp:term":[{"taxonomy":"category","embeddable":true,"href":"https:\/\/diariodominicano.com\/index.php?rest_route=%2Fwp%2Fv2%2Fcategories&post=161682"},{"taxonomy":"post_tag","embeddable":true,"href":"https:\/\/diariodominicano.com\/index.php?rest_route=%2Fwp%2Fv2%2Ftags&post=161682"}],"curies":[{"name":"wp","href":"https:\/\/api.w.org\/{rel}","templated":true}]}}