{"id":161680,"date":"2014-11-06T16:49:00","date_gmt":"2014-11-06T16:49:00","guid":{"rendered":"http:\/\/diariodominicano.ddns.net\/?p=161680"},"modified":"2014-11-06T16:49:00","modified_gmt":"2014-11-06T16:49:00","slug":"embajada-dominicana-en-colombia-celebra-misa-en-memoria-de-morales-troncoso","status":"publish","type":"post","link":"https:\/\/diariodominicano.com\/?p=161680","title":{"rendered":"Embajada dominicana en Colombia celebra misa en memoria de Morales Troncoso"},"content":{"rendered":"<p><body><\/p>\n<p><img decoding=\"async\" src=\"img3\/misa 6.jpg\" \/><br \/><img decoding=\"async\" src=\"img3\/colombia 6.jpg\" \/>  <\/p>\n<p>Bogota, Colombia 6 noviembre. La embajada dominicana en Colombia organiz\u00f3 aqu\u00ed una misa en memoria del ex canciller Carlos Morales Troncoso.<\/p>\n<\/p>\n<p>Tuvo luigar este mi\u00e9rcoles 5 de octubre, en la parroquia Santa Mar\u00eda de los \u00c1ngeles, del sector El Nogal, donde, adem\u00e1s, los asistentes firmaron el libro de condolencias expuesto all\u00ed junto a una foto del excanciller y exvicepresidente de la Rep\u00fablica Dominicana.<\/p>\n<\/p>\n<p>Al final de la eucarist\u00eda, el embajador dominicano, Briunny Garabito Segura, agradeci\u00f3 a los asistentes y resalt\u00f3 los dotes que adornaron en vida al fenecido.<\/p>\n<\/p>\n<p>\u00abCarlos Morales Troncoso, o don Carlos como les dec\u00edan sus allegados, fue un hombre de \u00e9xito empresarial, sobre todo dedic\u00f3 parte importante de su vida al servicio p\u00fablico. Fue un abanderado de las relaciones internacionales y aprovech\u00f3 para defender los mejores intereses de la patria\u00bb apunt\u00f3.<\/p>\n<\/p>\n<\/p>\n<\/p>\n<h6> 2014-11-06 16:49:00 <\/h6>\n<p><!--\n<link rel=\"stylesheet\" href=\"css\/bootstrap.min.css\">\n\n\n<ul class=\"pagination\">\n\t    \n\t\n\n<li >\n\t<a href='?page_no=14160'>Previous<\/a>\n\t<\/li>\n\n\n       \n    \n\n<li><a href='?page_no=1'>1<\/a><\/li>\n\n\n\n<li><a href='?page_no=2'>2<\/a><\/li>\n\n\n\n<li><a>...<\/a><\/li>\n\n\n\n<li><a href='?page_no=14159'>14159<\/a><\/li>\n\n\n\n<li><a href='?page_no=14160'>14160<\/a><\/li>\n\n\n\n<li class='active'><a>14161<\/a><\/li>\n\n\n\n<li><a href='?page_no=14162'>14162<\/a><\/li>\n\n\n\n<li><a href='?page_no=14163'>14163<\/a><\/li>\n\n\n\n<li><a>...<\/a><\/li>\n\n\n\n<li><a href='?page_no=36999'>36999<\/a><\/li>\n\n\n\n<li><a href='?page_no=37000'>37000<\/a><\/li>\n\n    \n\t\n\n<li >\n\t<a href='?page_no=14162'>Next<\/a>\n\t<\/li>\n\n\n    \n\n<li><a href='?page_no=37000'>Last &rsaquo;&rsaquo;<\/a><\/li>\n\n<\/ul>\n\n\n--><br \/>\n<\/body><\/p>\n","protected":false},"excerpt":{"rendered":"<p>Bogota, Colombia 6 noviembre. La embajada dominicana en Colombia organiz\u00f3 aqu\u00ed una misa en memoria del ex canciller Carlos Morales Troncoso. Tuvo luigar este mi\u00e9rcoles 5 de octubre, en la parroquia Santa Mar\u00eda de los \u00c1ngeles, del sector El Nogal, donde, adem\u00e1s, los asistentes firmaron el libro de condolencias expuesto all\u00ed junto a una foto [&hellip;]<\/p>\n","protected":false},"author":3,"featured_media":0,"comment_status":"open","ping_status":"open","sticky":false,"template":"","format":"standard","meta":{"footnotes":""},"categories":[22],"tags":[],"class_list":["post-161680","post","type-post","status-publish","format-standard","hentry","category-politica"],"_links":{"self":[{"href":"https:\/\/diariodominicano.com\/index.php?rest_route=\/wp\/v2\/posts\/161680","targetHints":{"allow":["GET"]}}],"collection":[{"href":"https:\/\/diariodominicano.com\/index.php?rest_route=\/wp\/v2\/posts"}],"about":[{"href":"https:\/\/diariodominicano.com\/index.php?rest_route=\/wp\/v2\/types\/post"}],"author":[{"embeddable":true,"href":"https:\/\/diariodominicano.com\/index.php?rest_route=\/wp\/v2\/users\/3"}],"replies":[{"embeddable":true,"href":"https:\/\/diariodominicano.com\/index.php?rest_route=%2Fwp%2Fv2%2Fcomments&post=161680"}],"version-history":[{"count":0,"href":"https:\/\/diariodominicano.com\/index.php?rest_route=\/wp\/v2\/posts\/161680\/revisions"}],"wp:attachment":[{"href":"https:\/\/diariodominicano.com\/index.php?rest_route=%2Fwp%2Fv2%2Fmedia&parent=161680"}],"wp:term":[{"taxonomy":"category","embeddable":true,"href":"https:\/\/diariodominicano.com\/index.php?rest_route=%2Fwp%2Fv2%2Fcategories&post=161680"},{"taxonomy":"post_tag","embeddable":true,"href":"https:\/\/diariodominicano.com\/index.php?rest_route=%2Fwp%2Fv2%2Ftags&post=161680"}],"curies":[{"name":"wp","href":"https:\/\/api.w.org\/{rel}","templated":true}]}}