{"id":161679,"date":"2014-11-06T17:34:28","date_gmt":"2014-11-06T17:34:28","guid":{"rendered":"http:\/\/diariodominicano.ddns.net\/?p=161679"},"modified":"2014-11-06T17:34:28","modified_gmt":"2014-11-06T17:34:28","slug":"montas-inaugura-comando-de-campana-en-bani-y-aboga-por-mayor-inversion-social-2","status":"publish","type":"post","link":"https:\/\/diariodominicano.com\/?p=161679","title":{"rendered":"Mont\u00e1s inaugura comando de campa\u00f1a en Ban\u00ed y aboga por mayor inversi\u00f3n social"},"content":{"rendered":"<p><body><\/p>\n<p><img decoding=\"async\" src=\"img3\/monta 6.jpg\" \/>  <\/p>\n<p>Bani, RD 6 noviembre.- El ingeniero Tem\u00edstocles Mont\u00e1s,  precandidato presidencial del Partido de la Liberaci\u00f3n Dominicana (PLD) dej\u00f3 inaugurado anoche en esta ciudad su comando de Campa\u00f1a, donde proclam\u00f3  que es inaceptable que muchos dominicanos se acuesten en la noche sin saber qu\u00e9 van a comer sus hijos al d\u00eda siguiente.<\/p>\n<\/p>\n<p>Afirm\u00f3 que Juan Bosch form\u00f3 el PLD para luchar por la democracia, pero entendida como el ejercicio de la libertad con justicia social, venciendo la pobreza y la desigualdad.<\/p>\n<\/p>\n<p>Al dejar inaugurado la sede del Comando de Campa\u00f1a en el sector El Fundo, Ban\u00ed, Mont\u00e1s dijo que conquistada la libertad, el gran desaf\u00edo y la prioridad de los l\u00edderes y las bases del PLD es vencer la pobreza y la desigualdad en el futuro inmediato.<\/p>\n<\/p>\n<p>El acto fue organizado por el coordinador provincial del Proyecto Temo Mont\u00e1s y precandidato a alcalde, Julio Santos, y cont\u00f3 la participaci\u00f3n masiva de residentes de la zona norte de Ban\u00ed, principalmente  mujeres y j\u00f3venes. La bendici\u00f3n de la actividad estuvo a cargo del reverendo Carlos Beras.<\/p>\n<\/p>\n<p>El alto dirigente del PLD dijo que en Ban\u00ed como en el resto del pa\u00eds el 62% de las personas son pobres, mientras que solo el 5% se considera clase alta, de acuerdo a una nota enviada por su equipo de prensa.<\/p>\n<\/p>\n<p>\u00abEse 5% que es clase alta concentra el 53% de los ingresos del pa\u00eds. En cambio, el 62% que es pobre, apenas concentra el 4.8% del ingreso\u00bb, se\u00f1al\u00f3 Mont\u00e1s, quien reaccion\u00f3 diciendo que \u00abeso no puede ser\u00bb. <\/p>\n<\/p>\n<p>Advirti\u00f3 que mientras persista esa enorme brecha de desigualdad social, \u00abvamos a tener una alta proporci\u00f3n de la poblaci\u00f3n que va a seguir excluida y eso provoca un caldo de cultivo para que se generen problemas en el pa\u00eds\u00bb.<\/p>\n<\/p>\n<p>\u00abLa gran tarea que tenemos por delante en el PLD es luchar para garantizar que la sociedad dominicana deje de ser de pobres y se transforme ?como dec\u00eda el compa\u00f1ero Danilo Medina en la campa\u00f1a electoral pasada- en una sociedad de clase media para que la gente tenga derecho a vivir con dignidad\u00bb, apunt\u00f3 el aspirante a la Presidencia de la Rep\u00fablica para las elecciones de 2016.<\/p>\n<\/p>\n<p>El l\u00edder pol\u00edtico tuvo palabras de agradecimiento por la masiva participaci\u00f3n de mujeres en la inauguraci\u00f3n de la sede del Comando de Campa\u00f1a y prometi\u00f3 que va al poder a impulsar mayor igualdad salarial entre hombres y mujeres por igual trabajo, respeto a su dignidad y mayor representaci\u00f3n pol\u00edtica en los cargos de elecci\u00f3n y administrativos del Estado.<\/p>\n<\/p>\n<p>Mont\u00e1s dijo que lanza su candidatura presidencial porque est\u00e1 preparado para encabezar la lucha contra la pobreza y contra la desigualdad social y porque sigue las ense\u00f1anzas del profesor Bosch quien demostr\u00f3 con hechos que la democracia es alternabilidad en el ejercicio del poder.<\/p>\n<\/p>\n<p>Record\u00f3 que Bosch sac\u00f3 casi 60% de los votos en las elecciones del 20 de diciembre de 1962 y desde que tom\u00f3 el poder en febrero de 1963 impuls\u00f3 una reforma constitucional que prohibi\u00f3 la reelecci\u00f3n para enviar un mensaje claro a la naci\u00f3n \u00abde que en la democracia se alterna el poder, mientras en la dictadura solo gobierna un hombre\u00bb.<\/p>\n<\/p>\n<p>Reiter\u00f3 que en la actual etapa pol\u00edtica y para encarar las tareas esenciales de enfrentar la pobreza y la desigualdad, lo que m\u00e1s conviene al pa\u00eds y al PLD es rotar el liderazgo como se inici\u00f3 en 2012 con la elecci\u00f3n de Medina.<\/p>\n<p><strong> <\/strong><\/p>\n<p><strong>La inauguraci\u00f3n<\/strong><\/p>\n<\/p>\n<p>En el acto habl\u00f3  Julio Santos, quien dijo que desde el local inaugurado se encaminar\u00e1n los trabajos para garantizar los votos necesarios del PLD para que Mont\u00e1s sea el candidato presidencial de ese partido.<\/p>\n<\/p>\n<p>\u00abTambi\u00e9n ser\u00e1 una oficina para el trabajo social ligado mano a mano con el trabajo pol\u00edtico\u00bb, expres\u00f3 Santos, quien dijo que desde all\u00ed trabajar\u00e1 para tambi\u00e9n ganar la candidatura a la alcald\u00eda de Ban\u00ed.<\/p>\n<\/p>\n<p>Santos manifest\u00f3 que la zona norte de Ban\u00ed concentra el 75% de la poblaci\u00f3n votante del municipio y en la actualidad, seg\u00fan datos de la Junta Electoral Municipal hay 120,000 personas que se han inscrito y obtenido la c\u00e9dula nueva.<\/p>\n<p>En la inauguraci\u00f3n del local de campa\u00f1a el precandidato presidencial estuvo acompa\u00f1ado de Yovanny Leyba, Inocencio Garc\u00eda y Nadin Rivas.<\/p>\n<\/p>\n<p>Tambi\u00e9n participaron los fundadores del PLD en Ban\u00ed, F\u00e9lix Guerrero y Roberto Mej\u00eda, quienes trabajaron con Mont\u00e1s como enlace, as\u00ed como el precandidato a regidor Ricardo Jim\u00e9nez.<\/p>\n<\/p>\n<p>Al t\u00e9rmino del acto, Mont\u00e1s y Santos hicieron un reparto de canastillas a mujeres embarazadas.<\/p>\n<h6> 2014-11-06 17:34:28 <\/h6>\n<p><!--\n<link rel=\"stylesheet\" href=\"css\/bootstrap.min.css\">\n\n\n<ul class=\"pagination\">\n\t    \n\t\n\n<li >\n\t<a href='?page_no=14159'>Previous<\/a>\n\t<\/li>\n\n\n       \n    \n\n<li><a href='?page_no=1'>1<\/a><\/li>\n\n\n\n<li><a href='?page_no=2'>2<\/a><\/li>\n\n\n\n<li><a>...<\/a><\/li>\n\n\n\n<li><a href='?page_no=14158'>14158<\/a><\/li>\n\n\n\n<li><a href='?page_no=14159'>14159<\/a><\/li>\n\n\n\n<li class='active'><a>14160<\/a><\/li>\n\n\n\n<li><a href='?page_no=14161'>14161<\/a><\/li>\n\n\n\n<li><a href='?page_no=14162'>14162<\/a><\/li>\n\n\n\n<li><a>...<\/a><\/li>\n\n\n\n<li><a href='?page_no=36999'>36999<\/a><\/li>\n\n\n\n<li><a href='?page_no=37000'>37000<\/a><\/li>\n\n    \n\t\n\n<li >\n\t<a href='?page_no=14161'>Next<\/a>\n\t<\/li>\n\n\n    \n\n<li><a href='?page_no=37000'>Last &rsaquo;&rsaquo;<\/a><\/li>\n\n<\/ul>\n\n\n--><br \/>\n<\/body><\/p>\n","protected":false},"excerpt":{"rendered":"<p>Bani, RD 6 noviembre.- El ingeniero Tem\u00edstocles Mont\u00e1s, precandidato presidencial del Partido de la Liberaci\u00f3n Dominicana (PLD) dej\u00f3 inaugurado anoche en esta ciudad su comando de Campa\u00f1a, donde proclam\u00f3 que es inaceptable que muchos dominicanos se acuesten en la noche sin saber qu\u00e9 van a comer sus hijos al d\u00eda siguiente. Afirm\u00f3 que Juan Bosch [&hellip;]<\/p>\n","protected":false},"author":3,"featured_media":0,"comment_status":"open","ping_status":"open","sticky":false,"template":"","format":"standard","meta":{"footnotes":""},"categories":[22],"tags":[],"class_list":["post-161679","post","type-post","status-publish","format-standard","hentry","category-politica"],"_links":{"self":[{"href":"https:\/\/diariodominicano.com\/index.php?rest_route=\/wp\/v2\/posts\/161679","targetHints":{"allow":["GET"]}}],"collection":[{"href":"https:\/\/diariodominicano.com\/index.php?rest_route=\/wp\/v2\/posts"}],"about":[{"href":"https:\/\/diariodominicano.com\/index.php?rest_route=\/wp\/v2\/types\/post"}],"author":[{"embeddable":true,"href":"https:\/\/diariodominicano.com\/index.php?rest_route=\/wp\/v2\/users\/3"}],"replies":[{"embeddable":true,"href":"https:\/\/diariodominicano.com\/index.php?rest_route=%2Fwp%2Fv2%2Fcomments&post=161679"}],"version-history":[{"count":0,"href":"https:\/\/diariodominicano.com\/index.php?rest_route=\/wp\/v2\/posts\/161679\/revisions"}],"wp:attachment":[{"href":"https:\/\/diariodominicano.com\/index.php?rest_route=%2Fwp%2Fv2%2Fmedia&parent=161679"}],"wp:term":[{"taxonomy":"category","embeddable":true,"href":"https:\/\/diariodominicano.com\/index.php?rest_route=%2Fwp%2Fv2%2Fcategories&post=161679"},{"taxonomy":"post_tag","embeddable":true,"href":"https:\/\/diariodominicano.com\/index.php?rest_route=%2Fwp%2Fv2%2Ftags&post=161679"}],"curies":[{"name":"wp","href":"https:\/\/api.w.org\/{rel}","templated":true}]}}