{"id":161676,"date":"2014-11-06T17:47:30","date_gmt":"2014-11-06T17:47:30","guid":{"rendered":"http:\/\/diariodominicano.ddns.net\/?p=161676"},"modified":"2014-11-06T17:47:30","modified_gmt":"2014-11-06T17:47:30","slug":"padilla-elogia-capacidad-expositiva-del-ex-presidente-leonel-fernandez","status":"publish","type":"post","link":"https:\/\/diariodominicano.com\/?p=161676","title":{"rendered":"&#13;&#13;&#13;&#13;Padilla elogia capacidad expositiva del ex presidente Leonel Fern\u00e1ndez"},"content":{"rendered":"<p><body><\/p>\n<p><img decoding=\"async\" src=\"img3\/padilla.jpg\" \/>  <\/p>\n<\/p>\n<p><span class=\"text1noticias\"> <\/span><\/p>\n<p><span class=\"text1noticias\">Santo Domingo, RD, 6 de noviembred.- El comunicador Alberto Padilla elogi\u00f3 la calidad expositiva del expresidente de la Rep\u00fablica, doctor Leonel Fern\u00e1ndez, as\u00ed como la organizaci\u00f3n del encuentro-entrevista realizado el pasado mi\u00e9rcoles por el Grupo Estrat\u00e9gico Empresarial.<\/span><\/p>\n<p><span class=\"text1noticias\"> <\/span><\/p>\n<p><span class=\"text1noticias\">Alberto Padilla, contratado por los organizadores del Dialogo para realizar la entrevista ante un numeroso p\u00fablico de empresarios, ponder\u00f3 el nivel de conocimientos y preparaci\u00f3n del presidente del Partido de la Liberaci\u00f3n  Dominicana. \u00abNo evadi\u00f3 ning\u00fan tema, le entra a todo\u00bb., coment\u00f3 en un lenguaje coloquial<\/span><\/p>\n<p><span class=\"text1noticias\"> <\/span><\/p>\n<p><span class=\"text1noticias\">\u00abVi a un expresidente con una visi\u00f3n muy clara de la Rep\u00fablica Dominicana\u00bb, se\u00f1al\u00f3 Padilla, entrevistado en el programa A Diario y en rese\u00f1a de la Secretar\u00eda de Comunicaciones del Partido de la Liberaci\u00f3n Dominicana.<\/span><\/p>\n<p><span class=\"text1noticias\"> <\/span><\/p>\n<p><span class=\"text1noticias\">Explic\u00f3 que fue contratado por el Grupo Estrat\u00e9gico Empresarial y que el objetivo de los empresarios era conocer la opini\u00f3n sobre temas espec\u00edficos \u00abde alguien que fue tres veces presidente de la Rep\u00fablica\u00bb, para posteriormente colocar aquello en la agenda de trabajo del grupo.<\/span><\/p>\n<p><span class=\"text1noticias\"> <\/span><\/p>\n<p><span class=\"text1noticias\">Agreg\u00f3 que los empresarios estaban interesados en conocer la visi\u00f3n de futuro del expresidente Leonel Fern\u00e1ndez sobre la econom\u00eda en el mercado nacional e internacional.<\/span><\/p>\n<p><span class=\"text1noticias\"> <\/span><\/p>\n<p><span class=\"text1noticias\">Fern\u00e1ndez, quien adem\u00e1s es presidente de la Fundaci\u00f3n Global Democracia y Desarrollo (Funglode), fue entrevistado por comunicador  de nacionalidad mexicana  quien lo abord\u00f3 sobre diferentes temas de inter\u00e9s para los \u00e1mbitos pol\u00edtico, empresarial, social y cultural. <\/span><\/p>\n<p><span class=\"text1noticias\"> <\/span><\/p>\n<p><span class=\"text1noticias\">En ese encuentro, realizado en el Hotel Hilton, del Ensanche Naco,  participaron cientos de empresarios de diferentes ramas, en su mayor\u00eda j\u00f3venes.<\/span><\/p>\n<p><span class=\"text1noticias\"> <\/span><\/p>\n<p><span class=\"text1noticias\">La actividad fue hecha en sociedad con el grupo Mercado Media Network,  con una reciente asociaci\u00f3n a las publicaciones internacionales Bloomberg y CNN Expansi\u00f3n. <\/span><\/p>\n<p><span class=\"text1noticias\"> <\/span><\/p>\n<p><span class=\"text1noticias\">Los organizadores del encuentro con el expresidente Leonel Fern\u00e1ndez informaron que el contenido de la entrevista ser\u00e1 publicar\u00e1 en la edici\u00f3n de la Revista Mercado correspondiente al mes de diciembre pr\u00f3ximo. <\/span><\/p>\n<h6> 2014-11-06 17:47:30 <\/h6>\n<p><!--\n<link rel=\"stylesheet\" href=\"css\/bootstrap.min.css\">\n\n\n<ul class=\"pagination\">\n\t    \n\t\n\n<li >\n\t<a href='?page_no=14157'>Previous<\/a>\n\t<\/li>\n\n\n       \n    \n\n<li><a href='?page_no=1'>1<\/a><\/li>\n\n\n\n<li><a href='?page_no=2'>2<\/a><\/li>\n\n\n\n<li><a>...<\/a><\/li>\n\n\n\n<li><a href='?page_no=14156'>14156<\/a><\/li>\n\n\n\n<li><a href='?page_no=14157'>14157<\/a><\/li>\n\n\n\n<li class='active'><a>14158<\/a><\/li>\n\n\n\n<li><a href='?page_no=14159'>14159<\/a><\/li>\n\n\n\n<li><a href='?page_no=14160'>14160<\/a><\/li>\n\n\n\n<li><a>...<\/a><\/li>\n\n\n\n<li><a href='?page_no=36999'>36999<\/a><\/li>\n\n\n\n<li><a href='?page_no=37000'>37000<\/a><\/li>\n\n    \n\t\n\n<li >\n\t<a href='?page_no=14159'>Next<\/a>\n\t<\/li>\n\n\n    \n\n<li><a href='?page_no=37000'>Last &rsaquo;&rsaquo;<\/a><\/li>\n\n<\/ul>\n\n\n--><br \/>\n<\/body><\/p>\n","protected":false},"excerpt":{"rendered":"<p>Santo Domingo, RD, 6 de noviembred.- El comunicador Alberto Padilla elogi\u00f3 la calidad expositiva del expresidente de la Rep\u00fablica, doctor Leonel Fern\u00e1ndez, as\u00ed como la organizaci\u00f3n del encuentro-entrevista realizado el pasado mi\u00e9rcoles por el Grupo Estrat\u00e9gico Empresarial. Alberto Padilla, contratado por los organizadores del Dialogo para realizar la entrevista ante un numeroso p\u00fablico de empresarios, [&hellip;]<\/p>\n","protected":false},"author":3,"featured_media":0,"comment_status":"open","ping_status":"open","sticky":false,"template":"","format":"standard","meta":{"footnotes":""},"categories":[22],"tags":[],"class_list":["post-161676","post","type-post","status-publish","format-standard","hentry","category-politica"],"_links":{"self":[{"href":"https:\/\/diariodominicano.com\/index.php?rest_route=\/wp\/v2\/posts\/161676","targetHints":{"allow":["GET"]}}],"collection":[{"href":"https:\/\/diariodominicano.com\/index.php?rest_route=\/wp\/v2\/posts"}],"about":[{"href":"https:\/\/diariodominicano.com\/index.php?rest_route=\/wp\/v2\/types\/post"}],"author":[{"embeddable":true,"href":"https:\/\/diariodominicano.com\/index.php?rest_route=\/wp\/v2\/users\/3"}],"replies":[{"embeddable":true,"href":"https:\/\/diariodominicano.com\/index.php?rest_route=%2Fwp%2Fv2%2Fcomments&post=161676"}],"version-history":[{"count":0,"href":"https:\/\/diariodominicano.com\/index.php?rest_route=\/wp\/v2\/posts\/161676\/revisions"}],"wp:attachment":[{"href":"https:\/\/diariodominicano.com\/index.php?rest_route=%2Fwp%2Fv2%2Fmedia&parent=161676"}],"wp:term":[{"taxonomy":"category","embeddable":true,"href":"https:\/\/diariodominicano.com\/index.php?rest_route=%2Fwp%2Fv2%2Fcategories&post=161676"},{"taxonomy":"post_tag","embeddable":true,"href":"https:\/\/diariodominicano.com\/index.php?rest_route=%2Fwp%2Fv2%2Ftags&post=161676"}],"curies":[{"name":"wp","href":"https:\/\/api.w.org\/{rel}","templated":true}]}}