{"id":161674,"date":"2014-11-06T18:19:36","date_gmt":"2014-11-06T18:19:36","guid":{"rendered":"http:\/\/diariodominicano.ddns.net\/?p=161674"},"modified":"2014-11-06T18:19:36","modified_gmt":"2014-11-06T18:19:36","slug":"hipolito-mejia-anuncia-apertura-de-inscripciones-en-el-prm","status":"publish","type":"post","link":"https:\/\/diariodominicano.com\/?p=161674","title":{"rendered":"&#13;&#13;Hip\u00f3lito Mej\u00eda anuncia apertura  de inscripciones en el PRM"},"content":{"rendered":"<p><body><\/p>\n<p><img decoding=\"async\" src=\"img3\/hipolito_en_podio.jpg\" \/>  <\/p>\n<\/p>\n<p><span class=\"text1noticias\">Santo Domingo, RD, 6 de noviembre. -El Presidente Hip\u00f3lito Mej\u00eda afirm\u00f3 que el Partido Revolucionario Moderno ha comenzado \u00abcon casi un 40 por ciento y sostuvo que ning\u00fan experto podr\u00eda creer que un partido naciera tan fuerte\u00bb al mismo tiempo anunci\u00f3 que \u00aben los pr\u00f3ximos d\u00edas estaremos inscribiendo a los nuevos militantes que han apoyado a nuestro PRM\u00bb.<\/span><\/p>\n<\/p>\n<p><span class=\"text1noticias\">Mej\u00eda habl\u00f3 en el acto celebrado en la Circunscripci\u00f3n n\u00famero 3 del Distrito Nacional. Estuvo acompa\u00f1ado el doctor Jes\u00fas Feris Iglesias, Cesar Cede\u00f1o, Jean Luis Rodr\u00edguez, los diputados Jos\u00e9 Miguel Cabrera, David Collado, Arsenio Borges, Alberto Atallah, los regidores  Eduardito Arias, Alex N\u00fa\u00f1ez,  Blac Blank, Jos\u00e9 Candelario, Redames S\u00e1nchez, Cristina S\u00e1nchez y otros dirigentes zonales y distritales.  <\/span><\/p>\n<\/p>\n<p><span class=\"text1noticias\">Insisti\u00f3 en que \u00abhemos comenzado con pantalones largos, pero no nos podemos equivocar, por eso seremos exigentes, la libertad democr\u00e1tica es la libertad del PRM y no puede ser vulnerada con aplicaciones totalitarias contraviniendo el contexto de la democracia implantada por Jos\u00e9 Francisco Pe\u00f1a G\u00f3mez a quien hay que recordar siempre por su lucha por la libertad y la democracia\u00bb.<\/span><\/p>\n<\/p>\n<p><span class=\"text1noticias\">\u00abPor eso que no se crea nadie, dijo el Presidente Mej\u00eda, que se le va a se\u00f1alar por dedo, porque tenemos que entender que las fuerzas sociales y los partidos minoritarios a los que les hemos abierto las puertas, para que la Convergencia sea una realidad, tienen que tener su participaci\u00f3n\u00bb<\/span><\/p>\n<\/p>\n<p><span class=\"text1noticias\">\u00abEste proceso ser\u00e1 eminentemente democr\u00e1tico, con la participaci\u00f3n de la base de la sociedad y de los grupos que necesitan participar en el gobierno, porque lleg\u00f3 el momento de abrir las puertas y las ventanas\u00bb dijo.<\/span><\/p>\n<\/p>\n<p><span class=\"text1noticias\">Inform\u00f3 que \u00ablos reglamentos y estatutos, el Comit\u00e9 Ejecutivo y toda la parte jur\u00eddica est\u00e1n pr\u00e1cticamente finalizados y solamente falta completar peque\u00f1os detalles\u00bb<\/span><\/p>\n<\/p>\n<p><span class=\"text1noticias\">\u00abEste es el momento de la verdadera unidad de la gente que disfrutamos a nuestro Jos\u00e9 Francisco Pe\u00f1a G\u00f3mez, por lo que no puede haber pleito, ahora las aspiraciones tienen que desarrollarse, dentro del PRM  va a haber elecciones limpias y democr\u00e1ticas. No es verdad que vamos a replicar las experiencias desgraciadas de se\u00f1alar gente que no reun\u00eda las condiciones. Vamos a respetar las cuotas de la mujer y de la juventud.<\/span><\/p>\n<\/p>\n<p><span class=\"text1noticias\">Dijo que en todas las provincias y municipios del  pa\u00eds donde nuestros dirigentes se han mantenido firmes e insobornables en nuestro grupo, tuvieron la oportunidad de compartir con la dirigencia nacional  lo que ha hecho f\u00e1cil integrarlos a lo que ha de ser el Comit\u00e9 Ejecutivo nuestro de lo que es el PRM. Los puestos de los que se fueron que son los menos, fueron ocupados  por los que se quedaron en todo el pa\u00eds explic\u00f3.<\/span><\/p>\n<\/p>\n<p><span class=\"text1noticias\">\u00abPor eso estamos calentando el brazo, de ah\u00ed nuestra participaci\u00f3n por lo que estamos aqu\u00ed e iremos a los barrios, las calles para compartir de nuevo lo que ustedes quieran decirnos, porque yo s\u00ed que no tengo miedo de ir all\u00e1 al seno de la sociedad, porque el que tenga miedo que se quede en su casa\u00bb<\/span><\/p>\n<\/p>\n<p><span class=\"text1noticias\">\u00abNi nos asustan los terroristas, ni nos asustan los ladrones que est\u00e1n apareciendo ahora al por mayor y detalle. Cuantas veces yo los denunciaba me dec\u00edan tr\u00e1talos con cari\u00f1o, pero el que meti\u00f3 la pata que la pague\u00bb<\/span><\/p>\n<\/p>\n<p><span class=\"text1noticias\">Por eso ir\u00e9 a los barrios, los campos y todo el territorio  nacional, no a sembrar discordia, muy por lo contrario a sembrar afectos y cari\u00f1os a esa poblaci\u00f3n llena de esperanzas, como es la juventud, las mujeres y los agricultores.<\/span><\/p>\n<h6> 2014-11-06 18:19:36 <\/h6>\n<p><!--\n<link rel=\"stylesheet\" href=\"css\/bootstrap.min.css\">\n\n\n<ul class=\"pagination\">\n\t    \n\t\n\n<li >\n\t<a href='?page_no=14155'>Previous<\/a>\n\t<\/li>\n\n\n       \n    \n\n<li><a href='?page_no=1'>1<\/a><\/li>\n\n\n\n<li><a href='?page_no=2'>2<\/a><\/li>\n\n\n\n<li><a>...<\/a><\/li>\n\n\n\n<li><a href='?page_no=14154'>14154<\/a><\/li>\n\n\n\n<li><a href='?page_no=14155'>14155<\/a><\/li>\n\n\n\n<li class='active'><a>14156<\/a><\/li>\n\n\n\n<li><a href='?page_no=14157'>14157<\/a><\/li>\n\n\n\n<li><a href='?page_no=14158'>14158<\/a><\/li>\n\n\n\n<li><a>...<\/a><\/li>\n\n\n\n<li><a href='?page_no=36999'>36999<\/a><\/li>\n\n\n\n<li><a href='?page_no=37000'>37000<\/a><\/li>\n\n    \n\t\n\n<li >\n\t<a href='?page_no=14157'>Next<\/a>\n\t<\/li>\n\n\n    \n\n<li><a href='?page_no=37000'>Last &rsaquo;&rsaquo;<\/a><\/li>\n\n<\/ul>\n\n\n--><br \/>\n<\/body><\/p>\n","protected":false},"excerpt":{"rendered":"<p>Santo Domingo, RD, 6 de noviembre. -El Presidente Hip\u00f3lito Mej\u00eda afirm\u00f3 que el Partido Revolucionario Moderno ha comenzado \u00abcon casi un 40 por ciento y sostuvo que ning\u00fan experto podr\u00eda creer que un partido naciera tan fuerte\u00bb al mismo tiempo anunci\u00f3 que \u00aben los pr\u00f3ximos d\u00edas estaremos inscribiendo a los nuevos militantes que han apoyado [&hellip;]<\/p>\n","protected":false},"author":3,"featured_media":0,"comment_status":"open","ping_status":"open","sticky":false,"template":"","format":"standard","meta":{"footnotes":""},"categories":[22],"tags":[],"class_list":["post-161674","post","type-post","status-publish","format-standard","hentry","category-politica"],"_links":{"self":[{"href":"https:\/\/diariodominicano.com\/index.php?rest_route=\/wp\/v2\/posts\/161674","targetHints":{"allow":["GET"]}}],"collection":[{"href":"https:\/\/diariodominicano.com\/index.php?rest_route=\/wp\/v2\/posts"}],"about":[{"href":"https:\/\/diariodominicano.com\/index.php?rest_route=\/wp\/v2\/types\/post"}],"author":[{"embeddable":true,"href":"https:\/\/diariodominicano.com\/index.php?rest_route=\/wp\/v2\/users\/3"}],"replies":[{"embeddable":true,"href":"https:\/\/diariodominicano.com\/index.php?rest_route=%2Fwp%2Fv2%2Fcomments&post=161674"}],"version-history":[{"count":0,"href":"https:\/\/diariodominicano.com\/index.php?rest_route=\/wp\/v2\/posts\/161674\/revisions"}],"wp:attachment":[{"href":"https:\/\/diariodominicano.com\/index.php?rest_route=%2Fwp%2Fv2%2Fmedia&parent=161674"}],"wp:term":[{"taxonomy":"category","embeddable":true,"href":"https:\/\/diariodominicano.com\/index.php?rest_route=%2Fwp%2Fv2%2Fcategories&post=161674"},{"taxonomy":"post_tag","embeddable":true,"href":"https:\/\/diariodominicano.com\/index.php?rest_route=%2Fwp%2Fv2%2Ftags&post=161674"}],"curies":[{"name":"wp","href":"https:\/\/api.w.org\/{rel}","templated":true}]}}