{"id":161673,"date":"2014-11-06T18:25:53","date_gmt":"2014-11-06T18:25:53","guid":{"rendered":"http:\/\/diariodominicano.ddns.net\/?p=161673"},"modified":"2014-11-06T18:25:53","modified_gmt":"2014-11-06T18:25:53","slug":"moda-propone-concertacion-de-partidos-para-enfrentar-problemas-del-pais","status":"publish","type":"post","link":"https:\/\/diariodominicano.com\/?p=161673","title":{"rendered":"&#13;&#13;&#13;Moda propone concertaci\u00f3n de partidos para enfrentar problemas del pa\u00eds."},"content":{"rendered":"<p><body><\/p>\n<p><img decoding=\"async\" src=\"img3\/rivas.jpg\" \/>  <\/p>\n<p><span class=\"text1noticias\"> <\/span><\/p>\n<p><span class=\"text1noticias\">Santo Domingo, RD, 6 de noviembre.- El  presidente del Partido MODA, doctor Emilio Rivas, propuso  la realizaci\u00f3n de un proceso de concertaci\u00f3n municipio por municipio, en todo el territorio nacional, para enfrentar y aportar soluciones a  principales problemas que afectan a la sociedad dominicana que a principios del a\u00f1o 2015, desemboque en la creaci\u00f3n de un Frente Centro Democr\u00e1tico que se constituya en una alternativa pol\u00edtica.<\/span><\/p>\n<\/p>\n<p><span class=\"text1noticias\">El objetivo principal de esta concertaci\u00f3n es motivar la participaci\u00f3n de los sectores productivos, las organizaciones de profesionales, populares, eclesi\u00e1sticas, sindicales, de j\u00f3venes y las mujeres, de organizaciones pol\u00edticas en formaci\u00f3n y las existentes, y los ciudadanos y ciudadanas que no se sienten representados en la toma de las grandes decisiones nacionales y la conducci\u00f3n de las pol\u00edticas p\u00fablicas.<\/span><\/p>\n<\/p>\n<p><span class=\"text1noticias\">MODA entiende que la Seguridad P\u00fablica, el desorden Migratorio, la Reforma del Sistema Educativo y de Salud, la Deuda P\u00fablica, el D\u00e9ficit Presupuestario y la Creaci\u00f3n de Empleos, solo pueden ser enfrentados con una amplia y entusiasta participaci\u00f3n responsable de los afectados y beneficiarios.<\/span><\/p>\n<\/p>\n<p><span class=\"text1noticias\">\u00abNo podemos ser indiferentes ante los problemas que nos agobian como naci\u00f3n y todos tenemos que aportar para la soluci\u00f3n de los grandes males que nos afecta y en conjunto buscar una salida a estos\u00bb proclam\u00f3 Emilio Rivas, presidente del Partido Moda.<\/span><\/p>\n<p><span class=\"text1noticias\">El partido MODA es en la actualidad la cuarta fuerza pol\u00edtica electoral del pa\u00eds y el partido que m\u00e1s ha crecido en las \u00faltimas tres elecciones, desde el 2008 al presente.<\/span><\/p>\n<h6> 2014-11-06 18:25:53 <\/h6>\n<p><!--\n<link rel=\"stylesheet\" href=\"css\/bootstrap.min.css\">\n\n\n<ul class=\"pagination\">\n\t    \n\t\n\n<li >\n\t<a href='?page_no=14154'>Previous<\/a>\n\t<\/li>\n\n\n       \n    \n\n<li><a href='?page_no=1'>1<\/a><\/li>\n\n\n\n<li><a href='?page_no=2'>2<\/a><\/li>\n\n\n\n<li><a>...<\/a><\/li>\n\n\n\n<li><a href='?page_no=14153'>14153<\/a><\/li>\n\n\n\n<li><a href='?page_no=14154'>14154<\/a><\/li>\n\n\n\n<li class='active'><a>14155<\/a><\/li>\n\n\n\n<li><a href='?page_no=14156'>14156<\/a><\/li>\n\n\n\n<li><a href='?page_no=14157'>14157<\/a><\/li>\n\n\n\n<li><a>...<\/a><\/li>\n\n\n\n<li><a href='?page_no=36999'>36999<\/a><\/li>\n\n\n\n<li><a href='?page_no=37000'>37000<\/a><\/li>\n\n    \n\t\n\n<li >\n\t<a href='?page_no=14156'>Next<\/a>\n\t<\/li>\n\n\n    \n\n<li><a href='?page_no=37000'>Last &rsaquo;&rsaquo;<\/a><\/li>\n\n<\/ul>\n\n\n--><br \/>\n<\/body><\/p>\n","protected":false},"excerpt":{"rendered":"<p>Santo Domingo, RD, 6 de noviembre.- El presidente del Partido MODA, doctor Emilio Rivas, propuso la realizaci\u00f3n de un proceso de concertaci\u00f3n municipio por municipio, en todo el territorio nacional, para enfrentar y aportar soluciones a principales problemas que afectan a la sociedad dominicana que a principios del a\u00f1o 2015, desemboque en la creaci\u00f3n de [&hellip;]<\/p>\n","protected":false},"author":3,"featured_media":0,"comment_status":"open","ping_status":"open","sticky":false,"template":"","format":"standard","meta":{"footnotes":""},"categories":[22],"tags":[],"class_list":["post-161673","post","type-post","status-publish","format-standard","hentry","category-politica"],"_links":{"self":[{"href":"https:\/\/diariodominicano.com\/index.php?rest_route=\/wp\/v2\/posts\/161673","targetHints":{"allow":["GET"]}}],"collection":[{"href":"https:\/\/diariodominicano.com\/index.php?rest_route=\/wp\/v2\/posts"}],"about":[{"href":"https:\/\/diariodominicano.com\/index.php?rest_route=\/wp\/v2\/types\/post"}],"author":[{"embeddable":true,"href":"https:\/\/diariodominicano.com\/index.php?rest_route=\/wp\/v2\/users\/3"}],"replies":[{"embeddable":true,"href":"https:\/\/diariodominicano.com\/index.php?rest_route=%2Fwp%2Fv2%2Fcomments&post=161673"}],"version-history":[{"count":0,"href":"https:\/\/diariodominicano.com\/index.php?rest_route=\/wp\/v2\/posts\/161673\/revisions"}],"wp:attachment":[{"href":"https:\/\/diariodominicano.com\/index.php?rest_route=%2Fwp%2Fv2%2Fmedia&parent=161673"}],"wp:term":[{"taxonomy":"category","embeddable":true,"href":"https:\/\/diariodominicano.com\/index.php?rest_route=%2Fwp%2Fv2%2Fcategories&post=161673"},{"taxonomy":"post_tag","embeddable":true,"href":"https:\/\/diariodominicano.com\/index.php?rest_route=%2Fwp%2Fv2%2Ftags&post=161673"}],"curies":[{"name":"wp","href":"https:\/\/api.w.org\/{rel}","templated":true}]}}