{"id":161672,"date":"2014-11-06T18:38:20","date_gmt":"2014-11-06T18:38:20","guid":{"rendered":"http:\/\/diariodominicano.ddns.net\/?p=161672"},"modified":"2014-11-06T18:38:20","modified_gmt":"2014-11-06T18:38:20","slug":"triunfo-republicano-podria-cambiar-vida-de-millones-inmigrantes-hispanos-en-eeuu","status":"publish","type":"post","link":"https:\/\/diariodominicano.com\/?p=161672","title":{"rendered":"&#13;&#13;Triunfo republicano podr\u00eda cambiar vida de millones inmigrantes hispanos en EEUU"},"content":{"rendered":"<p><body><\/p>\n<p><img decoding=\"async\" src=\"img3\/banderas.jpg\" \/>  <\/p>\n<p><span class=\"text1noticias\"> <\/span><\/p>\n<p><span class=\"text1noticias\">Por Ram\u00f3n Mercedes<\/span><\/p>\n<p><span class=\"text1noticias\"> <\/span><\/p>\n<p><span class=\"text1noticias\">Nueva York, EEUU, 6 de noviembre.- El triunfo de los republicanos en las C\u00e1maras del Senado y de Representantes, en las pasadas elecciones de medio tiempo, podr\u00eda cambiar la vida de millones de inmigrantes hispanos (legal e ilegal), entre ellos miles de dominicanos, residentes en los Estados Unidos, al decir sobre  los planteamientos que han venido sustentando los actuales triunfadores.<\/span><\/p>\n<p><span class=\"text1noticias\"> <\/span><\/p>\n<p><span class=\"text1noticias\">En la 114 sesi\u00f3n del Congreso a iniciarse en los pr\u00f3ximos d\u00edas, los republicanos tendr\u00e1n absoluto control del mismo, tras lograr 52 esca\u00f1os en el Senado y ampliar su mayor\u00eda en la C\u00e1mara de Representantes, y buscar\u00e1n revertir lo que califican como \u00abpol\u00edticas fallidas\u00bb del presidente Barack Obama, y la reforma migratoria no es el \u00fanico tema en su agenda.<\/span><\/p>\n<p><span class=\"text1noticias\"> <\/span><\/p>\n<p><span class=\"text1noticias\">Ya dentro del Partido Republicano comenz\u00f3 \u00abel tira y jala\u00bb de continuar impulsando \u00abmano dura\u00bb contra los indocumentados, porque l\u00edderes radicales como Ted Cruz, senador por Texas y muy cercanos al movimiento Tea Party, han indicado que luchar\u00e1n contra cualquier \u00abintento de amnist\u00eda\u00bb, y en ello incluyen la acci\u00f3n ejecutiva.<\/span><\/p>\n<p><span class=\"text1noticias\"> <\/span><\/p>\n<p><span class=\"text1noticias\">Recortes a programas para la educaci\u00f3n superior. Un plan del congresista republicano Paul Ryan, incluye recortes por $90,000 millones al programa de becas \u00abPell\u00bb para universitarios, y por $107,000 millones para la educaci\u00f3n primaria en la pr\u00f3xima d\u00e9cada.<\/span><\/p>\n<p><span class=\"text1noticias\"> <\/span><\/p>\n<p><span class=\"text1noticias\">Revocaci\u00f3n parcial o total de la reforma de salud de 2010, conocida como \u00abObamacare\u00bb y que redujo del 26.2% al 16.5% el porcentaje de hispanos sin cobertura m\u00e9dica y recortes a programas destinados a la clase media y a gente de bajos recursos, aunque ellos favorecen recortes tributarios para los ricos como aliciente para crear empleos.<\/span><\/p>\n<p><span class=\"text1noticias\"> <\/span><\/p>\n<p><span class=\"text1noticias\">Al igual como ocurri\u00f3 a nivel nacional, los republicanos obtuvieron suficientes votos para hacerse con el control absoluto del Senado en el estado de Nueva York, al conquistar 32 asientos de los 63, con lo que se complica la aprobaci\u00f3n de medidas fundamentales para la agenda latina en el estado, como el Dream Act y la subida del salario m\u00ednimo.<\/span><\/p>\n<p><span class=\"text1noticias\"> <\/span><\/p>\n<p><span class=\"text1noticias\">Para que el pr\u00f3ximo candidato dem\u00f3crata a la presidencia del pa\u00eds en el 2016 pueda tratar de recuperar espacio perdido entre los hispanos y otras etnias, el presidente Obama tiene en estos momentos, a trav\u00e9s de acciones ejecutivas, capacidad para ordenar que se pospongan por largos per\u00edodos de tiempo la deportaci\u00f3n de algunos inmigrantes.<\/span><\/p>\n<p><span class=\"text1noticias\"> <\/span><\/p>\n<p><span class=\"text1noticias\">Dar permisos de trabajo a personas cuya deportaci\u00f3n se posponga indefinidamente; expandir DACA o \u00abAcci\u00f3n Diferida\u00bb; elegir a qu\u00e9 grupos es preferible deportar en forma prioritaria: por ejemplo, a los delincuentes, establecer protecci\u00f3n de TPS o DED para ciertas poblaciones de pa\u00edses espec\u00edficos; dar \u00abparole\u00bb o un permiso de estad\u00eda a personas que est\u00e1n aqu\u00ed indocumentados.<\/span><\/p>\n<p><span class=\"text1noticias\"> <\/span><\/p>\n<p><span class=\"text1noticias\">Actualmente m\u00e1s de 11 millones de hispanos, incluido miles de dominicanos, han esperado por a\u00f1os una amnist\u00eda migratoria por parte del mandatario, pero, un d\u00eda despu\u00e9s de su partido perder el control del Congreso declar\u00f3 que est\u00e1 \u00abansioso\u00bb por actuar administrativamente en inmigraci\u00f3n y que no esperar\u00e1 m\u00e1s a los republicanos, dando paso a un probable enfrentamiento pol\u00edtico con estos.<\/span><\/p>\n<p><span class=\"text1noticias\"> <\/span><\/p>\n<p><span class=\"text1noticias\">\u00abEstoy ansioso por ver lo que proponen, pero lo que no voy a hacer es esperar m\u00e1s\u00bb, dijo Obama, quien asegur\u00f3 que actuar\u00e1 antes del fin de este a\u00f1o calendario, es decir, antes que los republicanos tomen control del Senado. Ante tal posici\u00f3n presidencial, los republicanos declararon que si act\u00faa as\u00ed, es una declaraci\u00f3n de guerra para ellos.<\/span><\/p>\n<h6> 2014-11-06 18:38:20 <\/h6>\n<p><!--\n<link rel=\"stylesheet\" href=\"css\/bootstrap.min.css\">\n\n\n<ul class=\"pagination\">\n\t    \n\t\n\n<li >\n\t<a href='?page_no=14153'>Previous<\/a>\n\t<\/li>\n\n\n       \n    \n\n<li><a href='?page_no=1'>1<\/a><\/li>\n\n\n\n<li><a href='?page_no=2'>2<\/a><\/li>\n\n\n\n<li><a>...<\/a><\/li>\n\n\n\n<li><a href='?page_no=14152'>14152<\/a><\/li>\n\n\n\n<li><a href='?page_no=14153'>14153<\/a><\/li>\n\n\n\n<li class='active'><a>14154<\/a><\/li>\n\n\n\n<li><a href='?page_no=14155'>14155<\/a><\/li>\n\n\n\n<li><a href='?page_no=14156'>14156<\/a><\/li>\n\n\n\n<li><a>...<\/a><\/li>\n\n\n\n<li><a href='?page_no=36999'>36999<\/a><\/li>\n\n\n\n<li><a href='?page_no=37000'>37000<\/a><\/li>\n\n    \n\t\n\n<li >\n\t<a href='?page_no=14155'>Next<\/a>\n\t<\/li>\n\n\n    \n\n<li><a href='?page_no=37000'>Last &rsaquo;&rsaquo;<\/a><\/li>\n\n<\/ul>\n\n\n--><br \/>\n<\/body><\/p>\n","protected":false},"excerpt":{"rendered":"<p>Por Ram\u00f3n Mercedes Nueva York, EEUU, 6 de noviembre.- El triunfo de los republicanos en las C\u00e1maras del Senado y de Representantes, en las pasadas elecciones de medio tiempo, podr\u00eda cambiar la vida de millones de inmigrantes hispanos (legal e ilegal), entre ellos miles de dominicanos, residentes en los Estados Unidos, al decir sobre los [&hellip;]<\/p>\n","protected":false},"author":3,"featured_media":0,"comment_status":"open","ping_status":"open","sticky":false,"template":"","format":"standard","meta":{"footnotes":""},"categories":[22],"tags":[],"class_list":["post-161672","post","type-post","status-publish","format-standard","hentry","category-politica"],"_links":{"self":[{"href":"https:\/\/diariodominicano.com\/index.php?rest_route=\/wp\/v2\/posts\/161672","targetHints":{"allow":["GET"]}}],"collection":[{"href":"https:\/\/diariodominicano.com\/index.php?rest_route=\/wp\/v2\/posts"}],"about":[{"href":"https:\/\/diariodominicano.com\/index.php?rest_route=\/wp\/v2\/types\/post"}],"author":[{"embeddable":true,"href":"https:\/\/diariodominicano.com\/index.php?rest_route=\/wp\/v2\/users\/3"}],"replies":[{"embeddable":true,"href":"https:\/\/diariodominicano.com\/index.php?rest_route=%2Fwp%2Fv2%2Fcomments&post=161672"}],"version-history":[{"count":0,"href":"https:\/\/diariodominicano.com\/index.php?rest_route=\/wp\/v2\/posts\/161672\/revisions"}],"wp:attachment":[{"href":"https:\/\/diariodominicano.com\/index.php?rest_route=%2Fwp%2Fv2%2Fmedia&parent=161672"}],"wp:term":[{"taxonomy":"category","embeddable":true,"href":"https:\/\/diariodominicano.com\/index.php?rest_route=%2Fwp%2Fv2%2Fcategories&post=161672"},{"taxonomy":"post_tag","embeddable":true,"href":"https:\/\/diariodominicano.com\/index.php?rest_route=%2Fwp%2Fv2%2Ftags&post=161672"}],"curies":[{"name":"wp","href":"https:\/\/api.w.org\/{rel}","templated":true}]}}