{"id":161670,"date":"2014-11-06T19:34:53","date_gmt":"2014-11-06T19:34:53","guid":{"rendered":"http:\/\/diariodominicano.ddns.net\/?p=161670"},"modified":"2014-11-06T19:34:53","modified_gmt":"2014-11-06T19:34:53","slug":"quique-antun-advierte-sobre-pobreza-a-pesar-del-crecimiento-economico","status":"publish","type":"post","link":"https:\/\/diariodominicano.com\/?p=161670","title":{"rendered":"&#13;Quique Ant\u00fan advierte sobre pobreza a pesar del crecimiento econ\u00f3mico"},"content":{"rendered":"<p><body><\/p>\n<p><img decoding=\"async\" src=\"img3\/quique.jpg\" \/>  <\/p>\n<p><span class=\"text1noticias\">San Pedro de Macoris, RD, 6 de Noviembre.-El presidente del Partido Reformista Social Cristiano, Federico Ant\u00fan Batlle (Quique), se quej\u00f3 aqu\u00ed que pese al crecimiento sostenido de la econom\u00eda, millones de dominicanos viven en la pobreza.<\/span><\/p>\n<\/p>\n<p><span class=\"text1noticias\">Dijo que esta situaci\u00f3n obliga a un cambio del actual modelo econ\u00f3mico que garantice una mejor redistribuci\u00f3n de la riqueza, ya queno han sido suficientes los esfuerzos que realiza el presidente Danilo Medina a pesar de las limitaciones que encontr\u00f3 a su llegada al Gobierno.<\/span><\/p>\n<\/p>\n<p><span class=\"text1noticias\"> En ese sentido, dijo que se hacen necesario mayores esfuerzos que produzcan m\u00e1s beneficios para las grandes mayor\u00edas, al tiempo que explic\u00f3 que es por ello que el PRSC est\u00e1 haciendo los planteamientos y las propuestas para que la poblaci\u00f3n lo asuma como la \u00fanica plataforma de liberaci\u00f3n de los males que agobian a la poblaci\u00f3n.<\/span><\/p>\n<\/p>\n<p><span class=\"text1noticias\">Sostuvo que el crecimiento de la econom\u00eda de la Rep\u00fablica Dominicana, cuyas cifras dio a conocer recientemente el Banco Central, no se traduce en beneficio de la inmensa mayor\u00eda de los ciudadanos.<\/span><\/p>\n<\/p>\n<p><span class=\"text1noticias\">Quique Ant\u00fan tambi\u00e9n se refiri\u00f3 al endeudamiento externo, que dijo ronda los 33 mil millones de d\u00f3lares, y sin embargo explic\u00f3 que \u00abdesde la salida del PRSC del poder en 1996, no se ha resuelto un solo problema de lo que padece el pueblo dominicano\u00bb.<\/span><\/p>\n<\/p>\n<p><span class=\"text1noticias\">\u00abEse desbalance y esa concentraci\u00f3n de las riquezas del pa\u00eds  en un reducido grupo, es la causante de todos los problemas que padece hoy el pueblo dominicano\u00bb, asegur\u00f3.<\/span><\/p>\n<\/p>\n<p><span class=\"text1noticias\">El presidente del PRSC habl\u00f3 en el marco de un recorrido por la provincia San Pedro de Macor\u00eds, donde sostuvo una serie de encuentros y reuniones con la dirigencia reformista, empresarios, comerciantes, deportistas, religiosos, profesionales, representantes de la sociedad civil y otros. Estuvo acompa\u00f1ado de los dirigentes Jos\u00e9 Hazim Frappier, Rafaela Alburquerque, Sergio Cede\u00f1o, Miguel Bogaert, Rub\u00e9n Dar\u00edo Ramos, Vilma Hazim, Fernando Morales (\u00d1a\u00f1o), y C\u00e9sar Aquino, entre otros.<\/span><\/p>\n<\/p>\n<p><span class=\"text1noticias\">El l\u00edder reformista dijo que tristemente la Rep\u00fablica Dominicana est\u00e1 viviendo situaciones dif\u00edciles pese a ese crecimiento en la econom\u00eda, \u00abporque es que ese crecimiento solo se ve en un reducido grupo de personas, mientras la inmensa mayor\u00eda languidece sin empleos y oportunidades.<\/span><\/p>\n<\/p>\n<p><strong><span class=\"text1noticias\">Problemas San Pedro de Macor\u00eds<\/span><\/strong><\/p>\n<\/p>\n<p><span class=\"text1noticias\">Por otra parte, el presidente del Partido Reformista dijo que cerca del 50 por ciento de las viviendas de San Pedro de Macor\u00edsest\u00e1n construidas en terrenos propiedad del Consejo Estatal del Az\u00facar (CEA), lo que  genera un gran problema de falta de t\u00edtulos de propiedad.<\/span><\/p>\n<\/p>\n<p><span class=\"text1noticias\">Quique Ant\u00fan manifest\u00f3 que esta situaci\u00f3n en que viven miles de familias agudiza la pobreza, ya que la falta de t\u00edtulos provoca que los due\u00f1os de mejoras no puedan ser sujetos  de cr\u00e9dito. <\/span><\/p>\n<\/p>\n<p><span class=\"text1noticias\">Demand\u00f3  que el CEA agilice los procesos de titulaci\u00f3n de tierra para que los due\u00f1os de  mejora puedan adquirir sus t\u00edtulos definitivos a bajo precio y en cuotas acorde con sus ingresos. <\/span><\/p>\n<p><span class=\"text1noticias\"> <\/span><\/p>\n<p><span class=\"text1noticias\">El l\u00edder de los reformistas aprovech\u00f3 para denunciar el grave problema que representa para los habitantes de esta ciudad el alto nivel de contaminaci\u00f3n del r\u00edo Higuamo y del subsuelo de la ciudad por la falta de un adecuado alcantarillado sanitario.  <\/span><\/p>\n<\/p>\n<p><span class=\"text1noticias\">\u00abLa mayor\u00eda de las casas han tenido que  construir pozos filtrantes, lo que contribuye a la contaminaci\u00f3n de las aguas subterr\u00e1neas\u00bb, dijo.<\/span><\/p>\n<\/p>\n<p><span class=\"text1noticias\">Tambi\u00e9n se refiri\u00f3 a los problemas del desempleo, la delincuencia y los apagones que afectan a esta ciudad, \u00aby este \u00faltimo, a pesar de San Pedro de Macor\u00eds tener el principal parque energ\u00e9tico del pa\u00eds, y sin embargo es una de las ciudades que sufre mayor cantidad de apagones\u00bb.(HG)<\/span>. <\/p>\n<h6> 2014-11-06 19:34:53 <\/h6>\n<p><!--\n<link rel=\"stylesheet\" href=\"css\/bootstrap.min.css\">\n\n\n<ul class=\"pagination\">\n\t    \n\t\n\n<li >\n\t<a href='?page_no=14151'>Previous<\/a>\n\t<\/li>\n\n\n       \n    \n\n<li><a href='?page_no=1'>1<\/a><\/li>\n\n\n\n<li><a href='?page_no=2'>2<\/a><\/li>\n\n\n\n<li><a>...<\/a><\/li>\n\n\n\n<li><a href='?page_no=14150'>14150<\/a><\/li>\n\n\n\n<li><a href='?page_no=14151'>14151<\/a><\/li>\n\n\n\n<li class='active'><a>14152<\/a><\/li>\n\n\n\n<li><a href='?page_no=14153'>14153<\/a><\/li>\n\n\n\n<li><a href='?page_no=14154'>14154<\/a><\/li>\n\n\n\n<li><a>...<\/a><\/li>\n\n\n\n<li><a href='?page_no=36999'>36999<\/a><\/li>\n\n\n\n<li><a href='?page_no=37000'>37000<\/a><\/li>\n\n    \n\t\n\n<li >\n\t<a href='?page_no=14153'>Next<\/a>\n\t<\/li>\n\n\n    \n\n<li><a href='?page_no=37000'>Last &rsaquo;&rsaquo;<\/a><\/li>\n\n<\/ul>\n\n\n--><br \/>\n<\/body><\/p>\n","protected":false},"excerpt":{"rendered":"<p>San Pedro de Macoris, RD, 6 de Noviembre.-El presidente del Partido Reformista Social Cristiano, Federico Ant\u00fan Batlle (Quique), se quej\u00f3 aqu\u00ed que pese al crecimiento sostenido de la econom\u00eda, millones de dominicanos viven en la pobreza. Dijo que esta situaci\u00f3n obliga a un cambio del actual modelo econ\u00f3mico que garantice una mejor redistribuci\u00f3n de la [&hellip;]<\/p>\n","protected":false},"author":3,"featured_media":0,"comment_status":"open","ping_status":"open","sticky":false,"template":"","format":"standard","meta":{"footnotes":""},"categories":[22],"tags":[],"class_list":["post-161670","post","type-post","status-publish","format-standard","hentry","category-politica"],"_links":{"self":[{"href":"https:\/\/diariodominicano.com\/index.php?rest_route=\/wp\/v2\/posts\/161670","targetHints":{"allow":["GET"]}}],"collection":[{"href":"https:\/\/diariodominicano.com\/index.php?rest_route=\/wp\/v2\/posts"}],"about":[{"href":"https:\/\/diariodominicano.com\/index.php?rest_route=\/wp\/v2\/types\/post"}],"author":[{"embeddable":true,"href":"https:\/\/diariodominicano.com\/index.php?rest_route=\/wp\/v2\/users\/3"}],"replies":[{"embeddable":true,"href":"https:\/\/diariodominicano.com\/index.php?rest_route=%2Fwp%2Fv2%2Fcomments&post=161670"}],"version-history":[{"count":0,"href":"https:\/\/diariodominicano.com\/index.php?rest_route=\/wp\/v2\/posts\/161670\/revisions"}],"wp:attachment":[{"href":"https:\/\/diariodominicano.com\/index.php?rest_route=%2Fwp%2Fv2%2Fmedia&parent=161670"}],"wp:term":[{"taxonomy":"category","embeddable":true,"href":"https:\/\/diariodominicano.com\/index.php?rest_route=%2Fwp%2Fv2%2Fcategories&post=161670"},{"taxonomy":"post_tag","embeddable":true,"href":"https:\/\/diariodominicano.com\/index.php?rest_route=%2Fwp%2Fv2%2Ftags&post=161670"}],"curies":[{"name":"wp","href":"https:\/\/api.w.org\/{rel}","templated":true}]}}