{"id":161665,"date":"2014-11-07T16:24:00","date_gmt":"2014-11-07T16:24:00","guid":{"rendered":"http:\/\/diariodominicano.ddns.net\/?p=161665"},"modified":"2014-11-07T16:24:00","modified_gmt":"2014-11-07T16:24:00","slug":"fallece-regidor-perredeista-juan-francisco-rojas","status":"publish","type":"post","link":"https:\/\/diariodominicano.com\/?p=161665","title":{"rendered":"Fallece regidor perrede\u00edsta Juan Francisco Rojas"},"content":{"rendered":"<p><body><\/p>\n<p><img decoding=\"async\" src=\"img3\/muere 7.jpg\" \/>  <\/p>\n<p>Santo Domingo RD 7 noviembre.- El Concejal y vocero del Partido Revolucionario Dominicano (PRD), en el Ayuntamiento Santo Domingo Este, Juan Francisco Rojas, falleci\u00f3 esta noche de un paro card\u00edaco en el hospital de Los R\u00edos<\/p>\n<\/p>\n<p>Rojas, un destacado dirigente pol\u00edtico de esta demarcaci\u00f3n habia sido ingresado al centro hospitalario para ser sometido a una intervenci\u00f3n quir\u00fargica, la cual no pudo realizarse porque muri\u00f3.<\/p>\n<\/p>\n<p>La lamentable noticia fue dada a conocer por el diputado Jorge Fr\u00edas, quien durante muchos a\u00f1os ha sido un gran amigo del hoy occiso.<\/p>\n<\/p>\n<p>Explic\u00f3 que el veterano Edil Perrede\u00edstas venia padeciendo de una enfermedad, en la que durante los \u00faltimos d\u00edas su condici\u00f3n de salud se agrav\u00f3.<\/p>\n<\/p>\n<p>El pasado a\u00f1o, Rojas padeci\u00f3 un preinfarto.<\/p>\n<\/p>\n<p>Rojas era dirigente del Partido Revolucionario Dominicano, por el que fue electo regidor en el a\u00f1o 2006 y reelecto en el 2010.<\/p>\n<\/p>\n<p>Hasta el momento se desconoce donde ser\u00e1n velados los restos del Regidor.<\/p>\n<\/p>\n<h6> 2014-11-07 16:24:00 <\/h6>\n<p><!--\n<link rel=\"stylesheet\" href=\"css\/bootstrap.min.css\">\n\n\n<ul class=\"pagination\">\n\t    \n\t\n\n<li >\n\t<a href='?page_no=14147'>Previous<\/a>\n\t<\/li>\n\n\n       \n    \n\n<li><a href='?page_no=1'>1<\/a><\/li>\n\n\n\n<li><a href='?page_no=2'>2<\/a><\/li>\n\n\n\n<li><a>...<\/a><\/li>\n\n\n\n<li><a href='?page_no=14146'>14146<\/a><\/li>\n\n\n\n<li><a href='?page_no=14147'>14147<\/a><\/li>\n\n\n\n<li class='active'><a>14148<\/a><\/li>\n\n\n\n<li><a href='?page_no=14149'>14149<\/a><\/li>\n\n\n\n<li><a href='?page_no=14150'>14150<\/a><\/li>\n\n\n\n<li><a>...<\/a><\/li>\n\n\n\n<li><a href='?page_no=36999'>36999<\/a><\/li>\n\n\n\n<li><a href='?page_no=37000'>37000<\/a><\/li>\n\n    \n\t\n\n<li >\n\t<a href='?page_no=14149'>Next<\/a>\n\t<\/li>\n\n\n    \n\n<li><a href='?page_no=37000'>Last &rsaquo;&rsaquo;<\/a><\/li>\n\n<\/ul>\n\n\n--><br \/>\n<\/body><\/p>\n","protected":false},"excerpt":{"rendered":"<p>Santo Domingo RD 7 noviembre.- El Concejal y vocero del Partido Revolucionario Dominicano (PRD), en el Ayuntamiento Santo Domingo Este, Juan Francisco Rojas, falleci\u00f3 esta noche de un paro card\u00edaco en el hospital de Los R\u00edos Rojas, un destacado dirigente pol\u00edtico de esta demarcaci\u00f3n habia sido ingresado al centro hospitalario para ser sometido a una [&hellip;]<\/p>\n","protected":false},"author":3,"featured_media":0,"comment_status":"open","ping_status":"open","sticky":false,"template":"","format":"standard","meta":{"footnotes":""},"categories":[22],"tags":[],"class_list":["post-161665","post","type-post","status-publish","format-standard","hentry","category-politica"],"_links":{"self":[{"href":"https:\/\/diariodominicano.com\/index.php?rest_route=\/wp\/v2\/posts\/161665","targetHints":{"allow":["GET"]}}],"collection":[{"href":"https:\/\/diariodominicano.com\/index.php?rest_route=\/wp\/v2\/posts"}],"about":[{"href":"https:\/\/diariodominicano.com\/index.php?rest_route=\/wp\/v2\/types\/post"}],"author":[{"embeddable":true,"href":"https:\/\/diariodominicano.com\/index.php?rest_route=\/wp\/v2\/users\/3"}],"replies":[{"embeddable":true,"href":"https:\/\/diariodominicano.com\/index.php?rest_route=%2Fwp%2Fv2%2Fcomments&post=161665"}],"version-history":[{"count":0,"href":"https:\/\/diariodominicano.com\/index.php?rest_route=\/wp\/v2\/posts\/161665\/revisions"}],"wp:attachment":[{"href":"https:\/\/diariodominicano.com\/index.php?rest_route=%2Fwp%2Fv2%2Fmedia&parent=161665"}],"wp:term":[{"taxonomy":"category","embeddable":true,"href":"https:\/\/diariodominicano.com\/index.php?rest_route=%2Fwp%2Fv2%2Fcategories&post=161665"},{"taxonomy":"post_tag","embeddable":true,"href":"https:\/\/diariodominicano.com\/index.php?rest_route=%2Fwp%2Fv2%2Ftags&post=161665"}],"curies":[{"name":"wp","href":"https:\/\/api.w.org\/{rel}","templated":true}]}}