{"id":161663,"date":"2014-11-07T16:41:58","date_gmt":"2014-11-07T16:41:58","guid":{"rendered":"http:\/\/diariodominicano.ddns.net\/?p=161663"},"modified":"2014-11-07T16:41:58","modified_gmt":"2014-11-07T16:41:58","slug":"ruben-bichara-dice-controversia-entre-dominguez-brito-y-felix-bautista-afecta-al-pld","status":"publish","type":"post","link":"https:\/\/diariodominicano.com\/?p=161663","title":{"rendered":"Rub\u00e9n Bichara dice controversia entre Dom\u00ednguez Brito y F\u00e9lix Bautista afecta al PLD"},"content":{"rendered":"<p><body><\/p>\n<p><img decoding=\"async\" src=\"img3\/ruben 7.jpg\" \/>  <\/p>\n<p>Santo Domingo RD 7 noviembre.- Rub\u00e9n Bichara, miembro del Comit\u00e9 Pol\u00edtico del Partido de la Liberaci\u00f3n Dominicana (PLD), es de opini\u00f3n que la direcci\u00f3n partidaria debe intervenir en la controversia que mantienen el procurador general Francisco Dom\u00ednguez Brito y el senador F\u00e9lix Bautista.<\/p>\n<p>Bichara entiende que pese a tener un matiz legal, el Comit\u00e9 Pol\u00edtico no puede abstraerse de esta situaci\u00f3n, y que debe hacer una evaluaci\u00f3n interna sobre este caso y fijar una posici\u00f3n.<\/p>\n<p>\u00abPienso que es una responsabilidad como Partido ante miembros de la organizaci\u00f3n que tienen posiciones tan importantes como la de Secretario de Organizaci\u00f3n y Senador de la Rep\u00fablica y  Procurador General de la Rep\u00fablica\u00bb, opin\u00f3 Bichara al ser entrevistado en el programa Hoy Mismo.<\/p>\n<p>Consider\u00f3 que lo prudente y lo justo es que el PLD trate el caso de esos dos importantes miembros, de manera que se pueda llegar a un entendimiento, ya que este tipo de debates afecta la imagen del Partido.<\/p>\n<p>\u00abPor razones que no se pudieron obviar, no se ha podido reuni\u00f3n el Comit\u00e9, pero tendremos que reunirnos, mas temprano, que tarde y tratar este y otros temas importantes\u00bb, expres\u00f3 Bichara.<\/p>\n<h6> 2014-11-07 16:41:58 <\/h6>\n<p><!--\n<link rel=\"stylesheet\" href=\"css\/bootstrap.min.css\">\n\n\n<ul class=\"pagination\">\n\t    \n\t\n\n<li >\n\t<a href='?page_no=14145'>Previous<\/a>\n\t<\/li>\n\n\n       \n    \n\n<li><a href='?page_no=1'>1<\/a><\/li>\n\n\n\n<li><a href='?page_no=2'>2<\/a><\/li>\n\n\n\n<li><a>...<\/a><\/li>\n\n\n\n<li><a href='?page_no=14144'>14144<\/a><\/li>\n\n\n\n<li><a href='?page_no=14145'>14145<\/a><\/li>\n\n\n\n<li class='active'><a>14146<\/a><\/li>\n\n\n\n<li><a href='?page_no=14147'>14147<\/a><\/li>\n\n\n\n<li><a href='?page_no=14148'>14148<\/a><\/li>\n\n\n\n<li><a>...<\/a><\/li>\n\n\n\n<li><a href='?page_no=36999'>36999<\/a><\/li>\n\n\n\n<li><a href='?page_no=37000'>37000<\/a><\/li>\n\n    \n\t\n\n<li >\n\t<a href='?page_no=14147'>Next<\/a>\n\t<\/li>\n\n\n    \n\n<li><a href='?page_no=37000'>Last &rsaquo;&rsaquo;<\/a><\/li>\n\n<\/ul>\n\n\n--><br \/>\n<\/body><\/p>\n","protected":false},"excerpt":{"rendered":"<p>Santo Domingo RD 7 noviembre.- Rub\u00e9n Bichara, miembro del Comit\u00e9 Pol\u00edtico del Partido de la Liberaci\u00f3n Dominicana (PLD), es de opini\u00f3n que la direcci\u00f3n partidaria debe intervenir en la controversia que mantienen el procurador general Francisco Dom\u00ednguez Brito y el senador F\u00e9lix Bautista. Bichara entiende que pese a tener un matiz legal, el Comit\u00e9 Pol\u00edtico [&hellip;]<\/p>\n","protected":false},"author":3,"featured_media":0,"comment_status":"open","ping_status":"open","sticky":false,"template":"","format":"standard","meta":{"footnotes":""},"categories":[22],"tags":[],"class_list":["post-161663","post","type-post","status-publish","format-standard","hentry","category-politica"],"_links":{"self":[{"href":"https:\/\/diariodominicano.com\/index.php?rest_route=\/wp\/v2\/posts\/161663","targetHints":{"allow":["GET"]}}],"collection":[{"href":"https:\/\/diariodominicano.com\/index.php?rest_route=\/wp\/v2\/posts"}],"about":[{"href":"https:\/\/diariodominicano.com\/index.php?rest_route=\/wp\/v2\/types\/post"}],"author":[{"embeddable":true,"href":"https:\/\/diariodominicano.com\/index.php?rest_route=\/wp\/v2\/users\/3"}],"replies":[{"embeddable":true,"href":"https:\/\/diariodominicano.com\/index.php?rest_route=%2Fwp%2Fv2%2Fcomments&post=161663"}],"version-history":[{"count":0,"href":"https:\/\/diariodominicano.com\/index.php?rest_route=\/wp\/v2\/posts\/161663\/revisions"}],"wp:attachment":[{"href":"https:\/\/diariodominicano.com\/index.php?rest_route=%2Fwp%2Fv2%2Fmedia&parent=161663"}],"wp:term":[{"taxonomy":"category","embeddable":true,"href":"https:\/\/diariodominicano.com\/index.php?rest_route=%2Fwp%2Fv2%2Fcategories&post=161663"},{"taxonomy":"post_tag","embeddable":true,"href":"https:\/\/diariodominicano.com\/index.php?rest_route=%2Fwp%2Fv2%2Ftags&post=161663"}],"curies":[{"name":"wp","href":"https:\/\/api.w.org\/{rel}","templated":true}]}}