{"id":161661,"date":"2014-11-07T18:20:42","date_gmt":"2014-11-07T18:20:42","guid":{"rendered":"http:\/\/diariodominicano.ddns.net\/?p=161661"},"modified":"2014-11-07T18:20:42","modified_gmt":"2014-11-07T18:20:42","slug":"presidente-de-moda-dice-hay-exodo-de-perredeistas-y-perremeistas-pasando-a-esa-organizacion","status":"publish","type":"post","link":"https:\/\/diariodominicano.com\/?p=161661","title":{"rendered":"Presidente de MODA, dice hay \u00e9xodo de perrede\u00edstas y perreme\u00edstas pasando a esa organizaci\u00f3n"},"content":{"rendered":"<p><body><\/p>\n<p><img decoding=\"async\" src=\"img3\/moda 7.JPG\" \/>  <\/p>\n<p>Santo Domingo RD 7 noviembre.- El presidente del Movimiento Democr\u00e1tico Alternativo (MODA), Emilio Rivas, dijo que existe un \u00e9xodo masivo de dirigentes del PRD y del PRM, que pasan a formar parte de esa organizaci\u00f3n disgustados por el mal manejo de los problemas y por la p\u00e9rdida de confianza a sus seguidores.   <\/p>\n<\/p>\n<p>Dijo que entraron al MODA dirigentes de la talla de Lois Carvajal, ex alcalde del municipio Santo Domingo Norte; Alejandro Abreu, quien dej\u00f3 a Miguel Vargas y al PRD recientemente; Elpidio Abreu y el diputado Cristian Paredes y decenas de dirigentes zonales y provinciales del Partido Revolucionario Dominicano y Partido Revolucionario Moderno. <\/p>\n<\/p>\n<p>Rivas se\u00f1al\u00f3 que esa organizaci\u00f3n obtuvo m\u00e1s de 90 mil votos en las elecciones del 2012, raz\u00f3n por la cual ocupa el cuarto lugar en importancia despu\u00e9s del Partido Reformista Social Cristiano- PRSC-.<\/p>\n<\/p>\n<p>Al ser entrevistado en el programa  \u00abReporte con Gilbert Guzm\u00e1n\u00bb, el dirigente pol\u00edtico expres\u00f3 que se mantiene recorriendo todo el territorio nacional para continuar fortaleciendo esa organizaci\u00f3n pol\u00edtica y participar con m\u00e1s fuerza en el 2016. <\/p>\n<\/p>\n<p>\u00abLo que buscamos es ofrecerle un espacio a los j\u00f3venes dominicanos que quieren incursionar en pol\u00edtica, pero en pol\u00edtica decente que haga aportes al desarrollo con equidad y justicia social para todos\u00bb, explic\u00f3.<\/p>\n<\/p>\n<h6> 2014-11-07 18:20:42 <\/h6>\n<p><!--\n<link rel=\"stylesheet\" href=\"css\/bootstrap.min.css\">\n\n\n<ul class=\"pagination\">\n\t    \n\t\n\n<li >\n\t<a href='?page_no=14143'>Previous<\/a>\n\t<\/li>\n\n\n       \n    \n\n<li><a href='?page_no=1'>1<\/a><\/li>\n\n\n\n<li><a href='?page_no=2'>2<\/a><\/li>\n\n\n\n<li><a>...<\/a><\/li>\n\n\n\n<li><a href='?page_no=14142'>14142<\/a><\/li>\n\n\n\n<li><a href='?page_no=14143'>14143<\/a><\/li>\n\n\n\n<li class='active'><a>14144<\/a><\/li>\n\n\n\n<li><a href='?page_no=14145'>14145<\/a><\/li>\n\n\n\n<li><a href='?page_no=14146'>14146<\/a><\/li>\n\n\n\n<li><a>...<\/a><\/li>\n\n\n\n<li><a href='?page_no=36999'>36999<\/a><\/li>\n\n\n\n<li><a href='?page_no=37000'>37000<\/a><\/li>\n\n    \n\t\n\n<li >\n\t<a href='?page_no=14145'>Next<\/a>\n\t<\/li>\n\n\n    \n\n<li><a href='?page_no=37000'>Last &rsaquo;&rsaquo;<\/a><\/li>\n\n<\/ul>\n\n\n--><br \/>\n<\/body><\/p>\n","protected":false},"excerpt":{"rendered":"<p>Santo Domingo RD 7 noviembre.- El presidente del Movimiento Democr\u00e1tico Alternativo (MODA), Emilio Rivas, dijo que existe un \u00e9xodo masivo de dirigentes del PRD y del PRM, que pasan a formar parte de esa organizaci\u00f3n disgustados por el mal manejo de los problemas y por la p\u00e9rdida de confianza a sus seguidores. Dijo que entraron [&hellip;]<\/p>\n","protected":false},"author":3,"featured_media":0,"comment_status":"open","ping_status":"open","sticky":false,"template":"","format":"standard","meta":{"footnotes":""},"categories":[22],"tags":[],"class_list":["post-161661","post","type-post","status-publish","format-standard","hentry","category-politica"],"_links":{"self":[{"href":"https:\/\/diariodominicano.com\/index.php?rest_route=\/wp\/v2\/posts\/161661","targetHints":{"allow":["GET"]}}],"collection":[{"href":"https:\/\/diariodominicano.com\/index.php?rest_route=\/wp\/v2\/posts"}],"about":[{"href":"https:\/\/diariodominicano.com\/index.php?rest_route=\/wp\/v2\/types\/post"}],"author":[{"embeddable":true,"href":"https:\/\/diariodominicano.com\/index.php?rest_route=\/wp\/v2\/users\/3"}],"replies":[{"embeddable":true,"href":"https:\/\/diariodominicano.com\/index.php?rest_route=%2Fwp%2Fv2%2Fcomments&post=161661"}],"version-history":[{"count":0,"href":"https:\/\/diariodominicano.com\/index.php?rest_route=\/wp\/v2\/posts\/161661\/revisions"}],"wp:attachment":[{"href":"https:\/\/diariodominicano.com\/index.php?rest_route=%2Fwp%2Fv2%2Fmedia&parent=161661"}],"wp:term":[{"taxonomy":"category","embeddable":true,"href":"https:\/\/diariodominicano.com\/index.php?rest_route=%2Fwp%2Fv2%2Fcategories&post=161661"},{"taxonomy":"post_tag","embeddable":true,"href":"https:\/\/diariodominicano.com\/index.php?rest_route=%2Fwp%2Fv2%2Ftags&post=161661"}],"curies":[{"name":"wp","href":"https:\/\/api.w.org\/{rel}","templated":true}]}}