{"id":161654,"date":"2014-11-09T13:33:58","date_gmt":"2014-11-09T13:33:58","guid":{"rendered":"http:\/\/diariodominicano.ddns.net\/?p=161654"},"modified":"2014-11-09T13:33:58","modified_gmt":"2014-11-09T13:33:58","slug":"francisco-javier-dice-ventura-camejo-no-es-mensajero-de-danilo-medina","status":"publish","type":"post","link":"https:\/\/diariodominicano.com\/?p=161654","title":{"rendered":"&#13;Francisco Javier dice Ventura Camejo no es mensajero de Danilo Medina"},"content":{"rendered":"<p><body><\/p>\n<p><img decoding=\"async\" src=\"img3\/fran 2.jpg\" \/><br \/><img decoding=\"async\" src=\"img3\/fran 1.jpg\" \/><br \/><img decoding=\"async\" src=\"img3\/fran k 9.jpg\" \/>  <\/p>\n<p>Santo Domingo RD 9 noviembre.- El precandidato presidencial del Partido de la Liberaci\u00f3n Dominicana Francisco Javier Garc\u00eda dijo que est\u00e1 de acuerdo con que el Comit\u00e9 Pol\u00edtico de esa organizaci\u00f3n discuta el tema de la reelecci\u00f3n presidencial si el presidente Danilo Medina lo plantea.<\/p>\n<\/p>\n<p>No obstante, Javier Garc\u00eda rechaz\u00f3 que el alto organismo pelede\u00edsta se aboque a discutir ese punto porque lo est\u00e9 proponiendo Ram\u00f3n Ventura Camejo.<\/p>\n<\/p>\n<p>El tambi\u00e9n ministro de Turismo aclar\u00f3 que Ventura Camejo no es mensajero del presidente Medina S\u00e1nchez y por tanto no puede estar haciendo planteamiento por el primer mandatario.<\/p>\n<\/p>\n<p>Entrevistado por H\u00e9ctor Herrera Cabral en el programa D\u00b4AGENDA que cada domingo se difunde por Telesistema, canal 11, Francisco Javier dijo que el beneficiario de la reelecci\u00f3n ser\u00eda el actual mandatario y por lo tanto \u00e9l es que tiene que pedirlo.<\/p>\n<\/p>\n<p>Dijo que Camejo est\u00e1 actuando como un trapecista y le record\u00f3 a su compa\u00f1ero de partido que todo el que no sabe trapecismo y se pone a practicarlo se puede golpear la cabeza.<\/p>\n<\/p>\n<p>\u00abYo  solo estar\u00eda de acuerdo que se toque el tema de la reelecci\u00f3n si el beneficiario de la reelecci\u00f3n pide que se discuta, si el compa\u00f1ero Danilo, en este caso presidente de la Rep\u00fablica, quiere que se discuta el tema yo estoy de acuerdo que se discuta, pero yo creo que Danilo no tiene mensajero, a menos que Camejo diga que \u00e9l es el mensajero del Presidente, cosa que yo dudo\u00bb, apunt\u00f3.<\/p>\n<\/p>\n<p>Francisco Javier aclar\u00f3 que el primer mandatario en ese y otros temas es un hombre que act\u00faa con mucha responsabilidad.<\/p>\n<\/p>\n<p>El alto record\u00f3 que cuando el presidente Leonel Fern\u00e1ndez opt\u00f3 por buscar la reelecci\u00f3n presidencial en el 2008 no llev\u00f3 ese tema para que el Comit\u00e9 Pol\u00edtico lo discutiera.<\/p>\n<\/p>\n<p>Empero, Garc\u00eda Fern\u00e1ndez favoreci\u00f3 que ese \u00f3rgano se re\u00fana para discutir otros temas, entre ellos el sometimiento a la justicia que ha hecho el procurador general de la Rep\u00fablica al secretario de organizaci\u00f3n del partido, el senador por San Juan F\u00e9lix Bautista.<\/p>\n<\/p>\n<p>Explic\u00f3 que hay temas de la agenda nacional que el Comit\u00e9 Pol\u00edtico debe analizar, e inclusive hay veces que el primer mandatario pide opiniones sobre algunos temas inherentes a su gobierno, aunque dicho organismo nunca interviene en la agenda del presidente.<\/p>\n<\/p>\n<p><strong>Dice Turismo crecer\u00e1 este a\u00f1o 12%, calle Del Conde ser\u00e1 intervenida<\/strong><\/p>\n<\/p>\n<p>El ministro de Turismo Francisco Javier Garc\u00eda dijo que la industria tur\u00edstica de Rep\u00fablica Dominicana est\u00e1 viviendo su mejor momento en los \u00faltimos 40 a\u00f1os.<\/p>\n<\/p>\n<p>El funcionario puso como ejemplo que para el presente a\u00f1o ese sector crecer\u00e1 por encima de un 12 por ciento, cuando el crecimiento para toda la regi\u00f3n del caribe ser\u00e1 apenas de un dos por ciento.<\/p>\n<\/p>\n<p>Javier Garc\u00eda puso como ejemplo que el reci\u00e9n pasado mes de agosto el turismo tuvo un incremento superior al 14 por ciento.<\/p>\n<p>Sostuvo que el comportamiento de la llamada industria sin chimenea es tan din\u00e1mico, que el pasado a\u00f1o entr\u00f3 a la econom\u00eda cinco mil 400 millones de d\u00f3lares, y para este a\u00f1o se prev\u00e9 que los ingresos por dicho concepto superar\u00e1n los seis mil millones.<\/p>\n<\/p>\n<p>Dijo que para que se tenga una idea de lo bien que est\u00e1 el turismo dominicano, el funcionario puso como ejemplo que en el a\u00f1o que transcurre en el pa\u00eds no ha habido temporada baja en t\u00e9rminos de ocupaciones hoteleras.<\/p>\n<\/p>\n<p>Francisco Javier destac\u00f3 los trabajos que realiza la cartera en Puerto Plata y la zona colonial de esta capital, y en tal sentido dijo que la emblem\u00e1tica calle Del Conde ser\u00e1 intervenida por esa instituci\u00f3n.<\/p>\n<\/p>\n<p>Adelant\u00f3 que lo mismo se har\u00e1 con la Ruina de San Francisco, un lugar que se ha convertido en centro de esparcimiento para turistas y moradores en la ciudad capital.<\/p>\n<\/p>\n<p>Anunci\u00f3 que en la ciudad intramuros hay solicitud para la instalaci\u00f3n de diez hoteles diferentes, lo que colocar\u00e1 la zona colonial como una de las m\u00e1s movidas en t\u00e9rminos tur\u00edsticos en la regi\u00f3n caribe\u00f1a.<\/p>\n<\/p>\n<\/p>\n<\/p>\n<h6> 2014-11-09 13:33:58 <\/h6>\n<p><!--\n<link rel=\"stylesheet\" href=\"css\/bootstrap.min.css\">\n\n\n<ul class=\"pagination\">\n\t    \n\t\n\n<li >\n\t<a href='?page_no=14137'>Previous<\/a>\n\t<\/li>\n\n\n       \n    \n\n<li><a href='?page_no=1'>1<\/a><\/li>\n\n\n\n<li><a href='?page_no=2'>2<\/a><\/li>\n\n\n\n<li><a>...<\/a><\/li>\n\n\n\n<li><a href='?page_no=14136'>14136<\/a><\/li>\n\n\n\n<li><a href='?page_no=14137'>14137<\/a><\/li>\n\n\n\n<li class='active'><a>14138<\/a><\/li>\n\n\n\n<li><a href='?page_no=14139'>14139<\/a><\/li>\n\n\n\n<li><a href='?page_no=14140'>14140<\/a><\/li>\n\n\n\n<li><a>...<\/a><\/li>\n\n\n\n<li><a href='?page_no=36999'>36999<\/a><\/li>\n\n\n\n<li><a href='?page_no=37000'>37000<\/a><\/li>\n\n    \n\t\n\n<li >\n\t<a href='?page_no=14139'>Next<\/a>\n\t<\/li>\n\n\n    \n\n<li><a href='?page_no=37000'>Last &rsaquo;&rsaquo;<\/a><\/li>\n\n<\/ul>\n\n\n--><br \/>\n<\/body><\/p>\n","protected":false},"excerpt":{"rendered":"<p>Santo Domingo RD 9 noviembre.- El precandidato presidencial del Partido de la Liberaci\u00f3n Dominicana Francisco Javier Garc\u00eda dijo que est\u00e1 de acuerdo con que el Comit\u00e9 Pol\u00edtico de esa organizaci\u00f3n discuta el tema de la reelecci\u00f3n presidencial si el presidente Danilo Medina lo plantea. No obstante, Javier Garc\u00eda rechaz\u00f3 que el alto organismo pelede\u00edsta se [&hellip;]<\/p>\n","protected":false},"author":3,"featured_media":0,"comment_status":"open","ping_status":"open","sticky":false,"template":"","format":"standard","meta":{"footnotes":""},"categories":[22],"tags":[],"class_list":["post-161654","post","type-post","status-publish","format-standard","hentry","category-politica"],"_links":{"self":[{"href":"https:\/\/diariodominicano.com\/index.php?rest_route=\/wp\/v2\/posts\/161654","targetHints":{"allow":["GET"]}}],"collection":[{"href":"https:\/\/diariodominicano.com\/index.php?rest_route=\/wp\/v2\/posts"}],"about":[{"href":"https:\/\/diariodominicano.com\/index.php?rest_route=\/wp\/v2\/types\/post"}],"author":[{"embeddable":true,"href":"https:\/\/diariodominicano.com\/index.php?rest_route=\/wp\/v2\/users\/3"}],"replies":[{"embeddable":true,"href":"https:\/\/diariodominicano.com\/index.php?rest_route=%2Fwp%2Fv2%2Fcomments&post=161654"}],"version-history":[{"count":0,"href":"https:\/\/diariodominicano.com\/index.php?rest_route=\/wp\/v2\/posts\/161654\/revisions"}],"wp:attachment":[{"href":"https:\/\/diariodominicano.com\/index.php?rest_route=%2Fwp%2Fv2%2Fmedia&parent=161654"}],"wp:term":[{"taxonomy":"category","embeddable":true,"href":"https:\/\/diariodominicano.com\/index.php?rest_route=%2Fwp%2Fv2%2Fcategories&post=161654"},{"taxonomy":"post_tag","embeddable":true,"href":"https:\/\/diariodominicano.com\/index.php?rest_route=%2Fwp%2Fv2%2Ftags&post=161654"}],"curies":[{"name":"wp","href":"https:\/\/api.w.org\/{rel}","templated":true}]}}