{"id":161651,"date":"2014-11-09T16:54:27","date_gmt":"2014-11-09T16:54:27","guid":{"rendered":"http:\/\/diariodominicano.ddns.net\/?p=161651"},"modified":"2014-11-09T16:54:27","modified_gmt":"2014-11-09T16:54:27","slug":"radhames-segura-aboga-por-un-mantenimiento-de-la-paz-politica","status":"publish","type":"post","link":"https:\/\/diariodominicano.com\/?p=161651","title":{"rendered":"Radham\u00e9s Segura aboga por un mantenimiento de la paz pol\u00edtica"},"content":{"rendered":"<p><body><\/p>\n<p><img decoding=\"async\" src=\"img3\/rada 9.jpg\" \/>  <\/p>\n<p>Santo Dom ingo RD 9 noviembre.- El aspirante a la presidencia por el Partido de la Liberaci\u00f3n Dominicana, Radham\u00e9s Segura abog\u00f3 por un mantenimiento de la paz pol\u00edtica practicando la tolerancia y el respeto al derecho a la participaci\u00f3n de todos en el escenario pol\u00edtico nacional.<\/p>\n<\/p>\n<p>Rechaz\u00f3 que se utilice la descalificaci\u00f3n a uno u otro aspirante si no que por el contrario se le respete el derecho a su participaci\u00f3n y que las diferencias sean dirimidas en el marco de la democracia participativa.<\/p>\n<\/p>\n<p>Rachamos Segura durante un recorrido por Salcedo exhort\u00f3 a los pol\u00edticos manejar con cautela y comedimiento las emociones durante esta precampa\u00f1a en que est\u00e1n inmersos los partidos, para que el pa\u00eds no reciba malos ejemplos de sus actores pol\u00edticos.<\/p>\n<\/p>\n<p>Precis\u00f3 que al PLD no le conviene ni se ve bien que se produzcan enfrentamientos verbales o fiscos entre si ni con particulares, ya que eso dita mucho de la madurez con que debe actuarse en la presente circunstancia.<\/p>\n<\/p>\n<p>Afirm\u00f3 que en el partido morado no puede haber resentimientos ni rencillas y que debe primar la unidad de todos para mantenerse en el poder, pero con un proyecto de naci\u00f3n que garantice justicia social para todos los dominicanos.<\/p>\n<\/p>\n<p>Indic\u00f3 que la base del PLD debe mantenerse unida a pesar de algunos asomos de controversia de algunos de sus dirigentes de arriba.<\/p>\n<\/p>\n<p>Afirm\u00f3 que su proyecto no es contra Leonel ni Danilo y otros dirigentes de su partido, sino que es a favor de la redenci\u00f3n de la base del PLD.<\/p>\n<\/p>\n<p>Exhort\u00f3 a los peledeistas a mantenerse unidos y manejar con cautelas las emociones de las precandidaturas presidenciales para las lecciones del 2016, ya que las emociones desenfrenadas trae malos resultados perjudicando la unidad partidaria.<\/p>\n<\/p>\n<p>Ratific\u00f3 que los peledeistas que est\u00e1n mal y que se sienten desamparados deben prepararse y unirse para ser decisivos en la escogencia del candidato presidencial de esa organizaci\u00f3n para las elecciones del 2016.<\/p>\n<\/p>\n<p>Expres\u00f3 que durante sus recorridos por el pa\u00eds ha encontrado que en la base del PLD hay un gran malestar y que la mayor\u00eda se siente desamparada por lo que si esta se pone de acuerdo puede decidir quien ser\u00e1 su candidato para el pr\u00f3ximo torneo electoral.<\/p>\n<\/p>\n<p>Dijo que siendo as\u00ed aquellos que han tenido la oportunidad de resolverle a los peledeistas y no lo han hecho podr\u00edan ser aplastados por las bases de esa organizaci\u00f3n.<\/p>\n<\/p>\n<p>Precis\u00f3 que est\u00e1 dispuesto a encabezar el cambio que demanda la base del PLD, ya que m\u00e1s del 70 por ciento de esta se siente desamparada a pesar de los prolongados a\u00f1os que han tenido en el gobierno.<\/p>\n<\/p>\n<p>\u00abEs un error que porque se sientan abandonados no participen en el proceso interno del partido, si no por el contrario ustedes deben unirse y con su voto hacer valer su derecho a decidir sobre el candidato que les conviene\u00bb destac\u00f3 el aspirante presidencial.<\/p>\n<\/p>\n<p>Expres\u00f3 que el candidato que resulte de las elecciones internas de esa organizaci\u00f3n y se convierta en presidente debe trabajar para que la base del PLD se sienta en el gobierno d\u00e1ndole facilidades para que mejoren sus condiciones de vida.<\/p>\n<\/p>\n<\/p>\n<\/p>\n<h6> 2014-11-09 16:54:27 <\/h6>\n<p><!--\n<link rel=\"stylesheet\" href=\"css\/bootstrap.min.css\">\n\n\n<ul class=\"pagination\">\n\t    \n\t\n\n<li >\n\t<a href='?page_no=14134'>Previous<\/a>\n\t<\/li>\n\n\n       \n    \n\n<li><a href='?page_no=1'>1<\/a><\/li>\n\n\n\n<li><a href='?page_no=2'>2<\/a><\/li>\n\n\n\n<li><a>...<\/a><\/li>\n\n\n\n<li><a href='?page_no=14133'>14133<\/a><\/li>\n\n\n\n<li><a href='?page_no=14134'>14134<\/a><\/li>\n\n\n\n<li class='active'><a>14135<\/a><\/li>\n\n\n\n<li><a href='?page_no=14136'>14136<\/a><\/li>\n\n\n\n<li><a href='?page_no=14137'>14137<\/a><\/li>\n\n\n\n<li><a>...<\/a><\/li>\n\n\n\n<li><a href='?page_no=36999'>36999<\/a><\/li>\n\n\n\n<li><a href='?page_no=37000'>37000<\/a><\/li>\n\n    \n\t\n\n<li >\n\t<a href='?page_no=14136'>Next<\/a>\n\t<\/li>\n\n\n    \n\n<li><a href='?page_no=37000'>Last &rsaquo;&rsaquo;<\/a><\/li>\n\n<\/ul>\n\n\n--><br \/>\n<\/body><\/p>\n","protected":false},"excerpt":{"rendered":"<p>Santo Dom ingo RD 9 noviembre.- El aspirante a la presidencia por el Partido de la Liberaci\u00f3n Dominicana, Radham\u00e9s Segura abog\u00f3 por un mantenimiento de la paz pol\u00edtica practicando la tolerancia y el respeto al derecho a la participaci\u00f3n de todos en el escenario pol\u00edtico nacional. Rechaz\u00f3 que se utilice la descalificaci\u00f3n a uno u [&hellip;]<\/p>\n","protected":false},"author":3,"featured_media":0,"comment_status":"open","ping_status":"open","sticky":false,"template":"","format":"standard","meta":{"footnotes":""},"categories":[22],"tags":[],"class_list":["post-161651","post","type-post","status-publish","format-standard","hentry","category-politica"],"_links":{"self":[{"href":"https:\/\/diariodominicano.com\/index.php?rest_route=\/wp\/v2\/posts\/161651","targetHints":{"allow":["GET"]}}],"collection":[{"href":"https:\/\/diariodominicano.com\/index.php?rest_route=\/wp\/v2\/posts"}],"about":[{"href":"https:\/\/diariodominicano.com\/index.php?rest_route=\/wp\/v2\/types\/post"}],"author":[{"embeddable":true,"href":"https:\/\/diariodominicano.com\/index.php?rest_route=\/wp\/v2\/users\/3"}],"replies":[{"embeddable":true,"href":"https:\/\/diariodominicano.com\/index.php?rest_route=%2Fwp%2Fv2%2Fcomments&post=161651"}],"version-history":[{"count":0,"href":"https:\/\/diariodominicano.com\/index.php?rest_route=\/wp\/v2\/posts\/161651\/revisions"}],"wp:attachment":[{"href":"https:\/\/diariodominicano.com\/index.php?rest_route=%2Fwp%2Fv2%2Fmedia&parent=161651"}],"wp:term":[{"taxonomy":"category","embeddable":true,"href":"https:\/\/diariodominicano.com\/index.php?rest_route=%2Fwp%2Fv2%2Fcategories&post=161651"},{"taxonomy":"post_tag","embeddable":true,"href":"https:\/\/diariodominicano.com\/index.php?rest_route=%2Fwp%2Fv2%2Ftags&post=161651"}],"curies":[{"name":"wp","href":"https:\/\/api.w.org\/{rel}","templated":true}]}}