{"id":161649,"date":"2014-11-09T17:03:48","date_gmt":"2014-11-09T17:03:48","guid":{"rendered":"http:\/\/diariodominicano.ddns.net\/?p=161649"},"modified":"2014-11-09T17:03:48","modified_gmt":"2014-11-09T17:03:48","slug":"reinaldo-pared-perez-viaja-a-washington","status":"publish","type":"post","link":"https:\/\/diariodominicano.com\/?p=161649","title":{"rendered":"Reinaldo Pared P\u00e9rez  viaja a Washington"},"content":{"rendered":"<p><body><\/p>\n<p><img decoding=\"async\" src=\"img3\/pared 9.jpg\" \/>  <\/p>\n<p>Santo Domingo RD 9 noviembrere  El aspirante presidencial  pelede\u00edsta Reinaldo Pared P\u00e9rez suspendi\u00f3 la visita que har\u00eda este domingo a Santo Domingo Este (SDE), espec\u00edficamente a la Circunscripci\u00f3n 2 de la provincia Santo Domingo, debido a que viajar\u00e1 a Washington, Estados Unidos, donde ser\u00e1 entrevistado por la cadena estadounidense de televisi\u00f3n CNN.<\/p>\n<\/p>\n<p>La oficina de prensa del comando de campa\u00f1a del doctor Pared P\u00e9rez inform\u00f3 que el tambi\u00e9n senador por el Distrito Nacional y secretario general del Partido de la Liberaci\u00f3n Dominicana (PLD) ser\u00e1 preguntado sobre diversos t\u00f3picos de inter\u00e9s nacional e internacional.<\/p>\n<\/p>\n<p>La entrevista ser\u00e1 el pr\u00f3ximo lunes a la 1:00 de la tarde y entre los temas que interesan a CNN y sobre los que entrevistar\u00e1n al aspirante presidencial est\u00e1n el pol\u00e9mico fallo de la Corte Interamericana de los Derechos Humanos (CIDH) contra la Rep\u00fablica Dominicana, las reacciones a la misma, las relaciones dominico-haitianas, entre otros.<\/p>\n<\/p>\n<p>El aspirante presidencial Reinaldo Pared P\u00e9rez aprovechar\u00e1 su viaje a Washington para reunirse con l\u00edderes dominicanos y con importantes e influyentes figuras de la vida pol\u00edtica y empresarial estadounidense.<\/p>\n<\/p>\n<p>El doctor Reinaldo Pared P\u00e9rez regresar\u00e1 el martes a la Rep\u00fablica Dominicana, para continuar con sus actividades proselitistas en procura de lograr la candidatura presidencial del PLD y la Presidencia de la Rep\u00fablica en las elecciones del 2016.<\/p>\n<\/p>\n<\/p>\n<h6> 2014-11-09 17:03:48 <\/h6>\n<p><!--\n<link rel=\"stylesheet\" href=\"css\/bootstrap.min.css\">\n\n\n<ul class=\"pagination\">\n\t    \n\t\n\n<li >\n\t<a href='?page_no=14132'>Previous<\/a>\n\t<\/li>\n\n\n       \n    \n\n<li><a href='?page_no=1'>1<\/a><\/li>\n\n\n\n<li><a href='?page_no=2'>2<\/a><\/li>\n\n\n\n<li><a>...<\/a><\/li>\n\n\n\n<li><a href='?page_no=14131'>14131<\/a><\/li>\n\n\n\n<li><a href='?page_no=14132'>14132<\/a><\/li>\n\n\n\n<li class='active'><a>14133<\/a><\/li>\n\n\n\n<li><a href='?page_no=14134'>14134<\/a><\/li>\n\n\n\n<li><a href='?page_no=14135'>14135<\/a><\/li>\n\n\n\n<li><a>...<\/a><\/li>\n\n\n\n<li><a href='?page_no=36999'>36999<\/a><\/li>\n\n\n\n<li><a href='?page_no=37000'>37000<\/a><\/li>\n\n    \n\t\n\n<li >\n\t<a href='?page_no=14134'>Next<\/a>\n\t<\/li>\n\n\n    \n\n<li><a href='?page_no=37000'>Last &rsaquo;&rsaquo;<\/a><\/li>\n\n<\/ul>\n\n\n--><br \/>\n<\/body><\/p>\n","protected":false},"excerpt":{"rendered":"<p>Santo Domingo RD 9 noviembrere El aspirante presidencial pelede\u00edsta Reinaldo Pared P\u00e9rez suspendi\u00f3 la visita que har\u00eda este domingo a Santo Domingo Este (SDE), espec\u00edficamente a la Circunscripci\u00f3n 2 de la provincia Santo Domingo, debido a que viajar\u00e1 a Washington, Estados Unidos, donde ser\u00e1 entrevistado por la cadena estadounidense de televisi\u00f3n CNN. La oficina de [&hellip;]<\/p>\n","protected":false},"author":3,"featured_media":0,"comment_status":"open","ping_status":"open","sticky":false,"template":"","format":"standard","meta":{"footnotes":""},"categories":[22],"tags":[],"class_list":["post-161649","post","type-post","status-publish","format-standard","hentry","category-politica"],"_links":{"self":[{"href":"https:\/\/diariodominicano.com\/index.php?rest_route=\/wp\/v2\/posts\/161649","targetHints":{"allow":["GET"]}}],"collection":[{"href":"https:\/\/diariodominicano.com\/index.php?rest_route=\/wp\/v2\/posts"}],"about":[{"href":"https:\/\/diariodominicano.com\/index.php?rest_route=\/wp\/v2\/types\/post"}],"author":[{"embeddable":true,"href":"https:\/\/diariodominicano.com\/index.php?rest_route=\/wp\/v2\/users\/3"}],"replies":[{"embeddable":true,"href":"https:\/\/diariodominicano.com\/index.php?rest_route=%2Fwp%2Fv2%2Fcomments&post=161649"}],"version-history":[{"count":0,"href":"https:\/\/diariodominicano.com\/index.php?rest_route=\/wp\/v2\/posts\/161649\/revisions"}],"wp:attachment":[{"href":"https:\/\/diariodominicano.com\/index.php?rest_route=%2Fwp%2Fv2%2Fmedia&parent=161649"}],"wp:term":[{"taxonomy":"category","embeddable":true,"href":"https:\/\/diariodominicano.com\/index.php?rest_route=%2Fwp%2Fv2%2Fcategories&post=161649"},{"taxonomy":"post_tag","embeddable":true,"href":"https:\/\/diariodominicano.com\/index.php?rest_route=%2Fwp%2Fv2%2Ftags&post=161649"}],"curies":[{"name":"wp","href":"https:\/\/api.w.org\/{rel}","templated":true}]}}