{"id":161571,"date":"2014-11-19T21:45:39","date_gmt":"2014-11-19T21:45:39","guid":{"rendered":"http:\/\/diariodominicano.ddns.net\/?p=161571"},"modified":"2014-11-19T21:45:39","modified_gmt":"2014-11-19T21:45:39","slug":"califica-de-patriotico-lucido-y-oportuno-discurso-lf-ante-oea","status":"publish","type":"post","link":"https:\/\/diariodominicano.com\/?p=161571","title":{"rendered":"Califica de \u00abpatri\u00f3tico, l\u00facido y oportuno\u00bb discurso LF ante OEA"},"content":{"rendered":"<p><body><\/p>\n<p><img decoding=\"async\" src=\"img3\/J I Martinez.jpg\" \/>  <\/p>\n<\/p>\n<p><span class=\"text1noticias\">Por Jhonny Trinidad <\/span><\/p>\n<p><span class=\"text1noticias\">jhonnytrinidad@aim.com<\/span><\/p>\n<\/p>\n<p><span class=\"text1noticias\"> <\/span><\/p>\n<p><span class=\"text1noticias\">NUEVA YORK, 19 de noviembre.- El encargado de Educaci\u00f3n Pol\u00edtica del Partido de la Liberaci\u00f3n Dominicana (PLD) en esta ciudad, Juan Isidro Mart\u00ednez, calific\u00f3 de \u00abpatri\u00f3tica, l\u00facida, transparente y creativa\u00bb la exposici\u00f3n del expresidente Leonel Fern\u00e1ndez ante la Organizaci\u00f3n de Estados Americanos (OEA).<\/span><\/p>\n<p><span class=\"text1noticias\">\u00abSe trat\u00f3, adem\u00e1s, de un discurso hist\u00f3rico, oportuno y muy acorde con lo que piensa la mayor\u00eda del pueblo dominicano\u00bb, expres\u00f3.<\/span><\/p>\n<p><span class=\"text1noticias\">Agreg\u00f3 que \u00abFern\u00e1ndez hizo lo que debe hacer cada dominicano, que es defender su soberan\u00eda ante organismos prejuiciados con la Rep\u00fablica Dominicana, como la Corte Interamericana de Derechos Humanos, que injustamente nos han tildado de racistas, apatridas y un sin n\u00famero de infamias que no merecemos, ya que hemos sido el \u00fanico pa\u00eds que ha socorrido a los haitianos en sus momentos de m\u00e1s penurias y calamidades, lo que no han hecho ellos ni ninguno de los que hoy nos acusan de xenofobos\u00bb.<\/span><\/p>\n<p><span class=\"text1noticias\">\u00abUna vez m\u00e1s, el compa\u00f1ero Leonel demostr\u00f3 que es nuestro mejor embajador ante el mundo, y elev\u00f3 a la Rep\u00fablica Dominicana al punto m\u00e1s alto de su historia, con una pieza magistral ante la instituci\u00f3n que encabeza el hostigamiento hacia nuestro pa\u00eds\u00bb, manifest\u00f3.<\/span><\/p>\n<p><span class=\"text1noticias\">Indic\u00f3 que \u00abLeonel habl\u00f3 como un verdadero patriota, y exigi\u00f3 respeto por nuestras leyes y Constituci\u00f3n ante la clara extralimitaci\u00f3n de la Corte Interamericana, que no acaba de entender de una vez y por todas, que tenemos el derecho de determinar quienes son dominicanos\u00bb.<\/span><\/p>\n<p><span class=\"text1noticias\">A\u00f1adi\u00f3 que \u00abla ponencia de nuestro l\u00edder desarticul\u00f3 la conspiraci\u00f3n contra la Rep\u00fablica Dominicana, y fue tan contundente, que logr\u00f3 la ovasi\u00f3n de los m\u00e1s ac\u00e9rrimos detractores de la sentencia del Tribunal Constitucional, que define qui\u00e9n es dominicano y qui\u00e9n no, y hasta de algunos funcionarios haitianos all\u00ed presentes\u00bb.<\/span><\/p>\n<p><span class=\"text1noticias\">En ese sentido, llam\u00f3 a los dominicanos a resaltar sus simbolos y valores patrios y record\u00f3 la prosa de Gast\u00f3n Fernando Deligne: \u00a1Que linda en el tope est\u00e1s, dominicana bandera, qui\u00e9n te viera, qui\u00e9n te viera, m\u00e1s ariba, mucho m\u00e1s!<\/span><\/p>\n<p><span class=\"text1noticias\">Mart\u00ednez habl\u00f3 durante una asamblea \u00abde car\u00e1cter patri\u00f3tico\u00bb, celebrada la noche del martes en el local del PLD, ubicado en el tercer piso del 2005 de la avenida Amsterdan, en el Alto Manhattan.<\/span><\/p>\n<p><span class=\"text1noticias\">La actividad estuvo encabezada, adem\u00e1s, por los dirigentes pelede\u00edstas Gregorio Morrobel, Carlos F\u00e9liz, Gustavo Rodr\u00edguez y Francisco Robles, entre otros.<\/span><\/p>\n<\/p>\n<\/p>\n<h6> 2014-11-19 21:45:39 <\/h6>\n<p><!--\n<link rel=\"stylesheet\" href=\"css\/bootstrap.min.css\">\n\n\n<ul class=\"pagination\">\n\t    \n\t\n\n<li >\n\t<a href='?page_no=14062'>Previous<\/a>\n\t<\/li>\n\n\n       \n    \n\n<li><a href='?page_no=1'>1<\/a><\/li>\n\n\n\n<li><a href='?page_no=2'>2<\/a><\/li>\n\n\n\n<li><a>...<\/a><\/li>\n\n\n\n<li><a href='?page_no=14061'>14061<\/a><\/li>\n\n\n\n<li><a href='?page_no=14062'>14062<\/a><\/li>\n\n\n\n<li class='active'><a>14063<\/a><\/li>\n\n\n\n<li><a href='?page_no=14064'>14064<\/a><\/li>\n\n\n\n<li><a href='?page_no=14065'>14065<\/a><\/li>\n\n\n\n<li><a>...<\/a><\/li>\n\n\n\n<li><a href='?page_no=36999'>36999<\/a><\/li>\n\n\n\n<li><a href='?page_no=37000'>37000<\/a><\/li>\n\n    \n\t\n\n<li >\n\t<a href='?page_no=14064'>Next<\/a>\n\t<\/li>\n\n\n    \n\n<li><a href='?page_no=37000'>Last &rsaquo;&rsaquo;<\/a><\/li>\n\n<\/ul>\n\n\n--><br \/>\n<\/body><\/p>\n","protected":false},"excerpt":{"rendered":"<p>Por Jhonny Trinidad jhonnytrinidad@aim.com NUEVA YORK, 19 de noviembre.- El encargado de Educaci\u00f3n Pol\u00edtica del Partido de la Liberaci\u00f3n Dominicana (PLD) en esta ciudad, Juan Isidro Mart\u00ednez, calific\u00f3 de \u00abpatri\u00f3tica, l\u00facida, transparente y creativa\u00bb la exposici\u00f3n del expresidente Leonel Fern\u00e1ndez ante la Organizaci\u00f3n de Estados Americanos (OEA). \u00abSe trat\u00f3, adem\u00e1s, de un discurso hist\u00f3rico, oportuno [&hellip;]<\/p>\n","protected":false},"author":3,"featured_media":0,"comment_status":"open","ping_status":"open","sticky":false,"template":"","format":"standard","meta":{"footnotes":""},"categories":[22],"tags":[],"class_list":["post-161571","post","type-post","status-publish","format-standard","hentry","category-politica"],"_links":{"self":[{"href":"https:\/\/diariodominicano.com\/index.php?rest_route=\/wp\/v2\/posts\/161571","targetHints":{"allow":["GET"]}}],"collection":[{"href":"https:\/\/diariodominicano.com\/index.php?rest_route=\/wp\/v2\/posts"}],"about":[{"href":"https:\/\/diariodominicano.com\/index.php?rest_route=\/wp\/v2\/types\/post"}],"author":[{"embeddable":true,"href":"https:\/\/diariodominicano.com\/index.php?rest_route=\/wp\/v2\/users\/3"}],"replies":[{"embeddable":true,"href":"https:\/\/diariodominicano.com\/index.php?rest_route=%2Fwp%2Fv2%2Fcomments&post=161571"}],"version-history":[{"count":0,"href":"https:\/\/diariodominicano.com\/index.php?rest_route=\/wp\/v2\/posts\/161571\/revisions"}],"wp:attachment":[{"href":"https:\/\/diariodominicano.com\/index.php?rest_route=%2Fwp%2Fv2%2Fmedia&parent=161571"}],"wp:term":[{"taxonomy":"category","embeddable":true,"href":"https:\/\/diariodominicano.com\/index.php?rest_route=%2Fwp%2Fv2%2Fcategories&post=161571"},{"taxonomy":"post_tag","embeddable":true,"href":"https:\/\/diariodominicano.com\/index.php?rest_route=%2Fwp%2Fv2%2Ftags&post=161571"}],"curies":[{"name":"wp","href":"https:\/\/api.w.org\/{rel}","templated":true}]}}