{"id":161554,"date":"2014-11-22T09:54:32","date_gmt":"2014-11-22T09:54:32","guid":{"rendered":"http:\/\/diariodominicano.ddns.net\/?p=161554"},"modified":"2014-11-22T09:54:32","modified_gmt":"2014-11-22T09:54:32","slug":"bloque-regidores-prd-prm-en-sde-enciende-arbolito-de-navidad","status":"publish","type":"post","link":"https:\/\/diariodominicano.com\/?p=161554","title":{"rendered":"Bloque Regidores PRD-PRM en SDE enciende arbolito de Navidad"},"content":{"rendered":"<p><body><\/p>\n<p><img decoding=\"async\" src=\"img3\/arbolito 22.jpg\" \/>  <\/p>\n<p>Santo Domingo Este RD 22 noviembre.-La vocera del Partido Revolucionario Dominicano (PRD), Fanny Santana,  encendi\u00f3 el \u00e1rbol de la Navidad del Bloque de esa organizaci\u00f3n pol\u00edtica en las instalaciones del palacio del gobierno local, donde exhort\u00f3 a todos los dominicanos a unir voluntades para alcanzar metas y objetivos que contribuyan al bienestar colectivo.<\/p>\n<\/p>\n<p>\u00abHemos querido escoger este d\u00eda para nosotros tambi\u00e9n tener el desvelizamiento de la inclusi\u00f3n de la fotograf\u00eda de quien fue nuestra vocera durante el periodo 2013-2014, nuestra compa\u00f1era Wanda Garc\u00eda\u00bb expuso Santana.<\/p>\n<\/p>\n<p>Record\u00f3 que el pasado a\u00f1o el fenecido regidor Juan Francisco Rojas, inaugur\u00f3 la Galer\u00eda de Voceros, agregando que \u00aben nombre de \u00e9l, en el d\u00eda de hoy estamos incluyendo la foto de nuestra compa\u00f1era Wanda\u00bb.<\/p>\n<\/p>\n<p>Santana agradeci\u00f3 a los invitados por su presencia, al tiempo que felicit\u00f3 a Wanda por el excelente trabajo que desarroll\u00f3 como vocera al frente del Bloque del PRD.<\/p>\n<\/p>\n<p>\u00abIndependientemente de que hoy componemos dos partidos pol\u00edticos, aqu\u00ed dentro somos lo mismo, somos amigos, somos hermanos, nos respetamos y fruto de eso es que este a\u00f1o hicimos la decoraci\u00f3n de este bloque conjuntamente entre ambos el cual compartimos la misma alegr\u00eda\u00bb explic\u00f3.<\/p>\n<\/p>\n<p>La vocera de los Ediles Perrede\u00edstas manifest\u00f3 que aunque este a\u00f1o no pudieron contar con la presencia del fenecido regidor Juan Francisco Rojas, a quien llam\u00f3 cari\u00f1osamente \u00abEl Negro\u00bb, aunque dijo que este se encontraba presente, porque siempre se preocup\u00f3 por su bloque, en tal forma que dos semanas antes de fallecer hab\u00eda pintado parte del mismo.<\/p>\n<\/p>\n<p>Santana explic\u00f3 que las secretarias y empleados del Bloque se inspiraron en lo que es el reciclaje para la decoraci\u00f3n del mismo, utilizando materiales desechables.<\/p>\n<\/p>\n<p>De su lado la regidora Wanda Garc\u00eda del Partido Revolucionario Moderno (PRM), agradeci\u00f3 el gesto de su colega del PRD Fanny Santana, de colocar la foto en la galeria de ex voceros, al tiempo que pidi\u00f3 un aplauso para le fenecido vocero Juan Francisco Rojas.<\/p>\n<\/p>\n<p>\u00abJuan Francisco Rojas, donde quiera que este est\u00e1 al lado del se\u00f1or que es lo m\u00e1s importante y en este momento est\u00e1 con nosotros por lo que pido un aplauso para \u00e9l\u00bb expuso Garc\u00eda.<\/p>\n<\/p>\n<p>A la actividad asistieron funcionarios municipales, entre la que se destacan el alcalde Juan de los Santos, su asistente personal Luis Henr\u00edquez, la presidenta de la Sala Capitular Edita Sandoval, los concejales, Luis Flores, Adriano Rojas, Derlin Castillo, Robert Arias, Elcido D\u00edaz, Rocio Hidalgo, Rigoberto Fern\u00e1ndez, Cesar Fortuna, Victoriana Cortorreal,  Winston B\u00e1ez, Santa Elupina Mendoza y Rita Almonte.<\/p>\n<\/p>\n<p>Entre los integrantes del equipo de decoraci\u00f3n del arbolito que ilumina el bloque se encuentran las secretarias Argentina Heredia, Vielka, Elenny de la Cruz,, as\u00ed como tambi\u00e9n Luis Oscar Beltr\u00e9 y Juan Francisco Pontier.  <\/p>\n<h6> 2014-11-22 09:54:32 <\/h6>\n<p><!--\n<link rel=\"stylesheet\" href=\"css\/bootstrap.min.css\">\n\n\n<ul class=\"pagination\">\n\t    \n\t\n\n<li >\n\t<a href='?page_no=14047'>Previous<\/a>\n\t<\/li>\n\n\n       \n    \n\n<li><a href='?page_no=1'>1<\/a><\/li>\n\n\n\n<li><a href='?page_no=2'>2<\/a><\/li>\n\n\n\n<li><a>...<\/a><\/li>\n\n\n\n<li><a href='?page_no=14046'>14046<\/a><\/li>\n\n\n\n<li><a href='?page_no=14047'>14047<\/a><\/li>\n\n\n\n<li class='active'><a>14048<\/a><\/li>\n\n\n\n<li><a href='?page_no=14049'>14049<\/a><\/li>\n\n\n\n<li><a href='?page_no=14050'>14050<\/a><\/li>\n\n\n\n<li><a>...<\/a><\/li>\n\n\n\n<li><a href='?page_no=36999'>36999<\/a><\/li>\n\n\n\n<li><a href='?page_no=37000'>37000<\/a><\/li>\n\n    \n\t\n\n<li >\n\t<a href='?page_no=14049'>Next<\/a>\n\t<\/li>\n\n\n    \n\n<li><a href='?page_no=37000'>Last &rsaquo;&rsaquo;<\/a><\/li>\n\n<\/ul>\n\n\n--><br \/>\n<\/body><\/p>\n","protected":false},"excerpt":{"rendered":"<p>Santo Domingo Este RD 22 noviembre.-La vocera del Partido Revolucionario Dominicano (PRD), Fanny Santana, encendi\u00f3 el \u00e1rbol de la Navidad del Bloque de esa organizaci\u00f3n pol\u00edtica en las instalaciones del palacio del gobierno local, donde exhort\u00f3 a todos los dominicanos a unir voluntades para alcanzar metas y objetivos que contribuyan al bienestar colectivo. \u00abHemos querido [&hellip;]<\/p>\n","protected":false},"author":3,"featured_media":0,"comment_status":"open","ping_status":"open","sticky":false,"template":"","format":"standard","meta":{"footnotes":""},"categories":[22],"tags":[],"class_list":["post-161554","post","type-post","status-publish","format-standard","hentry","category-politica"],"_links":{"self":[{"href":"https:\/\/diariodominicano.com\/index.php?rest_route=\/wp\/v2\/posts\/161554","targetHints":{"allow":["GET"]}}],"collection":[{"href":"https:\/\/diariodominicano.com\/index.php?rest_route=\/wp\/v2\/posts"}],"about":[{"href":"https:\/\/diariodominicano.com\/index.php?rest_route=\/wp\/v2\/types\/post"}],"author":[{"embeddable":true,"href":"https:\/\/diariodominicano.com\/index.php?rest_route=\/wp\/v2\/users\/3"}],"replies":[{"embeddable":true,"href":"https:\/\/diariodominicano.com\/index.php?rest_route=%2Fwp%2Fv2%2Fcomments&post=161554"}],"version-history":[{"count":0,"href":"https:\/\/diariodominicano.com\/index.php?rest_route=\/wp\/v2\/posts\/161554\/revisions"}],"wp:attachment":[{"href":"https:\/\/diariodominicano.com\/index.php?rest_route=%2Fwp%2Fv2%2Fmedia&parent=161554"}],"wp:term":[{"taxonomy":"category","embeddable":true,"href":"https:\/\/diariodominicano.com\/index.php?rest_route=%2Fwp%2Fv2%2Fcategories&post=161554"},{"taxonomy":"post_tag","embeddable":true,"href":"https:\/\/diariodominicano.com\/index.php?rest_route=%2Fwp%2Fv2%2Ftags&post=161554"}],"curies":[{"name":"wp","href":"https:\/\/api.w.org\/{rel}","templated":true}]}}