{"id":161503,"date":"2014-11-26T15:16:24","date_gmt":"2014-11-26T15:16:24","guid":{"rendered":"http:\/\/diariodominicano.ddns.net\/?p=161503"},"modified":"2014-11-26T15:16:24","modified_gmt":"2014-11-26T15:16:24","slug":"cree-decidir-modificacion-constitucional-ahora-podria-ser-traumatico-para-el-pais","status":"publish","type":"post","link":"https:\/\/diariodominicano.com\/?p=161503","title":{"rendered":"&#13;Cree decidir modificaci\u00f3n constitucional ahora podr\u00eda ser traum\u00e1tico para el pa\u00eds"},"content":{"rendered":"<p><body><\/p>\n<p><img decoding=\"async\" src=\"img3\/pared.jpg\" \/>  <\/p>\n<p><span class=\"text1noticias\"> Santo Domingo, RD, 26 de noviembre.-El secretario general del PLD sostuvo que la modificaci\u00f3n a la Constituci\u00f3n para permitir la reelecci\u00f3n presidencial debe ser objeto de un debate pensado y m\u00e1s procesado, pero que ahora podr\u00eda ser traum\u00e1tico para el pa\u00eds. Reinaldo Pared P\u00e9rez, advirti\u00f3 el mi\u00e9rcoles  que pudiera ser traum\u00e1tico para el pa\u00eds que en este momento se proceda a reformar la Constituci\u00f3n para modificar el art\u00edculo relativo a la reelecci\u00f3n presidencial.<\/span><\/p>\n<\/p>\n<p><span class=\"text1noticias\">\u00abPudiera ser traum\u00e1tico una reforma (constitucional) para solo cambiar un elemento. Creo que eso debe ser objeto, m\u00e1s adelante, de un debate pensado y m\u00e1s procesado\u00bb. El tambi\u00e9n senador del Distrito Nacional y aspirante a la candidatura presidencial del PLD, adelant\u00f3  que \u00e9l se acoger\u00eda a lo que decida en ese sentido el Comit\u00e9 Pol\u00edtico del partido gobernante. <\/span><\/p>\n<\/p>\n<p><span class=\"text1noticias\">Refiri\u00f3 que desde la  fundaci\u00f3n del PLD se considera al secretario general, como \u00bb el portavoz de las decisiones que adopte su direcci\u00f3n pol\u00edtica\u00bb.<\/span><\/p>\n<\/p>\n<p><span class=\"text1noticias\">Reiter\u00f3 que ante esa normativa \u00e9l ha sido muy cuidadoso antes de emitir un juicio a nombre del PLD que no haya sido aprobado por la direcci\u00f3n partidaria, porque se acoge al orden disciplinario que rige en la organizaci\u00f3n.<\/span><\/p>\n<\/p>\n<p><span class=\"text1noticias\">Los movimientos a favor de la reelecci\u00f3n del presidente Danilo Medina se expresan  en actos p\u00fablicos de los que encabeza el presidente Danilo Medina. <\/span><\/p>\n<\/p>\n<p><span class=\"text1noticias\">Ram\u00f3n Ventura Camejo, y la diputada  Miriam Cabral, entre otros han planteado  que el \u00f3rgano ejecutivo  del PLD discuta la viabilidad de una reforma constitucional que permita la reelecci\u00f3n de Medina.<\/span><\/p>\n<\/p>\n<p><span class=\"text1noticias\">Los que promueven la  idea de reformar la Constituci\u00f3n y el presidente Medina agote otro periodo se basan en los altos niveles de popularidad que tiene el mandatario. <\/span><\/p>\n<\/p>\n<p><strong><span class=\"text1noticias\">El PLD defiende a Fern\u00e1ndez ante cr\u00edticas<\/span><\/strong><\/p>\n<\/p>\n<p><span class=\"text1noticias\">Pared P\u00e9rez tambi\u00e9n neg\u00f3 que el PLD haya dejado solo al expresidente Leonel Fern\u00e1ndez en las denuncias de que ha sido objeto. \u00abEn mi calidad de secretario general siempre he salido en defensa del presidente de nuestro partido\u00bb, dijo. Precis\u00f3 tambi\u00e9n que en inn\u00fameras ocasiones lo ha hecho el Comit\u00e9 Pol\u00edtico de manera colectiva y sus integrantes de manera individual.<\/span><\/p>\n<\/p>\n<p><strong><span class=\"text1noticias\">Se lo dijo a entrevistador<\/span><\/strong><\/p>\n<\/p>\n<p><span class=\"text1noticias\">Advirti\u00f3 que pudiera ser traum\u00e1tico para el pa\u00eds, en los actuales momentos, proceder a reformar la Constituci\u00f3n para modificar solo el articulado relativo a la reelecci\u00f3n del Presidente de la Rep\u00fablica.<\/span><\/p>\n<p><span class=\"text1noticias\"> <\/span><\/p>\n<p><span class=\"text1noticias\">Su consideraci\u00f3n es una respuesta a su interlocutor, Salvador Holgu\u00edn, quien pregunt\u00f3 en su programa de televisi\u00f3n, su parecer sobre las directrices vigentes en la carta magna o inclinarse por el modelo de los Estados Unidos, que establece dos per\u00edodos consecutivos y no m\u00e1s.<\/span><\/p>\n<p><span class=\"text1noticias\"> <\/span><\/p>\n<p><span class=\"text1noticias\">\u00abPudiera ser traum\u00e1tico una reforma (constitucional) para solo cambiar un elemento. Creo que eso debe ser objeto, m\u00e1s adelante, de un debate pensado m\u00e1s procesado\u00bb, contest\u00f3 Pared P\u00e9rez significando que \u00e9l se acoger\u00eda a lo que decida su organismo, que es el Comit\u00e9 Pol\u00edtico.<\/span><\/p>\n<p><span class=\"text1noticias\"> <\/span><\/p>\n<p><span class=\"text1noticias\">En ese orden Reinaldo Pared P\u00e9rez explic\u00f3 que desde la fundaci\u00f3n de esa organizaci\u00f3n se considera al secretario general, como \u00abun portavoz de las decisiones que adopte su direcci\u00f3n pol\u00edtica.<\/span><\/p>\n<p><span class=\"text1noticias\"> <\/span><\/p>\n<p><span class=\"text1noticias\">Reiter\u00f3 que ante esa normativa \u00e9l ha sido muy cuidadoso antes de emitir un juicio a nombre del PLD que no haya sido aprobado por la direcci\u00f3n partidaria, porque se acoge al orden disciplinario que rige en la organizaci\u00f3n.<\/span><\/p>\n<p><span class=\"text1noticias\"> <\/span><\/p>\n<p><span class=\"text1noticias\">Neg\u00f3 que el Partido haya dejado solo al ex presidente de la Rep\u00fablica y Presidente del PLD, Leonel Fern\u00e1ndez, en las denuncias de que ha sido objeto.<\/span><\/p>\n<p><span class=\"text1noticias\"> <\/span><\/p>\n<p><span class=\"text1noticias\">\u00abEn mi calidad de secretario general siempre he salido en defensa del Presidente de nuestro Partido, Leonel Fern\u00e1ndez\u00bb, dijo precisando tambi\u00e9n que en inn\u00fameras ocasiones tambi\u00e9n lo ha hecho el Comit\u00e9 Politice de manera colectiva y sus integrantes de manera individual.<\/span><\/p>\n<p><span class=\"text1noticias\"> <\/span><\/p>\n<p><span class=\"text1noticias\">\u00abLeonel (Fern\u00e1ndez) es el Presidente del Partido y como tal siempre saldremos en su defensa, contest\u00f3 Pared P\u00e9rez.<\/span><\/p>\n<p><span class=\"text1noticias\"> <\/span><\/p>\n<p><span class=\"text1noticias\">PLD en crecimiento<\/span><\/p>\n<p><span class=\"text1noticias\"> <\/span><\/p>\n<p><span class=\"text1noticias\">Reinaldo Pared P\u00e9rez revel\u00f3 que esa organizaci\u00f3n pol\u00edtica registra un interesante crecimiento en la preferencia del electorado dominicano de cara al pr\u00f3ximo torneo electoral.<\/span><\/p>\n<p><span class=\"text1noticias\"> <\/span><\/p>\n<p><span class=\"text1noticias\">Afirm\u00f3 que ese aumento est\u00e1 \u00edntimamente vinculado a la excelente gesti\u00f3n de gobierno que viene ejecutando el presidente Danilo Medina en favor de los sectores m\u00e1s vulnerables. <\/span><\/p>\n<p><span class=\"text1noticias\"> <\/span><\/p>\n<p><span class=\"text1noticias\">Tras ser entrevistado en el programa Hilando Fino, que produce y conduce el periodista Salvador Holgu\u00edn por Teleradio Am\u00e9rica, el doctor Pared P\u00e9rez explic\u00f3 que recientes estudios de preferencia electoral expresan que el Partido de la Liberaci\u00f3n Dominicana experimenta un crecimiento sostenido de hasta un 57% en comparaci\u00f3n con las dem\u00e1s organizaciones pol\u00edticas dominicanas.<\/span><\/p>\n<p><span class=\"text1noticias\"> <\/span><\/p>\n<p><span class=\"text1noticias\">\u00abEse crecimiento se debe a la excelente gesti\u00f3n de gobierno que viene ejecutando el compa\u00f1ero y presidente de la Rep\u00fablica, Danilo Medina\u00bb, puntualiz\u00f3 el tambi\u00e9n secretario general y senador por el Distrito Nacional.<\/span><\/p>\n<p><span class=\"text1noticias\"> <\/span><\/p>\n<p><span class=\"text1noticias\">El doctor Pared P\u00e9rez entiende que se est\u00e1 registrando un fen\u00f3meno interesante, ya que los sondeos evidencian que la organizaci\u00f3n fundada en 1973 por el ex presidente Juan Bosch se mantendr\u00e1 en el poder por un cuarto ejercicio gubernamental de forma consecutiva.<\/span><\/p>\n<p><span class=\"text1noticias\"> <\/span><\/p>\n<p><span class=\"text1noticias\">Asegur\u00f3 que ese fen\u00f3meno es y ser\u00e1 muy dif\u00edcil de repetir y reiter\u00f3 que el presidente Medina \u00abtiene mucho que ver con el crecimiento del partido\u00bb y asegura que de ser escogido como el pr\u00f3ximo candidato presidencial del partido morado continuar\u00e1 las ejecutorias del actual mandatario a favor de los sectores m\u00e1s vulnerables.<\/span><\/p>\n<p><span class=\"text1noticias\"> <\/span><\/p>\n<p><span class=\"text1noticias\">En otro orden, est\u00e1 convencido que ya no hay tiempo para modificar la Constituci\u00f3n de la Rep\u00fablica y establecer nuevamente la reelecci\u00f3n presidencial con la finalidad de buscar un segundo mandato consecutivo del presidente Danilo Medina.<\/span><\/p>\n<p><span class=\"text1noticias\"> <\/span><\/p>\n<p><span class=\"text1noticias\">Record\u00f3 que la eliminaci\u00f3n de la reelecci\u00f3n presidencial fue acordada en el pacto suscrito por el doctor Leonel Fern\u00e1ndez y el ingeniero Miguel Vargas Maldonado, en su condici\u00f3n de presidentes de los partidos de la Liberaci\u00f3n Dominicana y Revolucionario Dominicano, en el a\u00f1o 2009, previo a la reforma constitucional de 2010. \u00abLa eliminaci\u00f3n de la reelecci\u00f3n presidencial fue un gesto del ingeniero Miguel Vargas Maldonado para con su l\u00edder Jos\u00e9 Francisco Pe\u00f1a G\u00f3mez, que siempre se opuso a la reelecci\u00f3n presidencial\u00bb, agreg\u00f3 Pared P\u00e9rez.<\/span><\/p>\n<p><span class=\"text1noticias\"> <\/span><\/p>\n<p><span class=\"text1noticias\">Pared P\u00e9rez dijo que las f\u00e1bricas producen productos nuevos, como \u00e9l, y no de medio uso, refiri\u00e9ndose a la pronunciaci\u00f3n del ex presidente Leonel Fern\u00e1ndez, sobre que el PLD es una f\u00e1brica de presidentes.<\/span><\/p>\n<p><span class=\"text1noticias\"> <\/span><\/p>\n<p><span class=\"text1noticias\">El senador Pared P\u00e9rez expres\u00f3 que el exmandatario Fern\u00e1ndez no ha dicho abiertamente si aspirar\u00e1 a la presidencia en el 2016, pero hizo alusi\u00f3n de que cuando los vientos soplan a favor la marea puede subir.<\/span><\/p>\n<p><span class=\"text1noticias\"> <\/span><\/p>\n<p><span class=\"text1noticias\">Entrevistado por el periodista Salvador Holgu\u00edn en el programa \u00a8Hilando Fino\u00a8 que se transmite de lunes a viernes por Teleradio Am\u00e9rica canal 45, Reinaldo Pared P\u00e9rez indic\u00f3 que seg\u00fan lo apreciado en sus actividades est\u00e1 en condiciones de competir con todos los dem\u00e1s precandidatos y derrotarlos.<\/span><\/p>\n<p><span class=\"text1noticias\"> <\/span><\/p>\n<p><span class=\"text1noticias\">Al ser cuestionado con relaci\u00f3n a si un Secretario General de un partido puede vencer al Presidente de la misma organizaci\u00f3n, el dirigente manifest\u00f3 que siempre hay una primera vez.<\/span><\/p>\n<p><span class=\"text1noticias\"> <\/span><\/p>\n<p><span class=\"text1noticias\">El precandidato expres\u00f3 que con el \u00fanico que no competir\u00eda es con el presidente Danilo Medina, puesto que este no tiene competencia alguna a lo interno del PLD.<\/span><\/p>\n<p><span class=\"text1noticias\"> <\/span><\/p>\n<p><span class=\"text1noticias\">Sustento de su proyecto<\/span><\/p>\n<p><span class=\"text1noticias\"> <\/span><\/p>\n<p><span class=\"text1noticias\">Pared P\u00e9rez se\u00f1al\u00f3 que su proyecto presidencial no est\u00e1 sustentado en una plataforma danilista, sin embargo reafirm\u00f3 que si el mandatario decide reelegirse retirar\u00eda su candidatura. <\/span><\/p>\n<p><span class=\"text1noticias\"> <\/span><\/p>\n<p><span class=\"text1noticias\">El senador dijo que es de la confianza tanto de Leonel como de Danilo y que ha recibido estimulo de ambos l\u00edderes, al igual que de compa\u00f1eros de los dos sectores.<\/span><\/p>\n<p><span class=\"text1noticias\"> <\/span><\/p>\n<p><span class=\"text1noticias\">Expres\u00f3 que su candidatura tiene todas las posibilidades de crecer, puesto que cuenta con un alto porcentaje de aceptaci\u00f3n en el PLD y el pa\u00eds, a\u00f1adi\u00f3 que espera que la valoraci\u00f3n siga aumentando.<\/span><\/p>\n<p><span class=\"text1noticias\">Cristina Lizardo \u00abno se ha tirado del barco\u00bb <\/span><\/p>\n<p><span class=\"text1noticias\"> <\/span><\/p>\n<p><span class=\"text1noticias\">Al referirse a la presidenta del Senado Cristina Lizardo, Reinaldo Pared dijo que la senadora no se ha \u00abtirado del barco\u00bb y que conf\u00eda plenamente en ella.<\/span><\/p>\n<p><span class=\"text1noticias\"> <\/span><\/p>\n<p><span class=\"text1noticias\">El senador expres\u00f3 que Lizardo es como una hermana y que se merece estar donde est\u00e1.  <\/span><\/p>\n<p><span class=\"text1noticias\"> <\/span><\/p>\n<p><span class=\"text1noticias\">Recorridos y visitas en San Crist\u00f3bal<\/span><\/p>\n<p><span class=\"text1noticias\"> <\/span><\/p>\n<p><span class=\"text1noticias\">Tras resaltar la solidez de su pre candidatura presidencial, asegur\u00f3 que en sus recorridos por el interior del pa\u00eds-durante la semana sostiene encuentros en la casa nacional y en su oficina pol\u00edtica-est\u00e1 recibiendo un apoyo sincero de la dirigencia y militancia del partido morado. Este fin de semana su equipo de campa\u00f1a se concentrar\u00e1 en la provincia de San Crist\u00f3bal, actividad que tiene como coordinador al senador Tommy Gal\u00e1n.(HG). <\/span><\/p>\n<h6> 2014-11-26 15:16:24 <\/h6>\n<p><!--\n<link rel=\"stylesheet\" href=\"css\/bootstrap.min.css\">\n\n\n<ul class=\"pagination\">\n\t    \n\t\n\n<li >\n\t<a href='?page_no=14000'>Previous<\/a>\n\t<\/li>\n\n\n       \n    \n\n<li><a href='?page_no=1'>1<\/a><\/li>\n\n\n\n<li><a href='?page_no=2'>2<\/a><\/li>\n\n\n\n<li><a>...<\/a><\/li>\n\n\n\n<li><a href='?page_no=13999'>13999<\/a><\/li>\n\n\n\n<li><a href='?page_no=14000'>14000<\/a><\/li>\n\n\n\n<li class='active'><a>14001<\/a><\/li>\n\n\n\n<li><a href='?page_no=14002'>14002<\/a><\/li>\n\n\n\n<li><a href='?page_no=14003'>14003<\/a><\/li>\n\n\n\n<li><a>...<\/a><\/li>\n\n\n\n<li><a href='?page_no=36999'>36999<\/a><\/li>\n\n\n\n<li><a href='?page_no=37000'>37000<\/a><\/li>\n\n    \n\t\n\n<li >\n\t<a href='?page_no=14002'>Next<\/a>\n\t<\/li>\n\n\n    \n\n<li><a href='?page_no=37000'>Last &rsaquo;&rsaquo;<\/a><\/li>\n\n<\/ul>\n\n\n--><br \/>\n<\/body><\/p>\n","protected":false},"excerpt":{"rendered":"<p>Santo Domingo, RD, 26 de noviembre.-El secretario general del PLD sostuvo que la modificaci\u00f3n a la Constituci\u00f3n para permitir la reelecci\u00f3n presidencial debe ser objeto de un debate pensado y m\u00e1s procesado, pero que ahora podr\u00eda ser traum\u00e1tico para el pa\u00eds. Reinaldo Pared P\u00e9rez, advirti\u00f3 el mi\u00e9rcoles que pudiera ser traum\u00e1tico para el pa\u00eds que [&hellip;]<\/p>\n","protected":false},"author":3,"featured_media":0,"comment_status":"open","ping_status":"open","sticky":false,"template":"","format":"standard","meta":{"footnotes":""},"categories":[22],"tags":[],"class_list":["post-161503","post","type-post","status-publish","format-standard","hentry","category-politica"],"_links":{"self":[{"href":"https:\/\/diariodominicano.com\/index.php?rest_route=\/wp\/v2\/posts\/161503","targetHints":{"allow":["GET"]}}],"collection":[{"href":"https:\/\/diariodominicano.com\/index.php?rest_route=\/wp\/v2\/posts"}],"about":[{"href":"https:\/\/diariodominicano.com\/index.php?rest_route=\/wp\/v2\/types\/post"}],"author":[{"embeddable":true,"href":"https:\/\/diariodominicano.com\/index.php?rest_route=\/wp\/v2\/users\/3"}],"replies":[{"embeddable":true,"href":"https:\/\/diariodominicano.com\/index.php?rest_route=%2Fwp%2Fv2%2Fcomments&post=161503"}],"version-history":[{"count":0,"href":"https:\/\/diariodominicano.com\/index.php?rest_route=\/wp\/v2\/posts\/161503\/revisions"}],"wp:attachment":[{"href":"https:\/\/diariodominicano.com\/index.php?rest_route=%2Fwp%2Fv2%2Fmedia&parent=161503"}],"wp:term":[{"taxonomy":"category","embeddable":true,"href":"https:\/\/diariodominicano.com\/index.php?rest_route=%2Fwp%2Fv2%2Fcategories&post=161503"},{"taxonomy":"post_tag","embeddable":true,"href":"https:\/\/diariodominicano.com\/index.php?rest_route=%2Fwp%2Fv2%2Ftags&post=161503"}],"curies":[{"name":"wp","href":"https:\/\/api.w.org\/{rel}","templated":true}]}}