{"id":161499,"date":"2020-11-24T14:56:19","date_gmt":"2020-11-24T14:56:19","guid":{"rendered":"http:\/\/diariodominicano.ddns.net\/?p=161499"},"modified":"2020-11-24T14:56:19","modified_gmt":"2020-11-24T14:56:19","slug":"comision-pld-visita-la-jce-le-dara-apoyo-a-su-ix-congreso","status":"publish","type":"post","link":"https:\/\/diariodominicano.com\/?p=161499","title":{"rendered":"Comisi\u00f3n PLD visita la JCE, le dar\u00e1 apoyo a su IX Congreso"},"content":{"rendered":"<p><body><\/p>\n<p><img decoding=\"async\" src=\"img3\/JCE24-Nov-20.jpg\" \/>  <\/p>\n<p><span class=\"text1noticias\">diariodominicano.com<\/span><\/p>\n<p><span class=\"text1noticias\"> <\/span><\/p>\n<p><span class=\"text1noticias\">Santo Domingo, R. D., 24 de noviembre, 2020.- Una Comisi\u00f3n del Partido de la Liberaci\u00f3n Dominicana (PLD) visit\u00f3 al Pleno de la Junta Central Electoral (JCE), encabezado por su presidente, magistrado Rom\u00e1n J\u00e1quez Liranzo, para solicitar el apoyo de esta Instituci\u00f3n, en la realizaci\u00f3n de su \u00abIX Congreso Jos\u00e9 Joaqu\u00edn Bid\u00f3 Medina\u00bb, as\u00ed como la elecci\u00f3n de nuevos miembros de su Comit\u00e9 Central en febrero del pr\u00f3ximo a\u00f1o.<\/span><\/p>\n<p><span class=\"text1noticias\"> <\/span><\/p>\n<p><span class=\"text1noticias\">Tras ser recibido por las autoridades del \u00f3rgano electoral, el dirigente del PLD y miembro de la Comisi\u00f3n Organizadora del c\u00f3nclave, Danilo D\u00edaz, asegur\u00f3 que \u00abla colaboraci\u00f3n de la JCE y el apoyo log\u00edstico a este tipo de proceso, que implica el involucramiento de centenares de personas, en un escenario con un gran desaf\u00edo, siempre ser\u00e1 oportuna y agradecemos su receptividad\u00bb, explic\u00f3 D\u00edaz, al conversar con los medios de comunicaciones presentes.<\/span><\/p>\n<p><span class=\"text1noticias\"> <\/span><\/p>\n<p><span class=\"text1noticias\">De su lado, el Presidente del \u00f3rgano electoral, Rom\u00e1n J\u00e1quez Liranzo, agradeci\u00f3 la visita de los comisionados y asegur\u00f3 que la instituci\u00f3n brindar\u00e1 todo su apoyo a la actividad.<\/span><\/p>\n<p><span class=\"text1noticias\"> <\/span><\/p>\n<p><span class=\"text1noticias\">\u00abLa Junta Central Electoral se ha comprometido como siempre a colaborar con los partidos en apoyo log\u00edstico y electoral desde las direcciones de Inspector\u00eda, Inform\u00e1tica y Elecciones, para dar al apoyo necesario y que la democracia interna de los partidos se siga fortaleciendo y con ella la democracia en s\u00ed misma\u00bb, sostuvo J\u00e1quez Liranzo.<\/span><\/p>\n<p><span class=\"text1noticias\"> <\/span><\/p>\n<p><span class=\"text1noticias\">En tanto, el miembro del Comit\u00e9 Pol\u00edtico del PLD e integrante de la Comisi\u00f3n Organizadora del Congreso, Andr\u00e9s Navarro, afirm\u00f3 que este primer paso que est\u00e1 dando el PLD al visitar la JCE, es un reconocimiento institucional   y las competencias legales que este Pleno tiene, en su condici\u00f3n de \u00e1rbitro de los procesos electorales y la relaci\u00f3n con los partidos pol\u00edticos reconocidos.<\/span><\/p>\n<p><span class=\"text1noticias\"> <\/span><\/p>\n<p><span class=\"text1noticias\">J\u00e1quez Liranzo estuvo acompa\u00f1ado de los miembros titulares del Pleno Rafael Armando Vallejo Santelises, Dolores Fern\u00e1ndez S\u00e1nchez, Patricia Lorenzo Paniagua y Samir Chami Isa.<\/span><\/p>\n<p><span class=\"text1noticias\"> <\/span><\/p>\n<p><span class=\"text1noticias\">Fuente: Direcci\u00f3n de Comunicaciones<\/span><\/p>\n<p><span class=\"text1noticias\">24 de noviembre <\/span>de 2020<\/p>\n<h6> 2020-11-24 14:56:19 <\/h6>\n<p><!--\n<link rel=\"stylesheet\" href=\"css\/bootstrap.min.css\">\n\n\n<ul class=\"pagination\">\n\t    \n\t\n\n<li >\n\t<a href='?page_no=13'>Previous<\/a>\n\t<\/li>\n\n\n       \n    \n\n<li><a href='?page_no=1'>1<\/a><\/li>\n\n\n\n<li><a href='?page_no=2'>2<\/a><\/li>\n\n\n\n<li><a>...<\/a><\/li>\n\n\n\n<li><a href='?page_no=12'>12<\/a><\/li>\n\n\n\n<li><a href='?page_no=13'>13<\/a><\/li>\n\n\n\n<li class='active'><a>14<\/a><\/li>\n\n\n\n<li><a href='?page_no=15'>15<\/a><\/li>\n\n\n\n<li><a href='?page_no=16'>16<\/a><\/li>\n\n\n\n<li><a>...<\/a><\/li>\n\n\n\n<li><a href='?page_no=36999'>36999<\/a><\/li>\n\n\n\n<li><a href='?page_no=37000'>37000<\/a><\/li>\n\n    \n\t\n\n<li >\n\t<a href='?page_no=15'>Next<\/a>\n\t<\/li>\n\n\n    \n\n<li><a href='?page_no=37000'>Last &rsaquo;&rsaquo;<\/a><\/li>\n\n<\/ul>\n\n\n--><br \/>\n<\/body><\/p>\n","protected":false},"excerpt":{"rendered":"<p>diariodominicano.com Santo Domingo, R. D., 24 de noviembre, 2020.- Una Comisi\u00f3n del Partido de la Liberaci\u00f3n Dominicana (PLD) visit\u00f3 al Pleno de la Junta Central Electoral (JCE), encabezado por su presidente, magistrado Rom\u00e1n J\u00e1quez Liranzo, para solicitar el apoyo de esta Instituci\u00f3n, en la realizaci\u00f3n de su \u00abIX Congreso Jos\u00e9 Joaqu\u00edn Bid\u00f3 Medina\u00bb, as\u00ed como [&hellip;]<\/p>\n","protected":false},"author":3,"featured_media":0,"comment_status":"open","ping_status":"open","sticky":false,"template":"","format":"standard","meta":{"footnotes":""},"categories":[22],"tags":[],"class_list":["post-161499","post","type-post","status-publish","format-standard","hentry","category-politica"],"_links":{"self":[{"href":"https:\/\/diariodominicano.com\/index.php?rest_route=\/wp\/v2\/posts\/161499","targetHints":{"allow":["GET"]}}],"collection":[{"href":"https:\/\/diariodominicano.com\/index.php?rest_route=\/wp\/v2\/posts"}],"about":[{"href":"https:\/\/diariodominicano.com\/index.php?rest_route=\/wp\/v2\/types\/post"}],"author":[{"embeddable":true,"href":"https:\/\/diariodominicano.com\/index.php?rest_route=\/wp\/v2\/users\/3"}],"replies":[{"embeddable":true,"href":"https:\/\/diariodominicano.com\/index.php?rest_route=%2Fwp%2Fv2%2Fcomments&post=161499"}],"version-history":[{"count":0,"href":"https:\/\/diariodominicano.com\/index.php?rest_route=\/wp\/v2\/posts\/161499\/revisions"}],"wp:attachment":[{"href":"https:\/\/diariodominicano.com\/index.php?rest_route=%2Fwp%2Fv2%2Fmedia&parent=161499"}],"wp:term":[{"taxonomy":"category","embeddable":true,"href":"https:\/\/diariodominicano.com\/index.php?rest_route=%2Fwp%2Fv2%2Fcategories&post=161499"},{"taxonomy":"post_tag","embeddable":true,"href":"https:\/\/diariodominicano.com\/index.php?rest_route=%2Fwp%2Fv2%2Ftags&post=161499"}],"curies":[{"name":"wp","href":"https:\/\/api.w.org\/{rel}","templated":true}]}}