{"id":160388,"date":"2020-11-25T10:47:08","date_gmt":"2020-11-25T10:47:08","guid":{"rendered":"http:\/\/diariodominicano.ddns.net\/?p=160388"},"modified":"2020-11-25T10:47:08","modified_gmt":"2020-11-25T10:47:08","slug":"dictaran-conferencia-sobre-los-retos-de-la-comunicacion-en-tiempos-de-democracia","status":"publish","type":"post","link":"https:\/\/diariodominicano.com\/?p=160388","title":{"rendered":"Dictar\u00e1n conferencia sobre los retos de la comunicaci\u00f3n en tiempos de democracia"},"content":{"rendered":"<p><body><\/p>\n<p><img decoding=\"async\" src=\"img3\/servio00.jpg\" \/>  <\/p>\n<p><strong>Diariodominicano.com<\/strong><\/p>\n<p><strong>Dictar\u00e1n conferencia sobre los retos de la comunicaci\u00f3n en tiempos de democracia<\/strong><\/p>\n<p><strong>Evento ser\u00e1 auspiciado por el Observatorio Comunicaci\u00f3n y Democracia (OCD)<\/strong><\/p>\n<p><strong>Santo  Domingo, RD.- <\/strong>El Observatorio Comunicaci\u00f3n y Democracia (OCD) auspiciar\u00e1 la conferencia \u00abLos retos de la comunicaci\u00f3n en tiempos de democracia\u00bb, que dictar\u00e1 el jurista Servio Tulio Casta\u00f1os Guzm\u00e1n, vicepresidente ejecutivo de la Fundaci\u00f3n Institucionalidad y Justicia (FINJUS).<\/p>\n<\/p>\n<p>Dicha conferencia est\u00e1 dirigida a profesionales de las diferentes ramas del saber, as\u00ed como a representantes de los diversos sectores de la sociedad. La misma se realizar\u00e1 el pr\u00f3ximo viernes 27 de noviembre a las 4:00 de la tarde, en el auditorio Sergio Castillo de la UASD Centro Hig\u00fcey.<\/p>\n<\/p>\n<p>El Observatorio Comunicaci\u00f3n y Democracia (ODC), es el primer \u00f3rgano de la Rep\u00fablica Dominicana creado para desarrollar estudios sociales, referentes a los contenidos noticiosos publicados en los medios de comunicaci\u00f3n y redes sociales, a los fines de contribuir al fortalecimiento democr\u00e1tico e institucional de la regi\u00f3n.<\/p>\n<\/p>\n<p>Al enarbolar valores como libertad, equidad, conocimiento y respeto, el OCD trabajar\u00e1 importantes investigaciones de car\u00e1cter social, tendentes a propiciar pr\u00e1cticas de valor que garanticen mejores contenidos noticiosos en los medios de comunicaci\u00f3n.<\/p>\n<\/p>\n<p>Esta nueva entidad, sin fines de lucro, apuesta por el aumento considerable de contenidos de valor en los medios de comunicaci\u00f3n y redes sociales, que coadyuven a un fortalecimiento institucional y democr\u00e1tico en las sociedades del \u00e1rea.<\/p>\n<\/p>\n<p>&#8212;<\/p>\n<p>Adelaida Mart\u00ednez<\/p>\n<p>Period\u00edsta<\/p>\n<h6> 2020-11-25 10:47:08 <\/h6>\n<p><!--\n<link rel=\"stylesheet\" href=\"css\/bootstrap.min.css\">\n\n\n<ul class=\"pagination\">\n\t    \n\t\n\n<li >\n\t<a href='?page_no=12'>Previous<\/a>\n\t<\/li>\n\n\n       \n    \n\n<li><a href='?page_no=1'>1<\/a><\/li>\n\n\n\n<li><a href='?page_no=2'>2<\/a><\/li>\n\n\n\n<li><a>...<\/a><\/li>\n\n\n\n<li><a href='?page_no=11'>11<\/a><\/li>\n\n\n\n<li><a href='?page_no=12'>12<\/a><\/li>\n\n\n\n<li class='active'><a>13<\/a><\/li>\n\n\n\n<li><a href='?page_no=14'>14<\/a><\/li>\n\n\n\n<li><a href='?page_no=15'>15<\/a><\/li>\n\n\n\n<li><a>...<\/a><\/li>\n\n\n\n<li><a href='?page_no=36999'>36999<\/a><\/li>\n\n\n\n<li><a href='?page_no=37000'>37000<\/a><\/li>\n\n    \n\t\n\n<li >\n\t<a href='?page_no=14'>Next<\/a>\n\t<\/li>\n\n\n    \n\n<li><a href='?page_no=37000'>Last &rsaquo;&rsaquo;<\/a><\/li>\n\n<\/ul>\n\n\n--><br \/>\n<\/body><\/p>\n","protected":false},"excerpt":{"rendered":"<p>Diariodominicano.com Dictar\u00e1n conferencia sobre los retos de la comunicaci\u00f3n en tiempos de democracia Evento ser\u00e1 auspiciado por el Observatorio Comunicaci\u00f3n y Democracia (OCD) Santo Domingo, RD.- El Observatorio Comunicaci\u00f3n y Democracia (OCD) auspiciar\u00e1 la conferencia \u00abLos retos de la comunicaci\u00f3n en tiempos de democracia\u00bb, que dictar\u00e1 el jurista Servio Tulio Casta\u00f1os Guzm\u00e1n, vicepresidente ejecutivo de [&hellip;]<\/p>\n","protected":false},"author":3,"featured_media":0,"comment_status":"open","ping_status":"open","sticky":false,"template":"","format":"standard","meta":{"footnotes":""},"categories":[22],"tags":[],"class_list":["post-160388","post","type-post","status-publish","format-standard","hentry","category-politica"],"_links":{"self":[{"href":"https:\/\/diariodominicano.com\/index.php?rest_route=\/wp\/v2\/posts\/160388","targetHints":{"allow":["GET"]}}],"collection":[{"href":"https:\/\/diariodominicano.com\/index.php?rest_route=\/wp\/v2\/posts"}],"about":[{"href":"https:\/\/diariodominicano.com\/index.php?rest_route=\/wp\/v2\/types\/post"}],"author":[{"embeddable":true,"href":"https:\/\/diariodominicano.com\/index.php?rest_route=\/wp\/v2\/users\/3"}],"replies":[{"embeddable":true,"href":"https:\/\/diariodominicano.com\/index.php?rest_route=%2Fwp%2Fv2%2Fcomments&post=160388"}],"version-history":[{"count":0,"href":"https:\/\/diariodominicano.com\/index.php?rest_route=\/wp\/v2\/posts\/160388\/revisions"}],"wp:attachment":[{"href":"https:\/\/diariodominicano.com\/index.php?rest_route=%2Fwp%2Fv2%2Fmedia&parent=160388"}],"wp:term":[{"taxonomy":"category","embeddable":true,"href":"https:\/\/diariodominicano.com\/index.php?rest_route=%2Fwp%2Fv2%2Fcategories&post=160388"},{"taxonomy":"post_tag","embeddable":true,"href":"https:\/\/diariodominicano.com\/index.php?rest_route=%2Fwp%2Fv2%2Ftags&post=160388"}],"curies":[{"name":"wp","href":"https:\/\/api.w.org\/{rel}","templated":true}]}}