{"id":159277,"date":"2020-11-25T17:09:52","date_gmt":"2020-11-25T17:09:52","guid":{"rendered":"http:\/\/diariodominicano.ddns.net\/?p=159277"},"modified":"2020-11-25T17:09:52","modified_gmt":"2020-11-25T17:09:52","slug":"pleno-de-la-jce-resalta-rechazo-contra-toda-manifestacion-de-violencia-de-genero-en-la-politica","status":"publish","type":"post","link":"https:\/\/diariodominicano.com\/?p=159277","title":{"rendered":"Pleno  de la JCE  resalta rechazo contra toda manifestaci\u00f3n de violencia de g\u00e9nero en la pol\u00edtica"},"content":{"rendered":"<p><body><\/p>\n<p><img decoding=\"async\" src=\"img3\/OfrendaSalcedoJCE25-11-20.jpg\" \/><br \/><img decoding=\"async\" src=\"img3\/Mirabal-Salcedo-24-11-24.jpg\" \/>  <\/p>\n<p><span class=\"text1noticias\">diariodominicano.com<\/span><\/p>\n<p><span class=\"text1noticias\"> <\/span><\/p>\n<p><span class=\"text1noticias\">Santo Domingo, R. D., 25 de noviembre, 2020.- El Pleno de la Junta Central Electoral (JCE), encabezado por su Presidente, Magistrado Rom\u00e1n J\u00e1quez Liranzo, particip\u00f3 este mi\u00e9rcoles 25 de noviembre en los actos realizados en conmemoraci\u00f3n del 60 Aniversario del Asesinato de las Hermanas Mirabal en el Municipio de Salcedo, como parte de las actividades de la Comisi\u00f3n de Pol\u00edticas de Igualdad de G\u00e9nero de la instituci\u00f3n por el D\u00eda Internacional de la No Violencia Contra la Mujer.<\/span><\/p>\n<p><span class=\"text1noticias\"> <\/span><\/p>\n<p><span class=\"text1noticias\">El Magistrado J\u00e1quez Liranzo estuvo acompa\u00f1ado de su se\u00f1ora esposa Karina Concepci\u00f3n de J\u00e1quez; la Magistrada Patricia Lorenzo Paniagua, Miembro Titular y Coordinadora de la Comisi\u00f3n de Pol\u00edticas de Igualdad de G\u00e9nero; y la Magistrada Dolores Fern\u00e1ndez S\u00e1nchez, Miembro Titular. Las autoridades de la JCE estuvieron presentes en la Misa de Recordaci\u00f3n oficiada en la Iglesia San Juan Evangelista del Municipio de Salcedo; en el acto solemne celebrado en el Museo Hermanas Mirabal; la entrega p\u00f3stuma de la Orden al M\u00e9rito de Duarte, S\u00e1nchez y Mella a las Hermanas Mirabal, por parte del Presidente de la Rep\u00fablica, Luis Abinader Corona, a los descendientes de las Hermanas Mirabal; y formaron parte de un recorrido por las instalaciones del Museo Hermanas Mirabal y la Ofrenda Floral realizada en la Extensi\u00f3n del Pante\u00f3n Nacional, Jard\u00edn del Museo Hermanas Mirabal.<\/span><\/p>\n<p><span class=\"text1noticias\"> <\/span><\/p>\n<p><span class=\"text1noticias\">Igualmente, el Pleno de la JCE y su Comisi\u00f3n de Pol\u00edticas de Igualdad de G\u00e9nero, a trav\u00e9s de un comunicado publicado en medios nacionales, aprovech\u00f3 hoy la importante ocasi\u00f3n para reiterar su posici\u00f3n firme en contra de toda manifestaci\u00f3n de violencia, haciendo hincapi\u00e9 en la violencia pol\u00edtica ejercida contra mujeres. Igualmente, reafirm\u00f3 en el mismo el \u00abcompromiso de seguir trabajando por la igualdad de oportunidades y de fomentar la participaci\u00f3n pol\u00edtica de la mujer dominicana\u00bb.<\/span><\/p>\n<p><span class=\"text1noticias\"> <\/span><\/p>\n<p><span class=\"text1noticias\">Direcci\u00f3n de Comun<\/span>icaci\u00f3n <span class=\"text1noticias\">JCE<\/span><\/p>\n<p>25 de noviembre de 2020<\/p>\n<h6> 2020-11-25 17:09:52 <\/h6>\n<p><!--\n<link rel=\"stylesheet\" href=\"css\/bootstrap.min.css\">\n\n\n<ul class=\"pagination\">\n\t    \n\t\n\n<li >\n\t<a href='?page_no=11'>Previous<\/a>\n\t<\/li>\n\n\n       \n    \n\n<li><a href='?page_no=1'>1<\/a><\/li>\n\n\n\n<li><a href='?page_no=2'>2<\/a><\/li>\n\n\n\n<li><a>...<\/a><\/li>\n\n\n\n<li><a href='?page_no=10'>10<\/a><\/li>\n\n\n\n<li><a href='?page_no=11'>11<\/a><\/li>\n\n\n\n<li class='active'><a>12<\/a><\/li>\n\n\n\n<li><a href='?page_no=13'>13<\/a><\/li>\n\n\n\n<li><a href='?page_no=14'>14<\/a><\/li>\n\n\n\n<li><a>...<\/a><\/li>\n\n\n\n<li><a href='?page_no=36999'>36999<\/a><\/li>\n\n\n\n<li><a href='?page_no=37000'>37000<\/a><\/li>\n\n    \n\t\n\n<li >\n\t<a href='?page_no=13'>Next<\/a>\n\t<\/li>\n\n\n    \n\n<li><a href='?page_no=37000'>Last &rsaquo;&rsaquo;<\/a><\/li>\n\n<\/ul>\n\n\n--><br \/>\n<\/body><\/p>\n","protected":false},"excerpt":{"rendered":"<p>diariodominicano.com Santo Domingo, R. D., 25 de noviembre, 2020.- El Pleno de la Junta Central Electoral (JCE), encabezado por su Presidente, Magistrado Rom\u00e1n J\u00e1quez Liranzo, particip\u00f3 este mi\u00e9rcoles 25 de noviembre en los actos realizados en conmemoraci\u00f3n del 60 Aniversario del Asesinato de las Hermanas Mirabal en el Municipio de Salcedo, como parte de las [&hellip;]<\/p>\n","protected":false},"author":3,"featured_media":0,"comment_status":"open","ping_status":"open","sticky":false,"template":"","format":"standard","meta":{"footnotes":""},"categories":[22],"tags":[],"class_list":["post-159277","post","type-post","status-publish","format-standard","hentry","category-politica"],"_links":{"self":[{"href":"https:\/\/diariodominicano.com\/index.php?rest_route=\/wp\/v2\/posts\/159277","targetHints":{"allow":["GET"]}}],"collection":[{"href":"https:\/\/diariodominicano.com\/index.php?rest_route=\/wp\/v2\/posts"}],"about":[{"href":"https:\/\/diariodominicano.com\/index.php?rest_route=\/wp\/v2\/types\/post"}],"author":[{"embeddable":true,"href":"https:\/\/diariodominicano.com\/index.php?rest_route=\/wp\/v2\/users\/3"}],"replies":[{"embeddable":true,"href":"https:\/\/diariodominicano.com\/index.php?rest_route=%2Fwp%2Fv2%2Fcomments&post=159277"}],"version-history":[{"count":0,"href":"https:\/\/diariodominicano.com\/index.php?rest_route=\/wp\/v2\/posts\/159277\/revisions"}],"wp:attachment":[{"href":"https:\/\/diariodominicano.com\/index.php?rest_route=%2Fwp%2Fv2%2Fmedia&parent=159277"}],"wp:term":[{"taxonomy":"category","embeddable":true,"href":"https:\/\/diariodominicano.com\/index.php?rest_route=%2Fwp%2Fv2%2Fcategories&post=159277"},{"taxonomy":"post_tag","embeddable":true,"href":"https:\/\/diariodominicano.com\/index.php?rest_route=%2Fwp%2Fv2%2Ftags&post=159277"}],"curies":[{"name":"wp","href":"https:\/\/api.w.org\/{rel}","templated":true}]}}