{"id":158166,"date":"2020-11-26T11:01:15","date_gmt":"2020-11-26T11:01:15","guid":{"rendered":"http:\/\/diariodominicano.ddns.net\/?p=158166"},"modified":"2020-11-26T11:01:15","modified_gmt":"2020-11-26T11:01:15","slug":"el-prsd-dice-muerte-de-dionisio-soldevila-es-gran-perdida-para-la-ciencia-y-el-sistema-politico-del-pais","status":"publish","type":"post","link":"https:\/\/diariodominicano.com\/?p=158166","title":{"rendered":"El PRSD dice muerte de Dionisio Soldevila es gran p\u00e9rdida para la ciencia y el sistema pol\u00edtico del pa\u00eds"},"content":{"rendered":"<p><body><\/p>\n<p><img decoding=\"async\" src=\"img3\/DionisioSoldevila26-11-20.jpg\" \/>  <\/p>\n<p><span class=\"text1noticias\"> diariodominicano.com<\/span><\/p>\n<\/p>\n<p><span class=\"text1noticias\">Santo Domingo, R. D., 26 de noviembre, 2020.- El Partido Revolucionario Social Dem\u00f3crata (PRSD) lament\u00f3 la muerte del eminente m\u00e9dico y cient\u00edfico, vicepresidente de esa organizaci\u00f3n pol\u00edtica, Dionisio Soldevila. <\/span><\/p>\n<p><span class=\"text1noticias\"> <\/span><\/p>\n<p><span class=\"text1noticias\">El destacado cardi\u00f3logo y profesor universitario muri\u00f3 el pasado martes y sus restos ser\u00e1n velados el pr\u00f3ximo domingo 29 de este mes, en la funeraria Blandino de la avenida Abraham Lincoln, de 9:00 de la ma\u00f1ana a 1:00 de la tarde. <\/span><\/p>\n<p><span class=\"text1noticias\"> <\/span><\/p>\n<p><span class=\"text1noticias\">Juan Est\u00e9vez, secretario general del PRSD, destac\u00f3 las cualidades humanas, cient\u00edficas y pol\u00edticas de Soldevila, quien fue fundado y secretario general en funciones de ese partido. <\/span><\/p>\n<p><span class=\"text1noticias\"> <\/span><\/p>\n<p><span class=\"text1noticias\">\u00abHemos perdido un gran profesional y dirigente pol\u00edtico que siempre estuvo de lado de los mejores intereses del pa\u00eds\u00bb, manifest\u00f3 Est\u00e9vez, en un comunicado de prensa. <\/span><\/p>\n<p><span class=\"text1noticias\"> <\/span><\/p>\n<p><span class=\"text1noticias\">Est\u00e9vez resalt\u00f3 los aportes de Soldevila a la medicina y a la lucha por las reivindicaciones de los galenos dominicanos desde la presidencial del Colegio M\u00e9dico Dominicano (CMD).  <\/span><\/p>\n<p><span class=\"text1noticias\"> <\/span><\/p>\n<p><span class=\"text1noticias\"> Asimismo, se le atribuye el descubrimiento del tr\u00edceps y el Tend\u00f3n de Soldevila. <\/span><\/p>\n<p><span class=\"text1noticias\"> <\/span><\/p>\n<p><span class=\"text1noticias\">En sus investigaciones encontr\u00f3 que en los gl\u00fateos no hay tres m\u00fasculos sino uno, hecho que reduce el n\u00famero de m\u00fasculos en el cuerpo de 512 a 509, y que el tend\u00f3n extensor de los dedos de los pies se divide en cuatro tendones, no en cinco como se cre\u00eda. <\/span><\/p>\n<p><span class=\"text1noticias\"> <\/span><\/p>\n<p><span class=\"text1noticias\">En febrero del 2006 present\u00f3 sus descubrimientos ante el Instituto de Anatom\u00eda de la facultad de medicina de la Universidad Ren\u00e9 Descartes de Par\u00eds. <\/span><\/p>\n<p><span class=\"text1noticias\"> <\/span><\/p>\n<p><span class=\"text1noticias\">Fuente: Pilar moreno<\/span><\/p>\n<p><span class=\"text1noticias\">DIRECCION DE COMUNICACIONES  <\/span><\/p>\n<p><span class=\"text1noticias\">26 DE NOVIEMB<\/span>RE DE 2020 <\/p>\n<h6> 2020-11-26 11:01:15 <\/h6>\n<p><!--\n<link rel=\"stylesheet\" href=\"css\/bootstrap.min.css\">\n\n\n<ul class=\"pagination\">\n\t    \n\t\n\n<li >\n\t<a href='?page_no=10'>Previous<\/a>\n\t<\/li>\n\n\n       \n    \n\n<li><a href='?page_no=1'>1<\/a><\/li>\n\n\n\n<li><a href='?page_no=2'>2<\/a><\/li>\n\n\n\n<li><a>...<\/a><\/li>\n\n\n\n<li><a href='?page_no=9'>9<\/a><\/li>\n\n\n\n<li><a href='?page_no=10'>10<\/a><\/li>\n\n\n\n<li class='active'><a>11<\/a><\/li>\n\n\n\n<li><a href='?page_no=12'>12<\/a><\/li>\n\n\n\n<li><a href='?page_no=13'>13<\/a><\/li>\n\n\n\n<li><a>...<\/a><\/li>\n\n\n\n<li><a href='?page_no=36999'>36999<\/a><\/li>\n\n\n\n<li><a href='?page_no=37000'>37000<\/a><\/li>\n\n    \n\t\n\n<li >\n\t<a href='?page_no=12'>Next<\/a>\n\t<\/li>\n\n\n    \n\n<li><a href='?page_no=37000'>Last &rsaquo;&rsaquo;<\/a><\/li>\n\n<\/ul>\n\n\n--><br \/>\n<\/body><\/p>\n","protected":false},"excerpt":{"rendered":"<p>diariodominicano.com Santo Domingo, R. D., 26 de noviembre, 2020.- El Partido Revolucionario Social Dem\u00f3crata (PRSD) lament\u00f3 la muerte del eminente m\u00e9dico y cient\u00edfico, vicepresidente de esa organizaci\u00f3n pol\u00edtica, Dionisio Soldevila. El destacado cardi\u00f3logo y profesor universitario muri\u00f3 el pasado martes y sus restos ser\u00e1n velados el pr\u00f3ximo domingo 29 de este mes, en la funeraria [&hellip;]<\/p>\n","protected":false},"author":3,"featured_media":0,"comment_status":"open","ping_status":"open","sticky":false,"template":"","format":"standard","meta":{"footnotes":""},"categories":[22],"tags":[],"class_list":["post-158166","post","type-post","status-publish","format-standard","hentry","category-politica"],"_links":{"self":[{"href":"https:\/\/diariodominicano.com\/index.php?rest_route=\/wp\/v2\/posts\/158166","targetHints":{"allow":["GET"]}}],"collection":[{"href":"https:\/\/diariodominicano.com\/index.php?rest_route=\/wp\/v2\/posts"}],"about":[{"href":"https:\/\/diariodominicano.com\/index.php?rest_route=\/wp\/v2\/types\/post"}],"author":[{"embeddable":true,"href":"https:\/\/diariodominicano.com\/index.php?rest_route=\/wp\/v2\/users\/3"}],"replies":[{"embeddable":true,"href":"https:\/\/diariodominicano.com\/index.php?rest_route=%2Fwp%2Fv2%2Fcomments&post=158166"}],"version-history":[{"count":0,"href":"https:\/\/diariodominicano.com\/index.php?rest_route=\/wp\/v2\/posts\/158166\/revisions"}],"wp:attachment":[{"href":"https:\/\/diariodominicano.com\/index.php?rest_route=%2Fwp%2Fv2%2Fmedia&parent=158166"}],"wp:term":[{"taxonomy":"category","embeddable":true,"href":"https:\/\/diariodominicano.com\/index.php?rest_route=%2Fwp%2Fv2%2Fcategories&post=158166"},{"taxonomy":"post_tag","embeddable":true,"href":"https:\/\/diariodominicano.com\/index.php?rest_route=%2Fwp%2Fv2%2Ftags&post=158166"}],"curies":[{"name":"wp","href":"https:\/\/api.w.org\/{rel}","templated":true}]}}